{"id":17341,"date":"2014-02-04T18:21:45","date_gmt":"2014-02-04T18:21:45","guid":{"rendered":"http:\/\/www.marianagurza.ro\/blog\/?p=17341"},"modified":"2014-02-04T18:28:35","modified_gmt":"2014-02-04T18:28:35","slug":"cornel-c-costea-suflet-sihastru-in-memoriam-i-p-s-s-bartolomeu-anania","status":"publish","type":"post","link":"https:\/\/www.marianagurza.ro\/blog\/2014\/02\/04\/cornel-c-costea-suflet-sihastru-in-memoriam-i-p-s-s-bartolomeu-anania\/","title":{"rendered":"Cornel C. Costea: Suflet sihastru &#8211; In Memoriam \u00ce.P.S.S. Bartolomeu Anania"},"content":{"rendered":"<div>\n<div>\n<p style=\"text-align: center;\"><a href=\"http:\/\/www.marianagurza.ro\/blog\/wp-content\/uploads\/2014\/02\/Bartolomeu-Anania.jpg\"><img loading=\"lazy\" decoding=\"async\" class=\"size-medium wp-image-17342\" title=\"Bartolomeu-Anania\" src=\"http:\/\/www.marianagurza.ro\/blog\/wp-content\/uploads\/2014\/02\/Bartolomeu-Anania-300x263.jpg\" alt=\"\" width=\"300\" height=\"263\" srcset=\"https:\/\/www.marianagurza.ro\/blog\/wp-content\/uploads\/2014\/02\/Bartolomeu-Anania-300x263.jpg 300w, https:\/\/www.marianagurza.ro\/blog\/wp-content\/uploads\/2014\/02\/Bartolomeu-Anania.jpg 644w\" sizes=\"auto, (max-width: 300px) 100vw, 300px\" \/><\/a><\/p>\n<p><strong>\u00a0\u00a0\u00a0 SUFLET SIHASTRU<\/strong><\/p>\n<p><em>\u00a0\u00a0\u00a0\u00a0\u00a0\u00a0\u00a0\u00a0\u00a0\u00a0\u00a0\u00a0\u00a0\u00a0\u00a0\u00a0 \u00a0 \u00a0 In Memoriam \u00ce.P.S.S. BARTOLOMEU ANANIA<\/em><\/p>\n<p><strong><em>\u00a0<\/em><\/strong><\/p>\n<p>Suflet sihastru, ce cau\u0163i Lumina,<\/p>\n<p>Te urc\u0103-n tr\u0103sur\u0103, coboar\u0103 cortina,<\/p>\n<p>Te du cu Speran\u0163a c\u0103 vei fi primit<\/p>\n<p>\u00cen Ceruri, de unde, c\u00e2ndva, ai venit.<\/p>\n<p>&nbsp;<\/p>\n<p>Ardealul e-n \u00a0doliu, iar clopote c\u00e2nt\u0103<\/p>\n<p>Din zi p\u00e2n\u0103-n noapte \u00een Casa Ta Sf\u00e2nt\u0103,<\/p>\n<p>Poporu-\u0162i aduce f\u0103clii \u015fi zambile,<\/p>\n<p>\u00cen Cartea-\u0162i de aur adaugi noi file.<\/p>\n<p>&nbsp;<\/p>\n<p>Ai scris, cu Iubire, \u00een sufletul nostru<\/p>\n<p>Poemele P\u0103cii, \u015ftiind care-i rostu\u2019,<\/p>\n<p>Ne-ai dat, zi de zi, \u00eendemn \u015fi pova\u0163\u0103,<\/p>\n<p>Ne-ai \u00a0luat de pe frunte coroana de ghea\u0163\u0103.<\/p>\n<p>&nbsp;<\/p>\n<p>Acum, c\u00e2nd Te pl\u00e2ngem cu to\u0163ii, P\u0103rinte,<\/p>\n<p>\u00ce\u0163i cerem iertare, de azi \u00eenainte<\/p>\n<p>Vom fi mai aproape de Domnul Preasf\u00e2nt<\/p>\n<p>Prin Tine, \u00cenalte, aici, pe P\u0103m\u00e2nt.<\/p>\n<p>&nbsp;<\/p>\n<p>Chiar dac\u0103-n Duminici nu vei mai fi-n altar,<\/p>\n<p>\u00ce\u0163i vom sim\u0163i prezen\u0163a \u00een inimi, al T\u0103u Har<\/p>\n<p>E pentru noi c\u0103rarea ce duce, \u2019colo, sus,<\/p>\n<p>E r\u0103s\u0103rit, e-amiaz\u0103, dar este \u015fi apus.<\/p>\n<p>&nbsp;<\/p>\n<p>S\u0103 fii primit la Domnul, ne vom ruga mereu,<\/p>\n<p>La Cluj, \u00een catedral\u0103, se-aprind lumini de seu,<\/p>\n<p>Cei mul\u0163i, cu inimi bl\u00e2nde,-\u015fi coboar\u0103, azi, privirea<\/p>\n<p>\u00cen timp ce al T\u0103u Suflet atinge M\u00e2ntuirea &#8230;<\/p>\n<p>&nbsp;<\/p>\n<p><strong>Cornel C.Costea<\/strong><\/p>\n<p>Cluj-Napoca, 3-4 februarie 2011<\/p>\n<\/div>\n<\/div>\n","protected":false},"excerpt":{"rendered":"<p>\u00a0\u00a0\u00a0 SUFLET SIHASTRU \u00a0\u00a0\u00a0\u00a0\u00a0\u00a0\u00a0\u00a0\u00a0\u00a0\u00a0\u00a0\u00a0\u00a0\u00a0\u00a0 \u00a0 \u00a0 In Memoriam \u00ce.P.S.S. BARTOLOMEU ANANIA \u00a0 Suflet sihastru, ce cau\u0163i Lumina, Te urc\u0103-n tr\u0103sur\u0103, [&#038;hellip<\/p>\n","protected":false},"author":1,"featured_media":0,"comment_status":"closed","ping_status":"closed","sticky":false,"template":"","format":"standard","meta":{"footnotes":""},"categories":[3],"tags":[],"class_list":["post-17341","post","type-post","status-publish","format-standard","hentry","category-articole"],"_links":{"self":[{"href":"https:\/\/www.marianagurza.ro\/blog\/wp-json\/wp\/v2\/posts\/17341","targetHints":{"allow":["GET"]}}],"collection":[{"href":"https:\/\/www.marianagurza.ro\/blog\/wp-json\/wp\/v2\/posts"}],"about":[{"href":"https:\/\/www.marianagurza.ro\/blog\/wp-json\/wp\/v2\/types\/post"}],"author":[{"embeddable":true,"href":"https:\/\/www.marianagurza.ro\/blog\/wp-json\/wp\/v2\/users\/1"}],"replies":[{"embeddable":true,"href":"https:\/\/www.marianagurza.ro\/blog\/wp-json\/wp\/v2\/comments?post=17341"}],"version-history":[{"count":4,"href":"https:\/\/www.marianagurza.ro\/blog\/wp-json\/wp\/v2\/posts\/17341\/revisions"}],"predecessor-version":[{"id":17344,"href":"https:\/\/www.marianagurza.ro\/blog\/wp-json\/wp\/v2\/posts\/17341\/revisions\/17344"}],"wp:attachment":[{"href":"https:\/\/www.marianagurza.ro\/blog\/wp-json\/wp\/v2\/media?parent=17341"}],"wp:term":[{"taxonomy":"category","embeddable":true,"href":"https:\/\/www.marianagurza.ro\/blog\/wp-json\/wp\/v2\/categories?post=17341"},{"taxonomy":"post_tag","embeddable":true,"href":"https:\/\/www.marianagurza.ro\/blog\/wp-json\/wp\/v2\/tags?post=17341"}],"curies":[{"name":"wp","href":"https:\/\/api.w.org\/{rel}","templated":true}]}}