{"id":17347,"date":"2014-02-04T18:49:17","date_gmt":"2014-02-04T18:49:17","guid":{"rendered":"http:\/\/www.marianagurza.ro\/blog\/?p=17347"},"modified":"2014-02-04T18:49:17","modified_gmt":"2014-02-04T18:49:17","slug":"valeriu-anania-anotimpuri","status":"publish","type":"post","link":"https:\/\/www.marianagurza.ro\/blog\/2014\/02\/04\/valeriu-anania-anotimpuri\/","title":{"rendered":"Valeriu Anania:  Anotimpuri"},"content":{"rendered":"<p style=\"text-align: center;\"><a href=\"http:\/\/www.marianagurza.ro\/blog\/wp-content\/uploads\/2014\/02\/b-anania.jpg\"><img loading=\"lazy\" decoding=\"async\" class=\"size-medium wp-image-17348\" title=\"b anania\" src=\"http:\/\/www.marianagurza.ro\/blog\/wp-content\/uploads\/2014\/02\/b-anania-300x297.jpg\" alt=\"\" width=\"300\" height=\"297\" srcset=\"https:\/\/www.marianagurza.ro\/blog\/wp-content\/uploads\/2014\/02\/b-anania-300x297.jpg 300w, https:\/\/www.marianagurza.ro\/blog\/wp-content\/uploads\/2014\/02\/b-anania-150x150.jpg 150w, https:\/\/www.marianagurza.ro\/blog\/wp-content\/uploads\/2014\/02\/b-anania.jpg 400w\" sizes=\"auto, (max-width: 300px) 100vw, 300px\" \/><\/a><\/p>\n<p style=\"text-align: center;\">\n<p>&nbsp;<\/p>\n<p><strong>\u00a0\u00a0\u00a0\u00a0\u00a0\u00a0\u00a0\u00a0\u00a0\u00a0\u00a0\u00a0\u00a0\u00a0\u00a0\u00a0\u00a0\u00a0\u00a0 Anotimpuri<\/strong><\/p>\n<p>&nbsp;<\/p>\n<p>Pe-acest morm\u00e2nt &#8211; al cui o fi? &#8211; a nins.<\/p>\n<p>Nu pl\u00e2nge, heruvimul nu s&#8217;a stins.<\/p>\n<p>&nbsp;<\/p>\n<p>Pe-acest morm\u00e2nt a r\u0103s\u0103rit o floare.<\/p>\n<p>Nu pl\u00e2nge, heruvimul n&#8217;o s\u0103 zboare.<\/p>\n<p>&nbsp;<\/p>\n<p>Pe-acest morm\u00e2nt se scutur\u0103 cucut\u0103.<\/p>\n<p>Nu pl\u00e2nge, heruvimul o s\u0103rut\u0103.<\/p>\n<p>&nbsp;<\/p>\n<p>Pe-acest morm\u00e2nt s&#8217;a ve\u015ftejit o frag\u0103.<\/p>\n<p>Nu pl\u00e2nge, heruvimului i-i drag\u0103.<\/p>\n<p>&nbsp;<\/p>\n<p>Pe-acest morm\u00e2nt se c\u00e2nt\u0103 o colind\u0103.<\/p>\n<p>Nu pl\u00e2nge, heruvimul e&#8217;n oglind\u0103.<\/p>\n<p>&nbsp;<\/p>\n<p>Pe-acest morm\u00e2nt nu s&#8217;a&#8217;nt\u00e2mplat nimic.<\/p>\n<p>O lacrim\u0103 se-aprinde&#8217;n cerul mic.<\/p>\n<p>&nbsp;<\/p>\n<p><strong>\u00a0Valeriu Anania<\/strong><\/p>\n<p><em>Din volumul Anamneze, 1984<\/em><\/p>\n","protected":false},"excerpt":{"rendered":"<p>&nbsp; \u00a0\u00a0\u00a0\u00a0\u00a0\u00a0\u00a0\u00a0\u00a0\u00a0\u00a0\u00a0\u00a0\u00a0\u00a0\u00a0\u00a0\u00a0\u00a0 Anotimpuri &nbsp; Pe-acest morm\u00e2nt &#8211; al cui o fi? &#8211; a nins. Nu pl\u00e2nge, heruvimul nu s&#8217;a stins. [&#038;hellip<\/p>\n","protected":false},"author":1,"featured_media":0,"comment_status":"closed","ping_status":"closed","sticky":false,"template":"","format":"standard","meta":{"footnotes":""},"categories":[3],"tags":[],"class_list":["post-17347","post","type-post","status-publish","format-standard","hentry","category-articole"],"_links":{"self":[{"href":"https:\/\/www.marianagurza.ro\/blog\/wp-json\/wp\/v2\/posts\/17347","targetHints":{"allow":["GET"]}}],"collection":[{"href":"https:\/\/www.marianagurza.ro\/blog\/wp-json\/wp\/v2\/posts"}],"about":[{"href":"https:\/\/www.marianagurza.ro\/blog\/wp-json\/wp\/v2\/types\/post"}],"author":[{"embeddable":true,"href":"https:\/\/www.marianagurza.ro\/blog\/wp-json\/wp\/v2\/users\/1"}],"replies":[{"embeddable":true,"href":"https:\/\/www.marianagurza.ro\/blog\/wp-json\/wp\/v2\/comments?post=17347"}],"version-history":[{"count":2,"href":"https:\/\/www.marianagurza.ro\/blog\/wp-json\/wp\/v2\/posts\/17347\/revisions"}],"predecessor-version":[{"id":17350,"href":"https:\/\/www.marianagurza.ro\/blog\/wp-json\/wp\/v2\/posts\/17347\/revisions\/17350"}],"wp:attachment":[{"href":"https:\/\/www.marianagurza.ro\/blog\/wp-json\/wp\/v2\/media?parent=17347"}],"wp:term":[{"taxonomy":"category","embeddable":true,"href":"https:\/\/www.marianagurza.ro\/blog\/wp-json\/wp\/v2\/categories?post=17347"},{"taxonomy":"post_tag","embeddable":true,"href":"https:\/\/www.marianagurza.ro\/blog\/wp-json\/wp\/v2\/tags?post=17347"}],"curies":[{"name":"wp","href":"https:\/\/api.w.org\/{rel}","templated":true}]}}