{"id":17351,"date":"2014-02-05T05:31:01","date_gmt":"2014-02-05T05:31:01","guid":{"rendered":"http:\/\/www.marianagurza.ro\/blog\/?p=17351"},"modified":"2014-02-05T05:31:01","modified_gmt":"2014-02-05T05:31:01","slug":"cornel-c-costea-poezii","status":"publish","type":"post","link":"https:\/\/www.marianagurza.ro\/blog\/2014\/02\/05\/cornel-c-costea-poezii\/","title":{"rendered":"Cornel C. Costea: Poezii"},"content":{"rendered":"<p style=\"text-align: center;\"><a href=\"http:\/\/www.marianagurza.ro\/blog\/wp-content\/uploads\/2014\/02\/costel-costea.jpg\"><img loading=\"lazy\" decoding=\"async\" class=\"size-medium wp-image-17352\" title=\"costel costea\" src=\"http:\/\/www.marianagurza.ro\/blog\/wp-content\/uploads\/2014\/02\/costel-costea-300x225.jpg\" alt=\"\" width=\"300\" height=\"225\" srcset=\"https:\/\/www.marianagurza.ro\/blog\/wp-content\/uploads\/2014\/02\/costel-costea-300x225.jpg 300w, https:\/\/www.marianagurza.ro\/blog\/wp-content\/uploads\/2014\/02\/costel-costea.jpg 604w\" sizes=\"auto, (max-width: 300px) 100vw, 300px\" \/><\/a><\/p>\n<p style=\"text-align: center;\">\n<p><strong><em>R O U A \u00a0S O A R E L U I<\/em><\/strong><\/p>\n<p><strong><em>\u00a0<\/em><\/strong><\/p>\n<p><strong><em>E \u00eenc\u0103 diminea\u0163\u0103, iar soarele \u00eemi scald\u0103,<\/em><\/strong><\/p>\n<p><strong><em>\u00cen roua de lumin\u0103, ferestre ce r\u0103sar<\/em><\/strong><\/p>\n<p><strong><em>Din ale mele g\u00e2nduri \u015fi zboar\u0103 c\u0103tre tine<\/em><\/strong><\/p>\n<p><strong><em>Prieten\u0103 preabun\u0103 cu suflet de cle\u015ftar.<\/em><\/strong><\/p>\n<p><strong><em>\u00a0<\/em><\/strong><\/p>\n<p><strong><em>De\u015fi suntem departe, ne-atingem inefabil<\/em><\/strong><\/p>\n<p><strong><em>Cu valuri de petale ce se revars\u0103-n noi<\/em><\/strong><\/p>\n<p><strong><em>Din r\u00e2uri nev\u0103zute ce \u015ferpuiesc n\u0103valnic<\/em><\/strong><\/p>\n<p><strong><em>Prin mun\u0163i de fericire ce se \u00eenal\u0163\u0103-n doi.<\/em><\/strong><\/p>\n<p><strong><em>\u00a0<\/em><\/strong><\/p>\n<p><strong><em>Sunt sigur c\u0103 de-acum putem privi spre soare<\/em><\/strong><\/p>\n<p><strong><em>\u015ei ne putem plimba prin roua de senin<\/em><\/strong><\/p>\n<p><strong><em>Ce ne vegheaz\u0103-n tain\u0103 \u015ftiind c\u0103 nu-nt\u00e2mplarea<\/em><\/strong><\/p>\n<p><strong><em>F\u0103cut-a s\u0103 te caut pe-acest t\u0103r\u00e2m divin.<\/em><\/strong><\/p>\n<p><strong>\u00a0<\/strong><\/p>\n<p>Cernavod\u0103 Pod, 29 noiembrie 2005<\/p>\n<p>&nbsp;<\/p>\n<p><strong><em>D I M I N E \u0162 I<\/em><\/strong><\/p>\n<p><strong>\u00a0\u00a0\u00a0\u00a0\u00a0\u00a0\u00a0\u00a0\u00a0\u00a0\u00a0\u00a0\u00a0\u00a0\u00a0\u00a0\u00a0\u00a0 Ionelei<\/strong><\/p>\n<p><strong><em>\u00a0<\/em><\/strong><\/p>\n<p><strong><em>De\u015fi e \u00eenc\u0103 toamn\u0103, a iernii sit\u0103 cerne<\/em><\/strong><\/p>\n<p><strong><em>Din \u00een\u0103l\u0163imi sublime, podoabe de pripas<\/em><\/strong><\/p>\n<p><strong><em>Ce \u00ee\u0163i dezmiard\u0103 fruntea la ceasuri de taifas<\/em><\/strong><\/p>\n<p><strong><em>Cu zv\u00e2rcoliri de rou\u0103 ce-n suflet se a\u015fterne.<\/em><\/strong><\/p>\n<p><strong><em>\u00a0<\/em><\/strong><\/p>\n<p><strong><em>De\u015fi nu ne cunoa\u015ftem, ne preumbl\u0103m prin lume<\/em><\/strong><\/p>\n<p><strong><em>Vr\u00e2nd parc\u0103 s\u0103-n\u0163elegem \u00eentregul Univers,<\/em><\/strong><\/p>\n<p><strong><em>\u015ei o privire-n grab\u0103-i mai dulce ca un vers<\/em><\/strong><\/p>\n<p><strong><em>Pe care, cu-nc\u00e2ntare, \u00eel \u00een\u015fir\u0103m pe strune.<\/em><\/strong><\/p>\n<p><strong><em>\u00a0<\/em><\/strong><\/p>\n<p><strong><em>E timpul un c\u00e2ntar ce ne va spune-odat\u0103<\/em><\/strong><\/p>\n<p><strong><em>C-ai no\u015ftri pa\u015fi n-au fost o joac\u0103 de copii,<\/em><\/strong><\/p>\n<p><strong><em>Ci mersul \u00een\u0163elept al unor magici fii<\/em><\/strong><\/p>\n<p><strong><em>Pe care Prea\u00eenaltul \u00eei a\u015ftepta \u00een poart\u0103.<\/em><\/strong><\/p>\n<p><strong><em>\u00a0<\/em><\/strong><\/p>\n<p>Cluj-Napoca, 24 noiembrie 2004<\/p>\n<p>&nbsp;<\/p>\n<p><strong><em>\u00a0\u00a0\u00a0\u00a0\u00a0\u00a0\u00a0\u00a0\u00a0\u00a0\u00a0\u00a0\u00a0\u00a0\u00a0\u00a0\u00a0\u00a0\u00a0\u00a0\u00a0\u00a0\u00a0 P R I V I R I<\/em><\/strong><\/p>\n<p><strong><em>\u00a0<\/em><\/strong><\/p>\n<p><strong><em>Aprinde o lumin\u0103 \u00een negura-nser\u0103rii<\/em><\/strong><\/p>\n<p><strong><em>\u015ei f\u0103-o s\u0103 vegheze al nop\u0163ilor hotar<\/em><\/strong><\/p>\n<p><strong><em>Dezv\u0103luind \u00een cuget misterul fericirii<\/em><\/strong><\/p>\n<p><strong><em>Pe care o tot cau\u0163i, dar pare \u00een zadar.<\/em><\/strong><\/p>\n<p><strong><em>\u00a0<\/em><\/strong><\/p>\n<p><strong><em>Nu te-ntreba acuma ce e aceast\u0103 lume<\/em><\/strong><\/p>\n<p><strong><em>\u015ei pentru ce poeme se scriu \u00een pribegie,<\/em><\/strong><\/p>\n<p><strong><em>\u00centreab\u0103-te, mai bine, de ce sub al t\u0103u nume<\/em><\/strong><\/p>\n<p><strong><em>Se-ascunde-un infinit de doruri \u015fi magie.<\/em><\/strong><\/p>\n<p><strong><em>\u00a0<\/em><\/strong><\/p>\n<p><strong><em>Sunt dorurile vie\u0163ii ce se trezesc \u00een tine<\/em><\/strong><\/p>\n<p><strong><em>\u015ei e magia clipei ce ve\u015fnic\u0103 r\u0103m\u00e2ne,<\/em><\/strong><\/p>\n<p><strong><em>Atunci c\u00e2nd vei cunoa\u015fte c\u0103 totul e \u00een sine<\/em><\/strong><\/p>\n<p><strong><em>\u015ei-e dincolo de spa\u0163iu, dar reg\u0103sit \u015fi-n mine.<\/em><\/strong><\/p>\n<p><strong><em>\u00a0<\/em><\/strong><\/p>\n<p>Cluj-Napoca, 24 mai 2005<\/p>\n<p>&nbsp;<\/p>\n<p><strong><em>\u00a0\u00a0\u00a0\u00a0\u00a0\u00a0\u00a0\u00a0\u00a0\u00a0\u00a0\u00a0\u00a0\u00a0\u00a0\u00a0\u00a0\u00a0\u00a0\u00a0 U I T A R E<\/em><\/strong><\/p>\n<p><strong><em>\u00a0<\/em><\/strong><\/p>\n<p><strong><em>Vei \u00eent\u00e2lni pe altcineva <\/em><\/strong><\/p>\n<p><strong><em>\u015fi m\u0103 vei uita.<\/em><\/strong><\/p>\n<p><strong><em>Vei uita lacrimile, poeziile, privirile.<\/em><\/strong><\/p>\n<p><strong><em>Vei uita clipele de dor, de zbor \u015fi de c\u0103dere.<\/em><\/strong><\/p>\n<p><strong><em>Universul le va p\u0103stra, \u00eens\u0103,<\/em><\/strong><\/p>\n<p><strong><em>pentru totdeauna<\/em><\/strong><\/p>\n<p><strong><em>\u00een memoria lui necuprins\u0103.<\/em><\/strong><\/p>\n<p><strong><em>\u00a0<\/em><\/strong><\/p>\n<p>Cluj-Napoca, 11 august 2006<\/p>\n<p>&nbsp;<\/p>\n<p><strong><em>\u00a0\u00a0\u00a0\u00a0\u00a0\u00a0\u00a0\u00a0\u00a0\u00a0\u00a0\u00a0\u00a0\u00a0\u00a0\u00a0\u00a0\u00a0\u00a0\u00a0\u00a0\u00a0\u00a0\u00a0\u00a0\u00a0\u00a0 \u00ce N T \u00c2 L N I R E<\/em><\/strong><\/p>\n<p><strong><em>\u00a0<\/em><\/strong><\/p>\n<p><strong><em>Privirile trec dincolo de hotarul \u00eentunericului<\/em><\/strong><\/p>\n<p><strong><em>\u015fi deschid o poart\u0103 spre lumin\u0103 &#8230;<\/em><\/strong><\/p>\n<p><strong><em>E lumina inimilor noastre<\/em><\/strong><\/p>\n<p><strong><em>ce bat, \u00een t\u0103cere, \u00een acela\u015fi ritm.<\/em><\/strong><\/p>\n<p><strong><em>\u00a0<\/em><\/strong><\/p>\n<p><strong><em>De ce ne-am \u00eent\u00e2lnit?<\/em><\/strong><\/p>\n<p><strong><em>E o \u00eentrebare simpl\u0103 <\/em><\/strong><\/p>\n<p><strong><em>ce-a\u015fteapt\u0103 un r\u0103spuns pe m\u0103sur\u0103<\/em><\/strong><\/p>\n<p><strong><em>desprins din pove\u015ftile cu z\u00e2ne<\/em><\/strong><\/p>\n<p><strong><em>ce \u015ftiu c\u0103 fericirea exist\u0103 \u015fi poate fi atins\u0103.<\/em><\/strong><\/p>\n<p><strong><em>\u00a0<\/em><\/strong><\/p>\n<p><strong><em>Ne-am \u00eent\u00e2lnit pentru a zbura \u00eempreun\u0103<\/em><\/strong><\/p>\n<p><strong><em>cu aripi de dor<\/em><\/strong><\/p>\n<p><strong><em>pe cerul vie\u0163ii<\/em><\/strong><\/p>\n<p><strong><em>ce e, pentru noi, senin.<\/em><\/strong><\/p>\n<p><strong><em>\u00a0<\/em><\/strong><\/p>\n<p><strong><em>Ne-am \u00eent\u00e2lnit pentru a pl\u00e2nge \u00eempreun\u0103<\/em><\/strong><\/p>\n<p><strong><em>tu acolo, eu aici \u015fi am\u00e2ndoi<\/em><\/strong><\/p>\n<p><strong><em>at\u00e2t acolo, c\u00e2t \u015fi aici<\/em><\/strong><\/p>\n<p><strong><em>pentru a gusta din fructele raiului<\/em><\/strong><\/p>\n<p><strong><em>ce nu ne sunt interzise.<\/em><\/strong><\/p>\n<p><strong><em>\u00a0<\/em><\/strong><\/p>\n<p><strong><em>Ne-am \u00eent\u00e2lnit pentru a \u00een\u0163elege<\/em><\/strong><\/p>\n<p><strong><em>c\u0103 sufletul e un ocean<\/em><\/strong><\/p>\n<p><strong><em>\u00een care se scald\u0103 zi de zi<\/em><\/strong><\/p>\n<p><strong><em>privighetori atinse de degetele noastre<\/em><\/strong><\/p>\n<p><strong><em>ce colind\u0103 prin anotimpurile Iubirii &#8230;<\/em><\/strong><\/p>\n<p><strong><em>\u00a0<\/em><\/strong><\/p>\n<p>Cluj-Napoca, 17 iunie 2006<\/p>\n<p><strong>\u00a0<\/strong><\/p>\n<p><strong><em>\u00a0\u00a0\u00a0\u00a0\u00a0\u00a0\u00a0\u00a0\u00a0\u00a0\u00a0\u00a0\u00a0 C E T \u0102 \u0162 I L E \u00a0L U M I N I I<\/em><\/strong><strong><\/strong><\/p>\n<p><strong>\u00a0<\/strong><\/p>\n<p><strong><em>Cet\u0103\u0163ile luminii r\u0103m\u00e2n necucerite,<\/em><\/strong><\/p>\n<p><strong><em>Iar zidurile albe se-nal\u0163\u0103 spre zenit.<\/em><\/strong><\/p>\n<p><strong><em>Te caut, preaiubito. Pe unde ai fugit?<\/em><\/strong><\/p>\n<p><strong><em>Voiai s-ajungi tu prima pe-aleile sfin\u0163ite?<\/em><\/strong><\/p>\n<p><strong><em>\u00a0<\/em><\/strong><\/p>\n<p><strong><em>Atunci c\u00e2nd noi umblam s\u0103 cucerim lumina<\/em><\/strong><\/p>\n<p><strong><em>Pornit\u0103 la-nt\u00e2lnirea cu albii pesc\u0103ru\u015fi<\/em><\/strong><\/p>\n<p><strong><em>Ce-\u015fi c\u00e2nt\u0103 fericirea pe m\u0103ri departe du\u015fi<\/em><\/strong><\/p>\n<p><strong><em>Ne\u015ftiind c\u0103 fluturi negri au \u00eenghi\u0163it f\u00e2nt\u00e2na<\/em><\/strong><\/p>\n<p><strong><em>\u00a0<\/em><\/strong><\/p>\n<p><strong><em>Din care nu o dat\u0103 sorbit-au f\u0103r\u0103 team\u0103<\/em><\/strong><\/p>\n<p><strong><em>Caimanii singuratici uita\u0163i de a lor mam\u0103&#8230;<\/em><\/strong><\/p>\n<p><strong><em>\u00a0<\/em><\/strong><\/p>\n<p>Sibiu, 11 noiembrie 2008<\/p>\n<p><strong>\u00a0<\/strong><\/p>\n<p><strong><em>\u00a0\u00a0\u00a0\u00a0\u00a0\u00a0\u00a0\u00a0\u00a0\u00a0\u00a0\u00a0\u00a0\u00a0\u00a0\u00a0\u00a0\u00a0\u00a0\u00a0\u00a0\u00a0\u00a0\u00a0\u00a0\u00a0\u00a0\u00a0\u00a0 R U G \u0102 C I U N E<\/em><\/strong><\/p>\n<p><strong><em>\u00a0<\/em><\/strong><\/p>\n<p><strong><em>\u00ce\u0163i cer, acum, P\u0103rinte, s\u0103 m\u0103 aju\u0163i s\u0103 fiu<\/em><\/strong><\/p>\n<p><strong><em>O mare de iubire, un \u00eenger str\u0103veziu<\/em><\/strong><\/p>\n<p><strong><em>Ce \u015ftie s\u0103 Te vad\u0103 \u015fi-n lacrima durerii<\/em><\/strong><\/p>\n<p><strong><em>Curg\u00e2nd din ochii celui ce e supus c\u0103derii.<\/em><\/strong><\/p>\n<p><strong><em>\u00a0\u00a0\u00a0\u00a0\u00a0\u00a0\u00a0\u00a0\u00a0\u00a0\u00a0\u00a0\u00a0\u00a0\u00a0\u00a0 <\/em><\/strong><\/p>\n<p><strong><em>\u00ce\u0163i cer, acum, P\u0103rinte, s\u0103 m\u0103 aju\u0163i s-ating,<\/em><\/strong><\/p>\n<p><strong><em>Cu-a Ta bl\u00e2nd\u0103 privire, f\u0103clii ce nu se sting,<\/em><\/strong><\/p>\n<p><strong><em>C\u00e2nd v\u00e2ntul \u00eendoielii porne\u015fte iar la drum<\/em><\/strong><\/p>\n<p><strong><em>Cu g\u00e2ndul s\u0103 prefac\u0103 iubirile \u00een scrum.<\/em><\/strong><\/p>\n<p><strong><em>\u00a0<\/em><\/strong><\/p>\n<p><strong><em>\u00ce\u0163i cer, acum, P\u0103rinte, s\u0103 m\u0103 aju\u0163i s\u0103 trec<\/em><\/strong><\/p>\n<p><strong><em>\u00cen Lini\u015ftea din care s\u0103 nu mai vreau s\u0103 plec<\/em><\/strong><\/p>\n<p><strong><em>\u015ei unde la o mas\u0103 cu-ai mei fra\u0163i serafimi,<\/em><\/strong><\/p>\n<p><strong><em>S\u0103 ne privim Iubirea, t\u0103cu\u0163i \u015fi f\u0103r\u0103 patimi.<\/em><\/strong><\/p>\n<p><strong><em>\u00a0<\/em><\/strong><\/p>\n<p>Lechin\u0163a, 28 iulie 2007<\/p>\n<p><strong>\u00a0<\/strong><\/p>\n<p><strong><em>\u00a0\u00a0\u00a0\u00a0\u00a0\u00a0\u00a0\u00a0\u00a0\u00a0\u00a0\u00a0\u00a0\u00a0\u00a0\u00a0\u00a0\u00a0\u00a0\u00a0\u00a0\u00a0\u00a0\u00a0 P A T R I A \u00a0M E A<\/em><\/strong><\/p>\n<p><strong><em>\u00a0<\/em><\/strong><\/p>\n<p><strong><em>E-o patrie-acolo<\/em><\/strong><\/p>\n<p><strong><em>\u00een inima mea<\/em><\/strong><\/p>\n<p><strong><em>cu mun\u0163i \u015fi legende<\/em><\/strong><\/p>\n<p><strong><em>cu lini\u015fti de stea.<\/em><\/strong><\/p>\n<p><strong><em>\u00a0<\/em><\/strong><\/p>\n<p><strong><em>O v\u0103d cum \u00ee\u015fi scrie<\/em><\/strong><\/p>\n<p><strong><em>al ei sf\u00e2nt destin<\/em><\/strong><\/p>\n<p><strong><em>\u00een roca din care<\/em><\/strong><\/p>\n<p><strong><em>se-nal\u0163\u0103-un suspin<\/em><\/strong><\/p>\n<p><strong><em>\u00a0<\/em><\/strong><\/p>\n<p><strong><em>La margini de umbre<\/em><\/strong><\/p>\n<p><strong><em>topite de-un vis<\/em><\/strong><\/p>\n<p><strong><em>\u00een Hora Unirii<\/em><\/strong><\/p>\n<p><strong><em>din Paradis&#8230;<\/em><\/strong><\/p>\n<p><strong><em>\u00a0<\/em><\/strong><\/p>\n<p>Apahida, 8 decembrie 2009<\/p>\n<p><strong>\u00a0<\/strong><\/p>\n<p style=\"text-align: center;\"><strong>CORNEL C. COSTEA<\/strong><\/p>\n<p>&nbsp;<\/p>\n","protected":false},"excerpt":{"rendered":"<p>R O U A \u00a0S O A R E L U I \u00a0 E \u00eenc\u0103 diminea\u0163\u0103, iar soarele \u00eemi scald\u0103, [&#038;hellip<\/p>\n","protected":false},"author":1,"featured_media":0,"comment_status":"closed","ping_status":"closed","sticky":false,"template":"","format":"standard","meta":{"footnotes":""},"categories":[3],"tags":[],"class_list":["post-17351","post","type-post","status-publish","format-standard","hentry","category-articole"],"_links":{"self":[{"href":"https:\/\/www.marianagurza.ro\/blog\/wp-json\/wp\/v2\/posts\/17351","targetHints":{"allow":["GET"]}}],"collection":[{"href":"https:\/\/www.marianagurza.ro\/blog\/wp-json\/wp\/v2\/posts"}],"about":[{"href":"https:\/\/www.marianagurza.ro\/blog\/wp-json\/wp\/v2\/types\/post"}],"author":[{"embeddable":true,"href":"https:\/\/www.marianagurza.ro\/blog\/wp-json\/wp\/v2\/users\/1"}],"replies":[{"embeddable":true,"href":"https:\/\/www.marianagurza.ro\/blog\/wp-json\/wp\/v2\/comments?post=17351"}],"version-history":[{"count":2,"href":"https:\/\/www.marianagurza.ro\/blog\/wp-json\/wp\/v2\/posts\/17351\/revisions"}],"predecessor-version":[{"id":17354,"href":"https:\/\/www.marianagurza.ro\/blog\/wp-json\/wp\/v2\/posts\/17351\/revisions\/17354"}],"wp:attachment":[{"href":"https:\/\/www.marianagurza.ro\/blog\/wp-json\/wp\/v2\/media?parent=17351"}],"wp:term":[{"taxonomy":"category","embeddable":true,"href":"https:\/\/www.marianagurza.ro\/blog\/wp-json\/wp\/v2\/categories?post=17351"},{"taxonomy":"post_tag","embeddable":true,"href":"https:\/\/www.marianagurza.ro\/blog\/wp-json\/wp\/v2\/tags?post=17351"}],"curies":[{"name":"wp","href":"https:\/\/api.w.org\/{rel}","templated":true}]}}