{"id":17363,"date":"2014-02-05T16:47:56","date_gmt":"2014-02-05T16:47:56","guid":{"rendered":"http:\/\/www.marianagurza.ro\/blog\/?p=17363"},"modified":"2014-02-05T16:54:26","modified_gmt":"2014-02-05T16:54:26","slug":"boris-david-cum-adica","status":"publish","type":"post","link":"https:\/\/www.marianagurza.ro\/blog\/2014\/02\/05\/boris-david-cum-adica\/","title":{"rendered":"Boris David: Cum adic\u0103?!&#8230;"},"content":{"rendered":"<p style=\"text-align: center;\"><a href=\"http:\/\/www.marianagurza.ro\/blog\/wp-content\/uploads\/2014\/02\/5.jpg\"><img loading=\"lazy\" decoding=\"async\" class=\"size-medium wp-image-17364\" title=\"5\" src=\"http:\/\/www.marianagurza.ro\/blog\/wp-content\/uploads\/2014\/02\/5-300x300.jpg\" alt=\"\" width=\"300\" height=\"300\" srcset=\"https:\/\/www.marianagurza.ro\/blog\/wp-content\/uploads\/2014\/02\/5-300x300.jpg 300w, https:\/\/www.marianagurza.ro\/blog\/wp-content\/uploads\/2014\/02\/5-150x150.jpg 150w, https:\/\/www.marianagurza.ro\/blog\/wp-content\/uploads\/2014\/02\/5.jpg 400w\" sizes=\"auto, (max-width: 300px) 100vw, 300px\" \/><\/a><\/p>\n<p><strong>\u00a0\u00a0\u00a0\u00a0\u00a0\u00a0\u00a0\u00a0\u00a0\u00a0\u00a0\u00a0\u00a0\u00a0\u00a0\u00a0\u00a0\u00a0 Cum adic\u0103?!&#8230;<\/strong><\/p>\n<p><strong>\u00a0<\/strong><\/p>\n<p>Cum adic\u0103 s\u0103 m\u0103-mpac<\/p>\n<p>F\u0103r\u0103 vorbe, c-un final?! &#8211;<\/p>\n<p>La ce-a fost, sau nici n-a fost,<\/p>\n<p>Totu\u015fi, n-a fost fapt banal.<\/p>\n<p>&nbsp;<\/p>\n<p>F\u0103r\u2019 s\u0103 vrem noi am g\u0103sit,<\/p>\n<p>Un tunel, \u015fi i-am spus Chat &#8211;<\/p>\n<p>Doamne!, c\u00e2te n-am ascuns!<\/p>\n<p>P\u00e2n\u2019 tunelul s-a surpat.<\/p>\n<p>&nbsp;<\/p>\n<p>Curio\u015fii au p\u0103truns<\/p>\n<p>Sensul unor scrieri noi &#8211;<\/p>\n<p>Tot ce-am scris era cerut<\/p>\n<p>Ca-ntr-un tandem, de-am\u00e2ndoi.<\/p>\n<p>&nbsp;<\/p>\n<p>Nu uita\u0163i, eram poe\u0163i!<\/p>\n<p>\u015ei visam \u015fi-n zori de zi &#8211;<\/p>\n<p>Eu scriam, tu-n g\u00e2nd z\u00e2mbeai,<\/p>\n<p>Nu puteam a m\u0103 trezi.<\/p>\n<p>&nbsp;<\/p>\n<p>Dar acei ce au p\u0103truns<\/p>\n<p>\u00cen tunelul fermecat,<\/p>\n<p>Au surprins c\u0103-ntre poe\u0163i<\/p>\n<p>Totul pare fermecat?!<\/p>\n<p>&nbsp;<\/p>\n<p>C\u0103-ntr-un tandem doi amici<\/p>\n<p>Derulau un\u00a0 film de vis &#8211;<\/p>\n<p>Dac\u0103 nu, ce-au c\u0103utat,<\/p>\n<p>\u00cen tunel, \u00een paradis?!&#8230;<\/p>\n<p>&nbsp;<\/p>\n<p>Boris David<\/p>\n<p>3 februarie 2014<\/p>\n<p>&nbsp;<\/p>\n","protected":false},"excerpt":{"rendered":"<p>\u00a0\u00a0\u00a0\u00a0\u00a0\u00a0\u00a0\u00a0\u00a0\u00a0\u00a0\u00a0\u00a0\u00a0\u00a0\u00a0\u00a0\u00a0 Cum adic\u0103?!&#8230; \u00a0 Cum adic\u0103 s\u0103 m\u0103-mpac F\u0103r\u0103 vorbe, c-un final?! &#8211; La ce-a fost, sau nici n-a fost, [&#038;hellip<\/p>\n","protected":false},"author":1,"featured_media":0,"comment_status":"closed","ping_status":"closed","sticky":false,"template":"","format":"standard","meta":{"footnotes":""},"categories":[3],"tags":[],"class_list":["post-17363","post","type-post","status-publish","format-standard","hentry","category-articole"],"_links":{"self":[{"href":"https:\/\/www.marianagurza.ro\/blog\/wp-json\/wp\/v2\/posts\/17363","targetHints":{"allow":["GET"]}}],"collection":[{"href":"https:\/\/www.marianagurza.ro\/blog\/wp-json\/wp\/v2\/posts"}],"about":[{"href":"https:\/\/www.marianagurza.ro\/blog\/wp-json\/wp\/v2\/types\/post"}],"author":[{"embeddable":true,"href":"https:\/\/www.marianagurza.ro\/blog\/wp-json\/wp\/v2\/users\/1"}],"replies":[{"embeddable":true,"href":"https:\/\/www.marianagurza.ro\/blog\/wp-json\/wp\/v2\/comments?post=17363"}],"version-history":[{"count":5,"href":"https:\/\/www.marianagurza.ro\/blog\/wp-json\/wp\/v2\/posts\/17363\/revisions"}],"predecessor-version":[{"id":17366,"href":"https:\/\/www.marianagurza.ro\/blog\/wp-json\/wp\/v2\/posts\/17363\/revisions\/17366"}],"wp:attachment":[{"href":"https:\/\/www.marianagurza.ro\/blog\/wp-json\/wp\/v2\/media?parent=17363"}],"wp:term":[{"taxonomy":"category","embeddable":true,"href":"https:\/\/www.marianagurza.ro\/blog\/wp-json\/wp\/v2\/categories?post=17363"},{"taxonomy":"post_tag","embeddable":true,"href":"https:\/\/www.marianagurza.ro\/blog\/wp-json\/wp\/v2\/tags?post=17363"}],"curies":[{"name":"wp","href":"https:\/\/api.w.org\/{rel}","templated":true}]}}