{"id":17375,"date":"2014-02-05T17:04:52","date_gmt":"2014-02-05T17:04:52","guid":{"rendered":"http:\/\/www.marianagurza.ro\/blog\/?p=17375"},"modified":"2014-02-05T17:04:52","modified_gmt":"2014-02-05T17:04:52","slug":"cornel-c-costea-o-liniste-celesta","status":"publish","type":"post","link":"https:\/\/www.marianagurza.ro\/blog\/2014\/02\/05\/cornel-c-costea-o-liniste-celesta\/","title":{"rendered":"Cornel C. Costea: O lini\u015fte celest\u0103"},"content":{"rendered":"<p style=\"text-align: center;\"><a href=\"http:\/\/www.marianagurza.ro\/blog\/wp-content\/uploads\/2014\/02\/costel-costea-300x2251.jpg\"><img loading=\"lazy\" decoding=\"async\" class=\"size-thumbnail wp-image-17376\" title=\"costel-costea-300x225\" src=\"http:\/\/www.marianagurza.ro\/blog\/wp-content\/uploads\/2014\/02\/costel-costea-300x2251-150x150.jpg\" alt=\"\" width=\"150\" height=\"150\" \/><\/a><\/p>\n<p style=\"text-align: center;\">\n<p><strong><em>O lini\u015fte celest\u0103<\/em><\/strong><strong><em><\/em><\/strong><\/p>\n<p><em>\u00a0<\/em><\/p>\n<p><strong><em>O<\/em><\/strong><em> lini\u015fte celest\u0103 \u00een suflet se strecoar\u0103,<\/em><\/p>\n<p><em>Cum stau pe malul apei privind un pesc\u0103ru\u015f,<\/em><\/p>\n<p><em>A\u015f vrea s\u0103-mi creasc\u0103 aripi, s\u0103 pot, sear\u0103 de sear\u0103,<\/em><\/p>\n<p><em>S\u0103 zbor p\u00e2n\u0103 la Tine, preabunule Iisus.<\/em><\/p>\n<p><em>\u00a0<\/em><\/p>\n<p><em>E\u015fti Tu, speran\u0163a noastr\u0103 de-a nu ne pierde urma<\/em><\/p>\n<p><em>\u00cen lumea-aceasta-n care-ntunericu-i st\u0103p\u00e2n,<\/em><\/p>\n<p><em>Ci-n c\u00e2ntece de slav\u0103 ne-om reg\u0103si, azi, turma,<\/em><\/p>\n<p><em>M\u00e2nat\u0103 sus \u00een munte de un p\u0103stor b\u0103tr\u00e2n.<\/em><\/p>\n<p><em>\u00a0<\/em><\/p>\n<p><em>Ajut\u0103-ne, Iisuse, s\u0103 \u00een\u0163elegem taina<\/em><\/p>\n<p><em>\u00cenve\u015fnicirii noastre sub cerul de cle\u015ftar<\/em><\/p>\n<p><em>\u015ei s\u0103-mbr\u0103c\u0103m, de-a pururi, lumina Ta \u00een haina<\/em><\/p>\n<p><em>N\u0103dejdii de-a rena\u015fte \u00een inima Ta, iar.<\/em><\/p>\n<p><em>\u00a0<\/em><\/p>\n<p>Cluj-Napoca, 26 octombrie 2013<\/p>\n","protected":false},"excerpt":{"rendered":"<p>O lini\u015fte celest\u0103 \u00a0 O lini\u015fte celest\u0103 \u00een suflet se strecoar\u0103, Cum stau pe malul apei privind un pesc\u0103ru\u015f, A\u015f [&#038;hellip<\/p>\n","protected":false},"author":1,"featured_media":0,"comment_status":"closed","ping_status":"closed","sticky":false,"template":"","format":"standard","meta":{"footnotes":""},"categories":[3],"tags":[],"class_list":["post-17375","post","type-post","status-publish","format-standard","hentry","category-articole"],"_links":{"self":[{"href":"https:\/\/www.marianagurza.ro\/blog\/wp-json\/wp\/v2\/posts\/17375","targetHints":{"allow":["GET"]}}],"collection":[{"href":"https:\/\/www.marianagurza.ro\/blog\/wp-json\/wp\/v2\/posts"}],"about":[{"href":"https:\/\/www.marianagurza.ro\/blog\/wp-json\/wp\/v2\/types\/post"}],"author":[{"embeddable":true,"href":"https:\/\/www.marianagurza.ro\/blog\/wp-json\/wp\/v2\/users\/1"}],"replies":[{"embeddable":true,"href":"https:\/\/www.marianagurza.ro\/blog\/wp-json\/wp\/v2\/comments?post=17375"}],"version-history":[{"count":2,"href":"https:\/\/www.marianagurza.ro\/blog\/wp-json\/wp\/v2\/posts\/17375\/revisions"}],"predecessor-version":[{"id":17378,"href":"https:\/\/www.marianagurza.ro\/blog\/wp-json\/wp\/v2\/posts\/17375\/revisions\/17378"}],"wp:attachment":[{"href":"https:\/\/www.marianagurza.ro\/blog\/wp-json\/wp\/v2\/media?parent=17375"}],"wp:term":[{"taxonomy":"category","embeddable":true,"href":"https:\/\/www.marianagurza.ro\/blog\/wp-json\/wp\/v2\/categories?post=17375"},{"taxonomy":"post_tag","embeddable":true,"href":"https:\/\/www.marianagurza.ro\/blog\/wp-json\/wp\/v2\/tags?post=17375"}],"curies":[{"name":"wp","href":"https:\/\/api.w.org\/{rel}","templated":true}]}}