{"id":17387,"date":"2014-02-06T11:00:49","date_gmt":"2014-02-06T11:00:49","guid":{"rendered":"http:\/\/www.marianagurza.ro\/blog\/?p=17387"},"modified":"2014-02-06T15:29:01","modified_gmt":"2014-02-06T15:29:01","slug":"daris-basarab-motul%e2%80%a6-2","status":"publish","type":"post","link":"https:\/\/www.marianagurza.ro\/blog\/2014\/02\/06\/daris-basarab-motul%e2%80%a6-2\/","title":{"rendered":"Daris Basarab: MO\u0162UL\u2026"},"content":{"rendered":"<p style=\"text-align: center;\"><a href=\"http:\/\/www.marianagurza.ro\/blog\/wp-content\/uploads\/2014\/02\/motii-nu-si-vand-pamantul-ungurilor.jpg\"><img loading=\"lazy\" decoding=\"async\" class=\"size-medium wp-image-17388\" title=\"motii\" src=\"http:\/\/www.marianagurza.ro\/blog\/wp-content\/uploads\/2014\/02\/motii-nu-si-vand-pamantul-ungurilor-300x199.jpg\" alt=\"\" width=\"300\" height=\"199\" srcset=\"https:\/\/www.marianagurza.ro\/blog\/wp-content\/uploads\/2014\/02\/motii-nu-si-vand-pamantul-ungurilor-300x199.jpg 300w, https:\/\/www.marianagurza.ro\/blog\/wp-content\/uploads\/2014\/02\/motii-nu-si-vand-pamantul-ungurilor.jpg 800w\" sizes=\"auto, (max-width: 300px) 100vw, 300px\" \/><\/a><\/p>\n<p style=\"text-align: justify;\"><strong>MO\u0162UL\u2026<\/strong><\/p>\n<p style=\"text-align: justify;\">Evenimentele tragice petrecute \u00een Apusenii no\u015ftri dragi, cu pierdere de vie\u0163i pre\u0163ioase, cu neglijen\u0163\u0103 cras\u0103 a autorit\u0103\u0163ilor, cu demisii formale dar teatrale, cu angaj\u0103ri omene\u015fti de un nivel de con\u015ftiin\u0163\u0103 s\u0103dit\u0103 \u00een suflet, de nepre\u0163uit, m-au f\u0103cut s\u0103-mi amintesc de \u00eenceputurile mele \u00een profesia mea de inginer chemist tehnolog.<\/p>\n<p style=\"text-align: justify;\">Era prin 1954, angajat \u00een \u201c\u0162ara Mo\u0163ilor\u201d, la B\u0103i\u0163a Bihor, la Uraniu. Pentru mine totul suna frumos. Elev la Liceul Emanuel Gojdu din Oradea, \u00een perioada anilor 1945-1949, cu vacan\u0163e petrecute la Tab\u0103ra de elevi de la Bratca, o zbugheam deseori, \u00eentr-un grup mic de \u2018vagabonzi\u2019, prin Apuseni, pe la pe\u015fteri, pe Valea Dr\u0103ganului, pe la Cascada Dracului, pe la Cet\u0103\u0163ile Ponorului, \u015fi mai \u015ftiu eu pe unde acuma?, aveam mereu \u00een sufletul meu de copil, r\u0103mas mereu \u015fi ast\u0103zi, imaginea global\u0103 a Apusenilor.<\/p>\n<p style=\"text-align: justify;\">\u0162ar\u0103 de Vis, construit\u0103 din nestimate ale naturii, locuit\u0103, din vremuri istorice, cu r\u0103sunet istoric, dac\u0103 amintim doar de \u0162ebea, de o popula\u0163ie aparte, cu oameni frumo\u015fi, munteni, cu oameni cinsti\u0163i, cu oameni d\u0103rui\u0163i naturii, dar \u015fi semenilor lor, cu oameni gata de sacrificiu, nu la \u00eendemnul cuiva, ci la pornirea lor ancestral\u0103. Am lucrat printre ei, am cunoscut mineri, geologi, tehnicieni, muncitori necalifica\u0163i, am avut colegi de laborator. Eram mereu pe picior de controvers\u0103 cu oricine \u00eendr\u0103znea s\u0103 treac\u0103 \u2018mo\u0163ul\u2019 \u00eentr-un registru peiorativ.<\/p>\n<p style=\"text-align: justify;\">M-am sim\u0163it bine printre ei, oriunde m\u0103 aflam, \u00een laborator, \u00een instala\u0163iile de preparare a minereurilor, \u00een instala\u0163iile Sta\u0163iei Pilot din ora\u015ful \u015etei, pe atunci Petru Groza, pe terenurile de sport, la bazinul de \u00eenot, \u00een goan\u0103 dup\u0103 frumos, pe motociclet\u0103. Erau cinsti\u0163i, con\u015ftiincio\u015fi, primitori \u00een casele lor. Puteai s\u0103 te av\u00e2n\u0163i \u00een excursii, prin locuri mai pu\u0163in umblate, f\u0103r\u0103 team\u0103 \u015fi aveai destule op\u0163iuni.<\/p>\n<p style=\"text-align: justify;\">Munceam la cot cu ei, m\u00e2ncam din traist\u0103 c\u00e2nd era cazul, f\u0103ceam schimburi de noapte, deseori, aproape \u00eempiedicat s\u0103 m\u0103 \u2018v\u00e2r\u2019 acolo unde se \u00eentrez\u0103rea un pericol. \u00cen unele situa\u0163ii erau mai preg\u0103ti\u0163i dec\u00e2t mine \u015fi f\u0103r\u0103 ifose, m\u0103 protejau. Da, \u00een 1961, c\u00e2nd am fost transferat la Cercetare la M\u0103gurele-Bucure\u015fti, am sim\u0163it un timp \u00eendelungat, lipsa acelei atmosphere. Dar aveam, practic lipit de mine, un suflet de mo\u0163, veritabil, de prin S\u0103li\u015ftea de Bihor, un coleg de laborator, devenit inginer, m\u00e2na mea dreapt\u0103 \u00een Laborator.<\/p>\n<p style=\"text-align: justify;\">Pe c\u00e2nd conduceam Laboratoarele de Analize din \u015etei, t\u00e2n\u0103r, f\u0103r\u0103 prea mult\u0103 experien\u0163\u0103, s-a aciuat \u015fi Gi\u0163\u0103 pe la noi. Eu, \u00eemp\u0103timit dup\u0103 metode instrumentale, m\u0103 ocupam cu prec\u0103dere de Spectrografie \u015fi Electrochimie. Ghi\u0163\u0103 a nimerit, laborant, la Analize Chimice, clasice, cum le spuneam. O sal\u0103 enorm\u0103, cu o droaie de femei.<\/p>\n<p style=\"text-align: justify;\">Nu s-a putut acomoda \u015fi m-a abordat rug\u00e2ndu-m\u0103 s\u0103-l \u2018salvez\u2019 de co\u015fmar \u015fi s\u0103-l iau la Spectro. Am z\u00e2mbit, cu g\u00e2ndul la Margareta, so\u0163ia, inginer chemist, la \u2018Laboratorul de Co\u015fmar\u2019. Nu sunt \u015fi nici n-am fost misogin, dar i-am \u00een\u0163eles p\u0103sul \u015fi, bazat pe faptul c\u0103 doream \u015fi eu un b\u0103rbat l\u00e2ng\u0103 mine, \u00eentr-un laborator cu aparatur\u0103 sofisticat\u0103 \u015fi greoaie la instalat \u015fi \u00eentre\u0163inut, am acceptat. Din clipa aceea Ghi\u0163\u0103 nu s-a mai dezlipit de mine. Voia s\u0103 lucreze, voia s\u0103 \u00eenve\u0163e, poate c\u0103 voia s\u0103-mi \u015fi mul\u0163umeasc\u0103.<\/p>\n<p style=\"text-align: justify;\">St\u0103team \u00een laborator p\u00e2n\u0103 noaptea t\u00e2rziu, uneori exager\u00e2nd oarecum \u00een pasiunea mea pentru aparatur\u0103, dar m\u0103 sim\u0163eam bine \u015fi \u00een siguran\u0163\u0103, \u015ftiind un b\u0103rbat \u00een preajm\u0103.<\/p>\n<p style=\"text-align: justify;\">Anii au trecut, eu am plecat transferat pentru a m\u0103 ocupa de Uzina de Prelucrare a Minereurilor de Uraniu, Ghi\u0163\u0103 a r\u0103mas s\u0103-\u015fi termine studiile la f\u0103r\u0103 frecven\u0163\u0103 la Politehnica din Ia\u015fi, a venit la r\u00e2ndul s\u0103u transferat la Cercetare ca inginer chimist, a poposit \u00een Laboratorul de Schim\u0103tori de Ioni \u015fi Extrac\u0163ie Lichid-Lichid pe care-l conduceam, a devenit umbra \u015fi prietenul meu, loc\u0163iitorul meu, spre nedumerirea celorlal\u0163i colegi. Ceea ce m-a f\u0103cut s\u0103 fac aceast\u0103 alegere a fost spiritul de economist care-l caracteriza \u015fi pl\u0103cerea cu care se preocupa de problemele legate de planul de cercetare. Erau vremuri \u00een care acest domeniu de activitate avea o deosebit\u0103 importan\u0163\u0103. S\u0103 faci rost de teme, s\u0103 faci rost de bani, s\u0103 urm\u0103re\u015fti realizarea planului de activitate, s\u0103 raportezi realizarea acelui plan, erau departe de felul meu de a fi. M-am bazat pe el \u015fi totul a ie\u015fit bine, chiar dac\u0103 au existat \u015fi morm\u0103ieli.<\/p>\n<p style=\"text-align: justify;\">Mo\u0163ul meu, bunul meu prieten \u015fi coleg, a \u00een\u0163eles acest fel de a fi \u015fi, atunci c\u00e2nd din motive personale, m-am transferat la o alt\u0103 unitate a sistemului nuclear, la propunerea mea, a r\u0103mas pe locul eliberat.<\/p>\n<p style=\"text-align: justify;\">Dar cum timpul nu a stat pe loc, \u00een 1989, \u00een pragul Revolu\u0163iei de la Timi\u015foara, am fost \u2018sf\u0103tuit\u2019 de umbra mea oficial\u0103 s\u0103 p\u0103r\u0103sesc sistemul. \u015ei l-am p\u0103r\u0103sit, pension\u00e2ndu-m\u0103 la cerere.<\/p>\n<p style=\"text-align: justify;\">M-am sim\u0163it \u2018ca dracu\u2019, ca s\u0103-l citez pe un \u2018ilustru politician\u2019, revolu\u0163ionar cu pulov\u0103r. Am continuat o colaborare neoficial\u0103, cu Ghi\u0163\u0103, cu minunatul Director al Companiei, Titi B\u0103jenaru, dar salvarea a venit din cea de a doua preocupare, neoficial\u0103, pe care am cultivat-o \u00een timpul liber, timp care devenise chiar \u2018liber\u2019. Am continuat s\u0103 scriu f\u0103c\u00e2nd \u015fi primii pa\u015fi \u00een oficializarea prin publicare.<\/p>\n<p style=\"text-align: justify;\">Primul roman, POVOD, romanul meu de suflet, a ap\u0103rut \u00een 2004. Cine a s\u0103rit \u00een aer de bucurie, dac\u0103 nu Ghi\u0163\u0103. Amator de lectur\u0103, mi-a f\u0103cut o caracterizare de critic. Eram un superlativ pentru el. Al doilea roman, ECVESTRA, a ap\u0103rut \u00een 2010. Tot Ghi\u0163\u0103 a ridicat entuziasmul la cote \u015fi mai \u00eenalte: \u201c\u00cemi place chiar mai mult dec\u00e2t Povod!\u201d M-am bucurat, \u015ftiindu-l sincer. Citea tot ce-i trimiteam pe email, \u00een general proz\u0103 scurt\u0103, \u00eencuraj\u00e2ndu-m\u0103 mereu.<\/p>\n<p style=\"text-align: justify;\">Prima alarm\u0103 a ap\u0103rut dup\u0103 pensionare, c\u00e2nd, devenit \u015eef de Sec\u0163ie de Cercetare, a continuat s\u0103 lucreze. Probleme cu inima, internare, vizit\u0103 la Spitalul Sf\u00e2nta Maria, \u00eengrijorare. A ie\u015fit cu bine, c\u00e2t se poate de bine pentru o asemenea situa\u0163ie \u015fi, dup\u0103 o scurt\u0103 perioad\u0103 de relaxare, s-a \u00eentors la Sec\u0163ie!? Margareta a fost prima care a \u00eencercat s\u0103-l fac\u0103 s\u0103 renun\u0163e. N-a fost chip.<\/p>\n<p style=\"text-align: justify;\">S-a \u00eengrijit cu r\u0103bdare, a introdus plimb\u0103rile lungi spre Her\u0103str\u0103u, dar nu s-a dat \u00een l\u0103turi de la activit\u0103\u0163i de ordin casnic, de \u00eentre\u0163inere, de mutare. Totul p\u0103rea nesperat de bine. Comunicam mereu, trecea des pe la noi.<\/p>\n<p style=\"text-align: justify;\">\u015ei iar\u0103\u015fi anii n-au sat pe loc. Cum sunt neglijent din fire, \u00een probleme de s\u0103n\u0103tate, \u00een 2012, dup\u0103 ani de avertismente, la un blocaj renal, am aflat \u015fi verdictul: carcinom de prostat\u0103, neoperabil. Dimensiunea nu mai permitea o interven\u0163ie \u2018clasic\u0103\u2019. Cel care s-a \u00eemboln\u0103vit psihic, a fost Ghi\u0163\u0103! Din acea clip\u0103, mo\u0163ul meu nu a mai avut ast\u00e2mp\u0103r. Nu mai puteam mi\u015fca un deget, f\u0103r\u0103 ca prezen\u0163a lui s\u0103 nu m\u0103 cople\u015feasc\u0103.<\/p>\n<p style=\"text-align: justify;\">C\u00e2nd folosesc acest cuv\u00e2nt nu exagerez cu nimic. Eram la p\u0103m\u00e2nt, nu mai puteam s\u0103 m\u0103 alimentez, n-aveam nici chef, nici putere s\u0103 \u2018vizitez\u2019 Oncologia. El era mereu prezent pentru a m\u0103 sprijini \u00een \u00eencerc\u0103rile mele locomotrice, el m\u0103 ducea la medic, mai bine zis, la medici, erau mai mul\u0163i, el ducea tratativele. El urm\u0103rea cum m\u0103 hr\u0103nesc, el urm\u0103rea cum respect medicamenta\u0163ia, el se ocupa de cele mai intime probleme medicale, <strong>El, Mo\u0163ul<\/strong>, nu m\u0103 l\u0103sa nici s\u0103 respir necontrolat!<\/p>\n<p style=\"text-align: justify;\">Agonia asta a \u0163inut cam trei luni de zile, cu mo\u0163ul meu la \u2018datorie\u2019. La ultima vizit\u0103 pe care am f\u0103cut-o la oncologie, la sf\u0103r\u015fit de martie 2012, dup\u0103 ce m-a dus acas\u0103, a plecat la Spitalul Col\u0163ea, pentru a ridica medicamentele speciale prescrise. \u00cen acea diminea\u0163\u0103 trecuse de dou\u0103 ori pe la noi, parc\u0103 presim\u0163ea ceva, ceea ce a st\u00e2rnit o oarecare nedumerire din partea Margaretei.<\/p>\n<p style=\"text-align: justify;\">La Col\u0163ea a ajuns spre pr\u00e2nz, s-a pr\u0103bu\u015fit, \u015fi-a revenit pu\u0163in, m-a sunat, mi-a relatat cele \u00eent\u00e2mplate, am trimis un t\u00e2n\u0103r care-l cuno\u015ftea s\u0103 ia medicamentele, am aflat prin el c\u0103-\u015fi revenise, am mai vorbit la telefon, lini\u015ftit pu\u0163in, dar nu convins. Pe la orele 20 m-a sunat, p\u0103rea lini\u015ftit, am stabilit s\u0103 vorbim a doua zi de diminea\u0163\u0103 \u015fi i-am urat noapte bun\u0103. Eram d\u0103r\u00e2mat. Totu\u015fi, pe la orele 23 am adormit. La 24 telefonul m-a trezit, alarmant. Era medical de gard\u0103. M\u0103 anun\u0163a c\u0103 se stinsese. \u00cenainte de culcare Ghi\u0163\u0103 l\u0103sase telefonul meu, pentru orice eventualitate, ca s\u0103 nu fie anun\u0163at\u0103 so\u0163ia lui, \u015fi nici fiul. Am r\u0103mas blocat, am strigat-o pe Margareta \u015fi, tremur\u00e2nd, am format num\u0103rul lui Doru, fiul\u2026<\/p>\n<p style=\"text-align: justify;\">Eu a trebuit s\u0103 ac\u0163ionez repede. La sfatul Doctorului Conferen\u0163iar Urolog, Ambert, am apelat la Prof. Dr. Geavlete. Dup\u0103 patru luni de suferin\u0163\u0103 cumplit\u0103 \u015fi inutil\u0103, aplic\u00e2nd o noutate, \u201cPulverizare \u00een Plasm\u0103\u201d, Profesorul, omul fantastic, de excep\u0163ie, profesionistul n\u0103scut \u015fi nu f\u0103cut, a trecut la interven\u0163ie \u015fi, iat\u0103 dup\u0103 aproape doi ani, eu pot spune c\u0103 pot lupta cu boala de la egal la egal. P\u0103cat c\u0103 v\u00e2rsta, \u00eencepe s\u0103 scoat\u0103 la iveal\u0103, vechi \u015fi noi caren\u0163e, dintre care poate cea mai \u2018ironic\u0103\u2019 pare s\u0103 fie, cea care mi l-a luat pe Ghi\u0163\u0103 &#8211; inima\u2026<\/p>\n<p style=\"text-align: justify;\">Eu \u00een\u0163eleg \u2018prietenia\u2019, eu \u00een\u0163eleg \u2018d\u0103ruirea\u2019, dar nu \u00een\u0163eleg \u015fi nici nu voi \u00een\u0163elege grila dup\u0103 care ne conducem \u00een via\u0163\u0103. C\u00e2nd ne vom \u00eent\u00e2lni, Ghi\u0163\u0103, poate ai s\u0103-mi explicit \u015fi mie ce-i cu mo\u0163ii \u0103\u015ftia din Apuseni\u2026<\/p>\n<p>Bucure\u015fti, 25 ianuarie 2014<\/p>\n<p style=\"text-align: justify;\"><strong>Daris Basarab alias Boris David<\/strong><\/p>\n<p style=\"text-align: justify;\">***<\/p>\n<p style=\"text-align: justify;\"><em>Nota mea:<\/em><\/p>\n<p style=\"text-align: justify;\"><em>Draga Boris, ultima voin\u021b\u0103 a lui Avram Iancu, \u00eensufle\u021be\u0219te \u021aara Mo\u021bilor! Oamenii mun\u021bilor, unde Dumnezeu \u0219i-a l\u0103sat mantia de veacuri&#8230;arunc\u00e2nd pulbere de aur&#8230;<br \/>\n<\/em><\/p>\n<p style=\"text-align: justify;\"><em>Ei, mo\u021bii, \u0219i-au p\u0103strat sufletul curat, tradi\u021bia \u0219i credin\u021ba&#8230;<\/em><\/p>\n<p style=\"text-align: justify;\"><em>Ei, mo\u021bii, nu sunt interesa\u021bi de globalizare, ci de p\u0103strarea identit\u0103\u021bii na\u021bionale. Desi vremurile sunt cum sunt, omenia, fapta \u0219i jertfa \u00eei \u00eenobileaz\u0103.<\/em> <strong><em>Respect pentru voi, urma\u0219i a lui Avram Iancu! <\/em><\/strong><\/p>\n<p style=\"text-align: justify;\"><em>,,<strong>Mo\u021bii vegheaz\u0103<\/strong>!&#8221;<\/em><\/p>\n<p style=\"text-align: right;\"><em>Mariana G.<\/em><\/p>\n<p style=\"text-align: right;\"><em><br \/>\n<\/em><\/p>\n<p style=\"text-align: justify;\"><strong>\u201cUnicul dor al vietii mele e sa-mi vad Natiunea mea fericita, pentru care dupa puteri am si lucrat p\u00e2na acuma, durere fara mult succes, ba tocma acuma cu \u00eentristare vad, ca sperantele mele si jertfa adusa se prefac \u00een nimica. Nu stiu c\u00e2te zile mai pot avea ; un fel de presimtire \u00eemi pare ca mi-ar spune, ca viitorul este nesigur. Voiesc dar si hotar\u00e2t dispun, ca dupa moartea mea, toata averea mea miscatoare si nemiscatoare sa treaca \u00een folosul natiunii, pentru ajutor la \u00eenfiintarea unei academii de drepturi ; tare crez\u00e2nd, ca luptatorii cu arma legii vor putea scoate drepturile natiunii mele.\u201d <\/strong><\/p>\n<p style=\"text-align: justify;\"><strong>C\u00e2mpeni 20 decembrie 1850,<br \/>\nAvram Iancu m.p.,<br \/>\nAvocat si prefect emerit.<\/strong><\/p>\n","protected":false},"excerpt":{"rendered":"<p>MO\u0162UL\u2026 Evenimentele tragice petrecute \u00een Apusenii no\u015ftri dragi, cu pierdere de vie\u0163i pre\u0163ioase, cu neglijen\u0163\u0103 cras\u0103 a autorit\u0103\u0163ilor, cu demisii [&#038;hellip<\/p>\n","protected":false},"author":1,"featured_media":0,"comment_status":"closed","ping_status":"closed","sticky":false,"template":"","format":"standard","meta":{"footnotes":""},"categories":[3],"tags":[],"class_list":["post-17387","post","type-post","status-publish","format-standard","hentry","category-articole"],"_links":{"self":[{"href":"https:\/\/www.marianagurza.ro\/blog\/wp-json\/wp\/v2\/posts\/17387","targetHints":{"allow":["GET"]}}],"collection":[{"href":"https:\/\/www.marianagurza.ro\/blog\/wp-json\/wp\/v2\/posts"}],"about":[{"href":"https:\/\/www.marianagurza.ro\/blog\/wp-json\/wp\/v2\/types\/post"}],"author":[{"embeddable":true,"href":"https:\/\/www.marianagurza.ro\/blog\/wp-json\/wp\/v2\/users\/1"}],"replies":[{"embeddable":true,"href":"https:\/\/www.marianagurza.ro\/blog\/wp-json\/wp\/v2\/comments?post=17387"}],"version-history":[{"count":8,"href":"https:\/\/www.marianagurza.ro\/blog\/wp-json\/wp\/v2\/posts\/17387\/revisions"}],"predecessor-version":[{"id":17393,"href":"https:\/\/www.marianagurza.ro\/blog\/wp-json\/wp\/v2\/posts\/17387\/revisions\/17393"}],"wp:attachment":[{"href":"https:\/\/www.marianagurza.ro\/blog\/wp-json\/wp\/v2\/media?parent=17387"}],"wp:term":[{"taxonomy":"category","embeddable":true,"href":"https:\/\/www.marianagurza.ro\/blog\/wp-json\/wp\/v2\/categories?post=17387"},{"taxonomy":"post_tag","embeddable":true,"href":"https:\/\/www.marianagurza.ro\/blog\/wp-json\/wp\/v2\/tags?post=17387"}],"curies":[{"name":"wp","href":"https:\/\/api.w.org\/{rel}","templated":true}]}}