{"id":17479,"date":"2014-02-09T19:44:59","date_gmt":"2014-02-09T19:44:59","guid":{"rendered":"http:\/\/www.marianagurza.ro\/blog\/?p=17479"},"modified":"2014-02-09T20:19:49","modified_gmt":"2014-02-09T20:19:49","slug":"rugaciune-4","status":"publish","type":"post","link":"https:\/\/www.marianagurza.ro\/blog\/2014\/02\/09\/rugaciune-4\/","title":{"rendered":"Rug\u0103ciune"},"content":{"rendered":"<p style=\"text-align: center;\"><a href=\"http:\/\/www.marianagurza.ro\/blog\/wp-content\/uploads\/2014\/02\/Parintele-Justin-Marturisitorul-Album-foto-de-Cristina-Nichitus-Roncea-Coperta-1.jpg\"><img loading=\"lazy\" decoding=\"async\" class=\"size-medium wp-image-17481\" title=\"Parintele Justin Marturisitorul - Album foto de Cristina Nichitu\" src=\"http:\/\/www.marianagurza.ro\/blog\/wp-content\/uploads\/2014\/02\/Parintele-Justin-Marturisitorul-Album-foto-de-Cristina-Nichitus-Roncea-Coperta-1-300x274.jpg\" alt=\"\" width=\"300\" height=\"274\" srcset=\"https:\/\/www.marianagurza.ro\/blog\/wp-content\/uploads\/2014\/02\/Parintele-Justin-Marturisitorul-Album-foto-de-Cristina-Nichitus-Roncea-Coperta-1-300x274.jpg 300w, https:\/\/www.marianagurza.ro\/blog\/wp-content\/uploads\/2014\/02\/Parintele-Justin-Marturisitorul-Album-foto-de-Cristina-Nichitus-Roncea-Coperta-1.jpg 702w\" sizes=\"auto, (max-width: 300px) 100vw, 300px\" \/><\/a><\/p>\n<p style=\"text-align: center;\"><strong>\u00a0(10 februarie 1919 \u2013 16 iunie 2013)<\/strong><\/p>\n<p><strong>\u00a0\u00a0\u00a0\u00a0 Rug\u0103ciune<\/strong><\/p>\n<p><strong><em>\u00a0\u00a0\u00a0\u00a0\u00a0\u00a0\u00a0\u00a0\u00a0\u00a0\u00a0\u00a0\u00a0\u00a0\u00a0\u00a0\u00a0\u00a0\u00a0\u00a0\u00a0\u00a0 P\u0103rintelui Justin P\u00e2rvu<\/em><\/strong><\/p>\n<p>&nbsp;<\/p>\n<p>Mi-e dor de <em>bunul meu<\/em><\/p>\n<p>Plecat spre Dumnezeu<\/p>\n<p>Senin \u0219i \u00eemp\u0103cat<\/p>\n<p>A\u0219a cum \u0219i-a visat\u2026<\/p>\n<p>&nbsp;<\/p>\n<p>&nbsp;<\/p>\n<p>Doamne , m\u0103 rog fierbinte<\/p>\n<p>Pentru bunul p\u0103rinte<\/p>\n<p>Odihna s\u0103-i fie biruin\u021ba<\/p>\n<p>Jertfa i-a fost credin\u021ba!<\/p>\n<p>&nbsp;<\/p>\n<p>Te rog Doamne al meu<\/p>\n<p>Ai grija de \u00a0robul t\u0103u.<\/p>\n<p>Este cel ce ne \u00a0\u00eendrum\u0103<\/p>\n<p>Ca pe o r\u0103t\u0103cit\u0103 turm\u0103<\/p>\n<p>Este rug aprins pentru popor<\/p>\n<p>Ne este \u0219i acum, <em>har<\/em> \u0219i <em>ajutor<\/em>\u2026<\/p>\n<p>&nbsp;<\/p>\n<p>Doamne, ascult\u0103-mi umila rug\u0103<\/p>\n<p>Candela sa nu se sting\u0103,<\/p>\n<p>Prigonit a fost mereu<\/p>\n<p>Duhovnicul Neamului meu\u2026<\/p>\n<p>&nbsp;<\/p>\n<p>Credin\u021ba lui l-a \u00eent\u0103rit<\/p>\n<p>Prin rug\u0103ciune a biruit!<\/p>\n<p>Ne este <em>apa vie<\/em> de izvor,<\/p>\n<p>\u00cen urma sa, cuv\u00e2nt ziditor,<\/p>\n<p>Martir, erou nemuritor&#8230;<\/p>\n<p>&nbsp;<\/p>\n<p>Lacrima \u00eembrac\u0103 versul<\/p>\n<p>O rug\u0103 \u00eemi este g\u00e2ndul\u2026<\/p>\n<p>Iisuse Fiul Lui Dumnezeu<\/p>\n<p>Odihne\u0219te-l \u00a0pe robul t\u0103u\u2026<\/p>\n<p>&nbsp;<\/p>\n<p>&nbsp;<\/p>\n<p>&nbsp;<\/p>\n<p>Mariana Gurza<\/p>\n<p>09 feb. 2014<\/p>\n<p>Foto: <a href=\"http:\/\/nichitus.ro\/\">Cristina Nichitus Roncea<\/a><\/p>\n<p>&nbsp;<\/p>\n","protected":false},"excerpt":{"rendered":"<p>\u00a0(10 februarie 1919 \u2013 16 iunie 2013) \u00a0\u00a0\u00a0\u00a0 Rug\u0103ciune \u00a0\u00a0\u00a0\u00a0\u00a0\u00a0\u00a0\u00a0\u00a0\u00a0\u00a0\u00a0\u00a0\u00a0\u00a0\u00a0\u00a0\u00a0\u00a0\u00a0\u00a0\u00a0 P\u0103rintelui Justin P\u00e2rvu &nbsp; Mi-e dor de bunul meu Plecat [&#038;hellip<\/p>\n","protected":false},"author":1,"featured_media":0,"comment_status":"closed","ping_status":"closed","sticky":false,"template":"","format":"standard","meta":{"footnotes":""},"categories":[3],"tags":[],"class_list":["post-17479","post","type-post","status-publish","format-standard","hentry","category-articole"],"_links":{"self":[{"href":"https:\/\/www.marianagurza.ro\/blog\/wp-json\/wp\/v2\/posts\/17479","targetHints":{"allow":["GET"]}}],"collection":[{"href":"https:\/\/www.marianagurza.ro\/blog\/wp-json\/wp\/v2\/posts"}],"about":[{"href":"https:\/\/www.marianagurza.ro\/blog\/wp-json\/wp\/v2\/types\/post"}],"author":[{"embeddable":true,"href":"https:\/\/www.marianagurza.ro\/blog\/wp-json\/wp\/v2\/users\/1"}],"replies":[{"embeddable":true,"href":"https:\/\/www.marianagurza.ro\/blog\/wp-json\/wp\/v2\/comments?post=17479"}],"version-history":[{"count":5,"href":"https:\/\/www.marianagurza.ro\/blog\/wp-json\/wp\/v2\/posts\/17479\/revisions"}],"predecessor-version":[{"id":17483,"href":"https:\/\/www.marianagurza.ro\/blog\/wp-json\/wp\/v2\/posts\/17479\/revisions\/17483"}],"wp:attachment":[{"href":"https:\/\/www.marianagurza.ro\/blog\/wp-json\/wp\/v2\/media?parent=17479"}],"wp:term":[{"taxonomy":"category","embeddable":true,"href":"https:\/\/www.marianagurza.ro\/blog\/wp-json\/wp\/v2\/categories?post=17479"},{"taxonomy":"post_tag","embeddable":true,"href":"https:\/\/www.marianagurza.ro\/blog\/wp-json\/wp\/v2\/tags?post=17479"}],"curies":[{"name":"wp","href":"https:\/\/api.w.org\/{rel}","templated":true}]}}