{"id":18034,"date":"2014-04-08T09:59:51","date_gmt":"2014-04-08T09:59:51","guid":{"rendered":"http:\/\/www.marianagurza.ro\/blog\/?p=18034"},"modified":"2014-04-08T10:08:29","modified_gmt":"2014-04-08T10:08:29","slug":"nelu-gradeanu-impresii-de-lectura","status":"publish","type":"post","link":"https:\/\/www.marianagurza.ro\/blog\/2014\/04\/08\/nelu-gradeanu-impresii-de-lectura\/","title":{"rendered":"Nelu Gr\u0103deanu: Impresii de lectur\u0103"},"content":{"rendered":"<p style=\"text-align: justify;\"><img decoding=\"async\" class=\"alignleft\" src=\"http:\/\/melidoniumm.files.wordpress.com\/2012\/05\/634448652207471157-nelu-gradeanu.jpg\" alt=\"http:\/\/melidoniumm.files.wordpress.com\/2012\/05\/634448652207471157-nelu-gradeanu.jpg\" \/>Fiecare localitate, mai mare sau mai mic\u0103, de\u0163ine un patrimoniu material \u015fi spiritual uman cu care se prezint\u0103 in istorie \u015fi care contribuie la dezvoltarea unei \u0163\u0103ri.<\/p>\n<p style=\"text-align: justify;\">\nNici ora\u015ful <strong>Roman<\/strong> nu face excep\u0163ie, ba a\u015f zice c\u0103 se situeaz\u0103, la bursa real\u0103 a valorilor, \u00eenaintea multor ora\u015fe cu preten\u0163ii de r\u0103s\u0103rit de soare \u00een sfera cultural\u0103. Patrimoniul uman ce activeaz\u0103, identific\u0103 \u015fi cerceteaz\u0103 istoria cultural\u0103, economic\u0103 \u015fi social\u0103 a unei localit\u0103\u0163i, este relativ restr\u00e2ns. Aceste personalit\u0103\u0163i locale, de cele mai multe ori, sunt \u00een egal\u0103 m\u0103sur\u0103 pre\u0163uite \u015fi invidiate. Noi, concet\u0103\u0163enii \u015fi beneficiarii muncii lor, ar trebui s\u0103-i pre\u0163uim la justa lor valoare! Ora\u015ful Roman a \u015ftiut s\u0103-\u015fi pre\u0163uiasc\u0103 valorile, personal constat\u00e2nd lucrul acesta vis-\u00e0-vis de ilustrul profesor Gheorghe A. M. Ciobanu, personalitate unic\u0103 \u00een spa\u0163ial citadin actual.<\/p>\n<p style=\"text-align: justify;\">\nVoi face referire la munca \u015fi personalitatea unui alt intelectual roma\u015fcan, d-na <strong>Minodora Ursachi,<\/strong> reputat muzeograf \u015fi cercet\u0103tor de anvergur\u0103 na\u0163ional\u0103, care \u015fi-a dedicat \u00eentreaga via\u0163\u0103 <strong>Muzeului de Art\u0103<\/strong> din Roman, promov\u00e2nd arti\u015ftii locali \u015fi prezent\u00e2nd publicului roma\u015fcan, de-a lungul unei vie\u0163i, variate evenimente din lumea artelor plastice. Cu ocazia venirii mele la Roman, domnia sa mi-a oferit o recent\u0103 apari\u0163ie editorial\u0103 \u015fi anume volumul <strong>Identit\u0103\u0163i artistice la Roman<\/strong>, lucrare editat\u0103 la prestigioasa editur\u0103 <strong>Mu\u015fatinia<\/strong> condus\u0103 cu pricepere de o alt\u0103 distins\u0103 doamn\u0103 a spa\u0163iului spiritual mu\u015fatin, <strong>Emilia \u0162u\u0163uianu Dospinescu<\/strong>, cea care semneaz\u0103 \u015fi prefa\u0163a acestei c\u0103r\u0163i. Citind-o, am reg\u0103sit \u00een paginile ei arti\u015fti dragi \u015fi personalit\u0103\u0163i venerate de mine, precum eseistul <strong><em>Gheorghe A. M. Ciobanu<\/em><\/strong> \u015fi criticul de art\u0103 <strong><em>Valentin Ciuc\u0103<\/em><\/strong>. Cu nostalgie am lecturat pagina dedicat\u0103 primului meu profesor de desen, prof. <em><strong>Constantin Chi\u0163imu\u015f<\/strong><\/em>\u2026<\/p>\n<p style=\"text-align: justify;\"><a href=\"http:\/\/www.marianagurza.ro\/blog\/wp-content\/uploads\/2014\/04\/identitati-artistice-la-roman.jpg\"><img loading=\"lazy\" decoding=\"async\" class=\"alignright size-medium wp-image-18035\" title=\"identitati-artistice-la-roman\" src=\"http:\/\/www.marianagurza.ro\/blog\/wp-content\/uploads\/2014\/04\/identitati-artistice-la-roman-201x300.jpg\" alt=\"\" width=\"201\" height=\"300\" srcset=\"https:\/\/www.marianagurza.ro\/blog\/wp-content\/uploads\/2014\/04\/identitati-artistice-la-roman-201x300.jpg 201w, https:\/\/www.marianagurza.ro\/blog\/wp-content\/uploads\/2014\/04\/identitati-artistice-la-roman.jpg 257w\" sizes=\"auto, (max-width: 201px) 100vw, 201px\" \/><\/a>Dup\u0103 lecturarea c\u0103r\u0163ii, am constatat c\u0103, \u00een viziunea d-nei Minodora Ursachi, ,,identitate artistic\u0103\u201d este nu acel creator plastic care se \u00eemp\u0103uneaz\u0103 cu diplome, mai nou, doctorate, sau colec\u0163ionarul diplomelor de excelen\u0163\u0103 \u015fi membru \u00een diferite asocia\u0163ii \u015fi comisii, cu mult\u0103 impresie de form\u0103 \u015fi publicitate dar prea pu\u0163in\u0103 valoare de fond, artistic\u0103. Cu siguran\u0163\u0103, Minodora Ursachi nu \u015fi-a dorit un dic\u0163ionar de \u0163inut\u0103 academic\u0103, am rezerve c\u0103 \u00een lumea artei s-ar putea realiza un asemenea dic\u0163ionar, av\u00e2nd \u00een vedere gradul de subiectivitate, \u015ftiindu-se \u015fi exagerarea majorit\u0103\u0163ii arti\u015ftilor \u00een privin\u0163a realiz\u0103rilor personale, mai mult sau mai pu\u0163in meritorii pentru posteritate.<\/p>\n<p style=\"text-align: justify;\">\nParcurg\u00e2nd paginile c\u0103r\u0163ii, mi-am imaginat-o pe d-na Minodora Ursachi la un ghi\u015feu imaginar, de eviden\u0163\u0103 a creatorilor plastici care fie s-au n\u0103scut, fie au tranzitat ora\u015ful Roman cu expozi\u0163ii personale, dar care \u015fi-au dorit, prin opera lor, s\u0103 contribuie la identitatea artistic\u0103 a urbei mu\u015fatine, men\u0163iona\u0163i fiind astfel \u00een memoria spa\u0163iului spiritual roma\u015fcan.<\/p>\n<p style=\"text-align: justify;\">\nReg\u0103sim personalit\u0103\u0163i a\u015fezate temeinic \u00een loja istoriei, arti\u015fti ai momentului dar \u015fi aspiran\u0163i la gloria etern\u0103. A procedat bine d-na Ursachi cuprinz\u00e2ndu-i \u00een cartea sa? Eu zic c\u0103 da! \u00cendelungata activitate muzeografic\u0103 \u015fi de manager a unei institu\u0163ii culturale ca Muzeul de Art\u0103 din Roman i-a demonstrat autoarei c\u0103 timpul \u015fi numai timpul, este acela care cerne valorile \u015fi a\u015feaz\u0103 ierarhiile. Cu siguran\u0163\u0103 c\u0103 a v\u0103zut tablouri realizate de arti\u015fti cu diplome \u015fi premii, dar a c\u0103ror crea\u0163ii artistice z\u0103ceau \u00een beciurile vre-unui muzeu, iar lucr\u0103ri de suflet a unor arti\u015fti mai pu\u0163in inspira\u0163i \u00een a-\u015fi colec\u0163iona diplome de studii, merite de excelen\u0163\u0103, s\u0103 fac\u0103 obiectul admira\u0163iei iubitorilor de art\u0103. Nici nu putea proceda altfel, c\u00e2nd \u00een proximitatea domniei sale se afl\u0103 un prieten \u015fi colaborator ce de\u0163ine ,,doar\u201d o diplom\u0103 de licen\u0163\u0103 \u00een drept, dar care a candidat la 5 facult\u0103\u0163i \u015fi a predat 63 de discipline ca profesor de liceu, pentru ora\u015ful Roman fiind un adev\u0103rat ,,Patriarh al culturii\u201d, nimeni altul dec\u00e2t eseistul Ghe. A. M. Ciobanu.<\/p>\n<p style=\"text-align: justify;\">\nProbabil c\u0103 toate aceste experien\u0163e au determinat-o pe Minodora Ursachi s\u0103 scrie o carte de suflet \u015fi pentru toate sufletele, recenta apari\u0163ie editorial\u0103 fiind un gest de reveren\u0163\u0103 fa\u0163\u0103 de ,,identit\u0103\u0163ile\u201d cu valoare de eternitate sau a celor cu un viitor artistic mai pu\u0163in fast.<br \/>\nNu \u00een ultimul r\u00e2nd remarc prezentarea \u015fi calitatea c\u0103r\u0163ii, de adev\u0103rat album de art\u0103 \u015fi dic\u0163ionar de autori, \u00eembin\u00e2nd prezentarea practic\u0103 \u015fi concis\u0103, \u00een condi\u0163ii grafice de excep\u0163ie, cu armonia artistic\u0103 a prezent\u0103rii creatorilor \u015fi calitatea reproducerii operelor arti\u015ftilor din dic\u0163ionar, rod al implic\u0103rii \u015fi contribu\u0163iei editurii Mu\u015fatinia, prin d-na editor Emilia \u0162u\u0163uianu, la aceast\u0103 deosebit\u0103 \u015fi atr\u0103g\u0103toare form\u0103 de prezentare a volumului.<\/p>\n<p style=\"text-align: justify;\">\nCartea Identit\u0103\u0163i artistice la Roman personal o v\u0103d ca un buchet de flori d\u0103ruit cititorilor spre \u00eenc\u00e2ntare, iar timpului spre alegere, a numelor de arti\u015fti ce fi-vor p\u0103strate ca flori nemuritoare sau a celor ce se vor ofili \u00een neaducere aminte.<\/p>\n<p>Pictor <a href=\"https:\/\/www.facebook.com\/pages\/NELU-Gradeanu\/227101870699869\" target=\"_blank\"><strong><em>Nelu Gr\u0103deanu<\/em><\/strong><\/a><\/p>\n","protected":false},"excerpt":{"rendered":"<p>Fiecare localitate, mai mare sau mai mic\u0103, de\u0163ine un patrimoniu material \u015fi spiritual uman cu care se prezint\u0103 in istorie [&#038;hellip<\/p>\n","protected":false},"author":1,"featured_media":0,"comment_status":"closed","ping_status":"closed","sticky":false,"template":"","format":"standard","meta":{"footnotes":""},"categories":[3],"tags":[],"class_list":["post-18034","post","type-post","status-publish","format-standard","hentry","category-articole"],"_links":{"self":[{"href":"https:\/\/www.marianagurza.ro\/blog\/wp-json\/wp\/v2\/posts\/18034","targetHints":{"allow":["GET"]}}],"collection":[{"href":"https:\/\/www.marianagurza.ro\/blog\/wp-json\/wp\/v2\/posts"}],"about":[{"href":"https:\/\/www.marianagurza.ro\/blog\/wp-json\/wp\/v2\/types\/post"}],"author":[{"embeddable":true,"href":"https:\/\/www.marianagurza.ro\/blog\/wp-json\/wp\/v2\/users\/1"}],"replies":[{"embeddable":true,"href":"https:\/\/www.marianagurza.ro\/blog\/wp-json\/wp\/v2\/comments?post=18034"}],"version-history":[{"count":3,"href":"https:\/\/www.marianagurza.ro\/blog\/wp-json\/wp\/v2\/posts\/18034\/revisions"}],"predecessor-version":[{"id":18037,"href":"https:\/\/www.marianagurza.ro\/blog\/wp-json\/wp\/v2\/posts\/18034\/revisions\/18037"}],"wp:attachment":[{"href":"https:\/\/www.marianagurza.ro\/blog\/wp-json\/wp\/v2\/media?parent=18034"}],"wp:term":[{"taxonomy":"category","embeddable":true,"href":"https:\/\/www.marianagurza.ro\/blog\/wp-json\/wp\/v2\/categories?post=18034"},{"taxonomy":"post_tag","embeddable":true,"href":"https:\/\/www.marianagurza.ro\/blog\/wp-json\/wp\/v2\/tags?post=18034"}],"curies":[{"name":"wp","href":"https:\/\/api.w.org\/{rel}","templated":true}]}}