{"id":18039,"date":"2014-04-08T10:06:48","date_gmt":"2014-04-08T10:06:48","guid":{"rendered":"http:\/\/www.marianagurza.ro\/blog\/?p=18039"},"modified":"2014-04-08T10:07:30","modified_gmt":"2014-04-08T10:07:30","slug":"minodora-ursachi-o-aparitie-editoriala-necesara-identitati-artistice-la-roman","status":"publish","type":"post","link":"https:\/\/www.marianagurza.ro\/blog\/2014\/04\/08\/minodora-ursachi-o-aparitie-editoriala-necesara-identitati-artistice-la-roman\/","title":{"rendered":"Minodora Ursachi: O apari\u021bie editorial\u0103 necesar\u0103 &#8211; Identit\u0103\u021bi artistice la Roman"},"content":{"rendered":"<p style=\"text-align: justify;\"><em><strong><a href=\"http:\/\/www.marianagurza.ro\/blog\/wp-content\/uploads\/2014\/04\/identitati-artistice-la-roman1.jpg\"><img loading=\"lazy\" decoding=\"async\" class=\"size-medium wp-image-18040 alignleft\" title=\"identitati-artistice-la-roman\" src=\"http:\/\/www.marianagurza.ro\/blog\/wp-content\/uploads\/2014\/04\/identitati-artistice-la-roman1-201x300.jpg\" alt=\"\" width=\"201\" height=\"300\" srcset=\"https:\/\/www.marianagurza.ro\/blog\/wp-content\/uploads\/2014\/04\/identitati-artistice-la-roman1-201x300.jpg 201w, https:\/\/www.marianagurza.ro\/blog\/wp-content\/uploads\/2014\/04\/identitati-artistice-la-roman1.jpg 257w\" sizes=\"auto, (max-width: 201px) 100vw, 201px\" \/><\/a>Dic\u021bionarul <\/strong><\/em><strong>\u201eIdentit\u0103\u021bi artistice la Roman\u201d<\/strong><em><strong> a ap\u0103rut ca o necesitate, dar \u0219i ca o datorie moral\u0103 a unui om care a cercetat de-a lungul anilor fenomenul artistic local, drumul parcurs \u00een timp al creatorilor lega\u021bi \u00eentr-un fel sau altul de aceste locuri, care \u0219i-au adus contribu\u021bia ori o aduc la cre\u0219terea \u0219i diversificarea artei noastre rom\u00e2ne\u0219ti, la conturarea \u0219i particularizarea mi\u0219c\u0103rii artistice locale. Sunt prezenta\u021bi arti\u0219tii, roma\u0219cani prin na\u0219tere, fiii adoptivi, cei care au studiat la diferite \u0219coli, au fost profesori, au desf\u0103\u0219urat activitate expozi\u021bional\u0103 sau au poposit deseori la rude \u0219i prieteni, unii stabili\u021bi aici, al\u021bii \u00een alte ora\u0219e ale \u021b\u0103rii sau peste hotare. Nu i-am uitat nici pe cei din \u00eemprejurimile Romanului sau pe adev\u0103ra\u021bii arti\u0219ti ai cuvintelor \u2013 criticii de art\u0103, prezen\u021bi la numeroase vernisaje \u0219i lans\u0103ri de c\u0103r\u021bi. Forma\u021bi \u00een \u021bar\u0103 sau \u00een str\u0103in\u0103tate, prin a c\u0103ror oper\u0103 de o mare varietate de forme, a expresiei plastice, a viziunii estetice \u0219i concep\u021biei filozofice, ei s-au f\u0103cut resim\u021bi\u021bi \u0219i \u00een evolu\u021bia artelor plastice din Roman.<\/strong><\/em><\/p>\n<p style=\"text-align: justify;\"><em><strong> Odat\u0103 cu \u00eenfiin\u021barea \u0218colii de Muzic\u0103 \u0219i Art\u0103 la Roman, au plecat de aici absolven\u021bi talenta\u021bi care au primit o instruc\u021bie artistic\u0103 de calitate din partea unor profesori deosebi\u021bi \u2013 <\/strong><\/em><strong>Dumitru Avram, Grigore Andreescu, Gh. Iliescu, Gh. Toni\u021ba, Gh. A. M. Ciobanu<\/strong><em><strong> \u0219i Iosif Haidu, confirma\u021bi mai t\u00e2rziu drept valori \u00een arta na\u021bional\u0103.<\/strong><\/em><\/p>\n<p style=\"text-align: justify;\"><em><strong> Este un dic\u021bionar bogat, care reune\u0219te fi\u0219ele a 142 arti\u0219ti, de la marele ierarh, remarcabil caligraf \u0219i miniaturist, fost episcop la Roman, <\/strong><\/em><strong>Anastasie Crimca<\/strong><em><strong> (aprox.1550 -1629, Suceava), la <\/strong><\/em><strong>Maria Ciurdea Steurer<\/strong><em><strong> (1878, Roman -1967, Bucure\u0219ti), \u201ecel mai des\u0103v\u00e2r\u0219it talent feminin\u201d din vremea aceea, \u0219i de aici p\u00e2n\u0103 la cei mai tineri arti\u0219ti, <\/strong><\/em><strong>Naiana V\u0103tavu<\/strong><em><strong> (1985, Roman) \u0219i <\/strong><\/em><strong>Mihaela Gherghel<\/strong><em><strong> (1988, Roman), a c\u0103ror prezen\u021b\u0103 este deja remarcat\u0103 \u00een via\u021ba artistic\u0103.<\/strong><\/em><br \/>\n<em><strong> Informa\u021biile sunt consistente \u0219i concise, atent structurate despre activitatea \u0219i personalitatea fiec\u0103rui artist \u2013 Saloanele Oficiale anuale de specialitate, expozi\u021biile personale, de grup \u0219i colective, na\u021bionale \u0219i interna\u021bionale, taberele de crea\u021bie, particip\u0103rile la simpozioane \u0219i festivaluri, premiile, albumele de arti\u0219ti etc. M\u0103rimile fi\u0219elor de artist au depins de amploarea activit\u0103\u021bii desf\u0103\u0219urate \u0219i de datele de care am dispus, f\u0103r\u0103 a avea la baz\u0103 o ierarhie de valori.<\/strong><\/em><\/p>\n<p style=\"text-align: justify;\"><em><strong> Dincolo de reperele biografiei artistice, s-a inclus \u0219i o secven\u021b\u0103 de eviden\u021biere \u0219i interpretare a tr\u0103s\u0103turilor plastice menite a releva punctele esen\u021biale ale crea\u021biei arti\u0219tilor respectivi. Cele 335 ilustra\u021bii, excelent executate tipografic care reproduc cu fidelitate aspectul lucr\u0103rilor originale, completeaz\u0103 imaginea creatoare a acestor importante identit\u0103\u021bi artistice la Roman.<\/strong><\/em><\/p>\n<p style=\"text-align: justify;\"><em><strong> Este un dic\u021bionar complet care constituie o important\u0103 surs\u0103 de informa\u021bii, un instrument de lucru nu numai pentru speciali\u0219ti ci \u00een general pentru cei care urm\u0103resc \u0219i sunt pasiona\u021bi de fenomenul artelor vizuale. \u00cen viitor, cu siguran\u021b\u0103, odat\u0103 cu apari\u021bia altor arti\u0219ti, la \u00eenceput de carier\u0103 sau \u00een orice etap\u0103 a activit\u0103\u021bii s-ar afla \u0219i vor da for\u021b\u0103 \u0219i noi semnifica\u021bii crea\u021biei lor la alt\u0103 dimensiune \u0219i alt\u0103 calitate, aceast\u0103 apari\u021bie editorial\u0103 poate fi \u00eembog\u0103\u021bit\u0103.<\/strong><\/em><\/p>\n<p style=\"text-align: justify;\"><em><strong> Av\u00e2nd amprenta unei edituri de prestigiu, <\/strong><\/em><strong>Editura Mu\u0219atinia<\/strong><em><strong>, cartea a c\u00e2\u0219tigat \u00een valoare \u0219i \u021binut\u0103. Colaborarea foarte bun\u0103 cu sufletul editurii, director Emilia \u021au\u021buianu Dospinescu \u0219i cu coordonatorul ing. Dorin Dospinescu, care lucreaz\u0103 cu un \u00eenalt profesionalism, cu pasiune, meticulozitate \u0219i exigen\u021b\u0103, pentru ca totul s\u0103 fie unitar \u0219i armonios, modul elegant de prezentare, au imprimat dic\u021bionarului aspectul unei adev\u0103rate opere de art\u0103.<\/strong><\/em><br \/>\n<em><strong> \u201eO carte de vizit\u0103 excep\u021bional\u0103, album-dic\u021bionar de art\u0103, CARTE a unei vie\u021bi (s\u0103 dea Domnul s\u0103 fie urmat\u0103 \u0219i de altele) care a impresionat prin calitatea scrisului, tehnoredact\u0103rii, reproducerilor \u0219i acurate\u021be. Gestul de a oferi o asemenea lucrare a uimit prin <\/strong><\/em><strong>Generozitatea<\/strong><em><strong> dumneavoastr\u0103\u201d, apreciaz\u0103 prof. <\/strong><\/em><strong>Dan Blideri\u0219anu<\/strong><em><strong>.<\/strong><\/em><\/p>\n<p style=\"text-align: justify;\"><em><strong> Climatul artistico-plastic la Roman cunoa\u0219te acum o intens\u0103 efervescen\u021b\u0103 creatoare datorat\u0103 at\u00e2t arti\u0219tilor profesioni\u0219ti <\/strong><\/em><strong>Carp D. Monica, Haidu Iosif, Prisacaru Ionel Cristi, \u0218tefan Lucian Remus, Florin Mircea Zaharescu,<\/strong><em><strong> men\u021biona\u021bi \u00een Dic\u021bionar, care joac\u0103 un rol important \u00een via\u021ba ora\u0219ului \u0219i a \u021b\u0103rii, prin talentul \u0219i calit\u0103\u021bile lor plastice deosebite, c\u00e2t \u0219i tinerilor absolven\u021bi ai Academiilor de Art\u0103, studen\u021bilor, entuzia\u0219ti, interesa\u021bi direct \u00een promovarea op\u021biunilor conceptuale \u0219i stilistice, a bog\u0103\u021biei universului tematic \u00een \u00eendr\u0103zne\u021be formule plastice care respir\u0103 prospe\u021bime \u0219i tinere\u021be&#8230;<\/strong><\/em><\/p>\n<p style=\"text-align: center;\"><img loading=\"lazy\" decoding=\"async\" src=\"http:\/\/melidoniumm.files.wordpress.com\/2012\/10\/dsc_11311.jpg?w=443&amp;h=299\" alt=\"Familia prof. Minodora si Vasile Ursachi\" width=\"443\" height=\"299\" \/><\/p>\n<p style=\"text-align: center;\">Familia Ursachi \u2013 Minodora si Vasile Ursachi<\/p>\n","protected":false},"excerpt":{"rendered":"<p>Dic\u021bionarul \u201eIdentit\u0103\u021bi artistice la Roman\u201d a ap\u0103rut ca o necesitate, dar \u0219i ca o datorie moral\u0103 a unui om care [&#038;hellip<\/p>\n","protected":false},"author":1,"featured_media":0,"comment_status":"closed","ping_status":"closed","sticky":false,"template":"","format":"standard","meta":{"footnotes":""},"categories":[3],"tags":[],"class_list":["post-18039","post","type-post","status-publish","format-standard","hentry","category-articole"],"_links":{"self":[{"href":"https:\/\/www.marianagurza.ro\/blog\/wp-json\/wp\/v2\/posts\/18039","targetHints":{"allow":["GET"]}}],"collection":[{"href":"https:\/\/www.marianagurza.ro\/blog\/wp-json\/wp\/v2\/posts"}],"about":[{"href":"https:\/\/www.marianagurza.ro\/blog\/wp-json\/wp\/v2\/types\/post"}],"author":[{"embeddable":true,"href":"https:\/\/www.marianagurza.ro\/blog\/wp-json\/wp\/v2\/users\/1"}],"replies":[{"embeddable":true,"href":"https:\/\/www.marianagurza.ro\/blog\/wp-json\/wp\/v2\/comments?post=18039"}],"version-history":[{"count":3,"href":"https:\/\/www.marianagurza.ro\/blog\/wp-json\/wp\/v2\/posts\/18039\/revisions"}],"predecessor-version":[{"id":18042,"href":"https:\/\/www.marianagurza.ro\/blog\/wp-json\/wp\/v2\/posts\/18039\/revisions\/18042"}],"wp:attachment":[{"href":"https:\/\/www.marianagurza.ro\/blog\/wp-json\/wp\/v2\/media?parent=18039"}],"wp:term":[{"taxonomy":"category","embeddable":true,"href":"https:\/\/www.marianagurza.ro\/blog\/wp-json\/wp\/v2\/categories?post=18039"},{"taxonomy":"post_tag","embeddable":true,"href":"https:\/\/www.marianagurza.ro\/blog\/wp-json\/wp\/v2\/tags?post=18039"}],"curies":[{"name":"wp","href":"https:\/\/api.w.org\/{rel}","templated":true}]}}