{"id":18045,"date":"2014-04-08T11:12:46","date_gmt":"2014-04-08T11:12:46","guid":{"rendered":"http:\/\/www.marianagurza.ro\/blog\/?p=18045"},"modified":"2014-04-08T11:14:27","modified_gmt":"2014-04-08T11:14:27","slug":"maria-toaca-veniti-romani-la-fantana-alba","status":"publish","type":"post","link":"https:\/\/www.marianagurza.ro\/blog\/2014\/04\/08\/maria-toaca-veniti-romani-la-fantana-alba\/","title":{"rendered":"Maria Toac\u0103: Veni\u0163i, rom\u00e2ni, la F\u00e2nt\u00e2na Alb\u0103!"},"content":{"rendered":"<p style=\"text-align: justify;\"><a href=\"http:\/\/www.marianagurza.ro\/blog\/wp-content\/uploads\/2014\/04\/b_300_472_16777215_0___images_stories_jurnalistica_Fantana-Alba-2014-2a.jpg\"><img loading=\"lazy\" decoding=\"async\" class=\"size-medium wp-image-18046 alignleft\" title=\"b_300_472_16777215_0___images_stories_jurnalistica_Fantana-Alba-2014-2a\" src=\"http:\/\/www.marianagurza.ro\/blog\/wp-content\/uploads\/2014\/04\/b_300_472_16777215_0___images_stories_jurnalistica_Fantana-Alba-2014-2a-190x300.jpg\" alt=\"\" width=\"190\" height=\"300\" srcset=\"https:\/\/www.marianagurza.ro\/blog\/wp-content\/uploads\/2014\/04\/b_300_472_16777215_0___images_stories_jurnalistica_Fantana-Alba-2014-2a-190x300.jpg 190w, https:\/\/www.marianagurza.ro\/blog\/wp-content\/uploads\/2014\/04\/b_300_472_16777215_0___images_stories_jurnalistica_Fantana-Alba-2014-2a.jpg 300w\" sizes=\"auto, (max-width: 190px) 100vw, 190px\" \/><\/a>C\u00e2nd ne \u00eentoarcem pe la casele noastre de la acest loc, \u00een\u0103l\u0163at la cerul nemuririi, s\u0103 nu uit\u0103m cine suntem \u015fi ce datorii morale avem fa\u0163\u0103 de cei ce zac aici sub lespezile nep\u0103s\u0103rii. Am fost \u015fi la acest 1 aprilie \u00eempreun\u0103 &#8211; mul\u0163i, pu\u0163ini\u2026 nu mai conteaz\u0103 num\u0103rul, nici cuvintele, nici c\u00e2nt\u0103rile de prosl\u0103vire a eroilor-martiri. Mult mai \u00eensorit\u0103 dec\u00e2t \u00een al\u0163i ani a fost ziua acestui 1 aprilie, cu natura vesel\u0103 \u015fi semne de pace aduse de cucoarele revenite la cuiburile lor. \u00cens\u0103, p\u0103\u015find pe paji\u015ftea verde, am sim\u0163it o s\u0103getare, o ap\u0103sare sufleteasc\u0103 necunoscut\u0103 mai \u00eenainte. Lipsea ceva foarte important, de parc\u0103 intrasem \u00eentr-o biseric\u0103 f\u0103r\u0103 altar \u015fi f\u0103r\u0103 iconostas. Nici priveli\u015ftea \u00eenc\u00e2nt\u0103tor de \u00eenduio\u015f\u0103toare a copiilor, \u00eembr\u0103ca\u0163i \u00een haine na\u0163ionale, care fluturau Tricolorul la Monumentul Martirilor nu mi-a atenuat aceast\u0103 stranie senza\u0163ie de pustiu \u015fi gol sufletesc. Izbitor m-a uimit lipsa falnicilor brazi ce str\u0103juiau aleea martirilor, red\u00e2nd locului m\u0103re\u0163ia unui templu antic. Numai resturi de cioate \u015fi trunchiuri amintesc de sacralitatea atmosferei de odinioar\u0103, dezgolind \u00een jur o triste\u0163e dezolant\u0103. Pentru prima dat\u0103, \u00een ultimii dou\u0103 decenii de c\u00e2nd vin la 1 aprilie la cest loc, n-am sim\u0163it fiorii sacri ce te cople\u015fesc la intrarea \u00eentr-un loca\u015f de \u00eenchinare. Am r\u0103mas cu regretabilul sentiment c\u0103, prin t\u0103ierea aleii de falnici brazi, s-a s\u0103v\u00e2r\u015fit un sacrilegiu, un mare p\u0103cat fa\u0163\u0103 de martorii martirajului rom\u00e2nilor \u015fi str\u0103jerii somnului lor ve\u015fnic. Mi se pare c\u0103 mult mai ad\u00e2nc este somnul celor vii, care au permis s\u0103 fie tulburat\u0103 lini\u015ftea mor\u0163ilor. Am auzit motiva\u0163ia c\u0103 arborii erau deja \u201eb\u0103tr\u00e2ni\u201d, c\u0103 \u00eencepeau s\u0103 putrezeasc\u0103 pe din\u0103untru \u015fi de aceea au fost t\u0103ia\u0163i. Poate fi \u015fi aceasta o scuz\u0103, dar deocamdat\u0103 nu se observ\u0103 vreun semn c\u0103 vor ap\u0103rea al\u0163ii \u00een locul lor. \u015ei \u00eenc\u0103 o mare nedreptate: nu o dat\u0103 am semnalat c\u0103 s-a comis o mare nedreptate scriindu-se pe monument <em>\u201e\u2026bucovinenilor &#8211; victime ale evenimentelor tragice de la 1 aprilie 1941\u201d<\/em>, f\u0103r\u0103 a concretiza c\u0103 e vorba de <strong>masacrul rom\u00e2nilor<\/strong>. Tot ce se vorbe\u015fte de fiecare dat\u0103 la mitingurile de doliu \u015fi slujbele de pomenire oficiate cu r\u0103scolitoare evlavie de preo\u0163i se uit\u0103 chiar a doua zi. Peste zece, dou\u0103zeci de ani, e posibil ca nimeni s\u0103 nu-\u015fi aminteasc\u0103 ce a spus cutare sau cutare lider, ce au cuv\u00e2ntat cuvioasele fe\u0163e biserice\u015fti, \u00eens\u0103 cuvintele de pe monument vor r\u0103m\u00e2ne. \u015ei tinerii care vor trece pe acolo vor citi c\u0103 aici au avut loc \u201eevenimente tragice\u201d, c\u0103 victimele au fost bucovineni\u2026 E chiar imposibil s\u0103 se recunoasc\u0103, s\u0103 se scrie adev\u0103rul prin ad\u0103ugarea unui singur cuv\u00e2nt \u201e<strong>rom\u00e2ni<\/strong>\u201d? Ne mai temem \u015fi ast\u0103zi s\u0103 lupt\u0103m m\u0103car pentru memoria martirilor no\u015ftri?! Ar trebui s\u0103 facem acest lucru c\u00e2t mai avem de la cine \u00eemprumuta t\u0103rie \u015fi curaj, mai vedem durerea vie a oamenilor care \u015fi-au pierdut aici p\u0103rin\u0163i, fra\u0163i, surori, fiind \u015fi ei la un pas de moarte&#8230;<\/p>\n<p style=\"text-align: justify;\">\u00cen lumea adunat\u0103 l-am observat de departe pe Petru Hu\u0163anu. Nu s-a schimbat, arat\u0103 exact ca acum doi ani, c\u00e2nd pentru prima dat\u0103, dup\u0103 \u015fapte decenii, a venit la locul unde aveau s\u0103-\u015fi g\u0103seasc\u0103 moartea cons\u0103tenii s\u0103i. Cunoa\u015fte nu doar din auzite tragedia rom\u00e2nilor de la F\u00e2nt\u00e2na Alb\u0103, c\u0103ci a fost al\u0103turi de ei \u00een ziua de 1 aprilie 1941. Mai bine zis, a fost cu c\u00e2\u0163iva pa\u015fi mai \u00een urma mor\u0163ii, \u00een acea zi via\u0163a dator\u00e2nd-o unei \u00eent\u00e2mpl\u0103toare \u00eent\u00e2rzieri \u00een casa rudelor din Suceveni, iar mai departe, \u00een anii ce au urmat &#8211; desp\u0103r\u0163irii definitive de satul s\u0103u natal Cupca. Decizia nevoit\u0103 de a porni pe drumuri f\u0103r\u0103 \u00eentoarcere spre locurile natale i-a fost impus\u0103 de virajele istoriei, at\u00e2t de nea\u015fteptate, de nefavorabile, rom\u00e2nilor din nordul Bucovinei. A f\u0103cut carier\u0103 militar\u0103 \u00een Rom\u00e2nia, \u00ee\u015fi tr\u0103ie\u015fte senin senectutea la Bistri\u0163a-N\u0103s\u0103ud, a\u015ftern\u00e2ndu-\u015fi memoriile \u00eentr-un simplu caiet \u015fcol\u0103resc.\u00a0<em>\u201eAm dou\u0103 lucruri bune &#8211; capul \u015fi picioarele, care m\u0103 ajut\u0103 la v\u00e2rsta mea de 91 de ani s\u0103 nu stau \u00een cas\u0103<\/em>\u201d, mi-a m\u0103rturisit venerabilul domn. Dep\u0103\u015find sindromul groazei tr\u0103ite \u00een frageda-i tinere\u0163e, c\u00e2nd a reu\u015fit s\u0103 se \u00eentoarc\u0103 teaf\u0103r din p\u0103durea Varni\u0163ei p\u00e2n\u0103 \u00een satul natal Cupca, el simte chemarea acestui loc, aude din str\u0103fundul p\u0103m\u00e2ntului gemetele cons\u0103tenilor s\u0103i, c\u0103zu\u0163i aici:\u00a0\u201eUndeva nu departe, prin desi\u015ful de br\u0103det, a c\u0103zut Simion Bicer, el mergea \u00eenainte cu crucea \u00een m\u00e2n\u0103. Credea c\u0103 solda\u0163ii nu vor trage \u00een el, c\u0103 nu vor \u00eendr\u0103zni s\u0103 loveasc\u0103 \u00een cruce. Neamurile s-au temut s\u0103 vin\u0103 s\u0103-l caute printre mor\u0163i\u201d. O istorie asem\u0103n\u0103toare poart\u0103 \u00een inim\u0103 \u015fi Avram Belici, n\u0103scut \u00een Vicovul de Jos, \u015fi stabilit la Cupca prin c\u0103s\u0103toria cu Domnica \u015eorodoc. Cadavrul schilodit, pe jum\u0103tate m\u00e2ncat de lupi al cumnatei sale, Marta \u015eorodoc, a fost aruncat \u00eentr-o groap\u0103 comun\u0103, din care se vedea p\u0103rul ei lung. De fric\u0103 s\u0103 nu fie deportate, rudele n-au venit s-o recunoasc\u0103 printre cei mor\u0163i, dar p\u0103rul ei rev\u0103rsat de sub \u0163\u0103r\u00e2n\u0103 le-a r\u0103mas pentru totdeauna ca un repro\u015f pe con\u015ftiin\u0163\u0103.<\/p>\n<p style=\"text-align: justify;\">\u015ei-ar mai fi r\u0103corit sufletul, dar \u015fi-a dat seama c\u0103 nu-i momentul potrivit pentru t\u00e2nguieli p\u0103m\u00e2nte\u015fti, c\u00e2nd soborul de preo\u0163i din localit\u0103\u0163ile rom\u00e2ne\u015fti ale Hlibocii, condus de protopopul Ioan Gorda, rostea rug\u0103ciuni pentru odihna martirilor \u015fi cori\u015ftii Bisericii Sf. Nicolae din Voloca, sus\u0163inu\u0163i de corul \u201eDrago\u015f Vod\u0103\u201d, intonau imnuri de \u00een\u0103l\u0163are \u00eentru sl\u0103virea lor. \u015ei vocile laice au vibrat evocator. Proasp\u0103tul pre\u015fedinte al Consiliului raional Hliboca, Grigori Vanzureak, f\u0103c\u00e2nd o paralel\u0103 \u00eentre tragedia de la 1 aprilie 1941 \u015fi evenimentele tragice de pe Maidanul de la Kiev.<\/p>\n<p style=\"text-align: justify;\">Din partea celor dou\u0103 societ\u0103\u0163i rom\u00e2ne\u015fti \u201eGolgota\u201d, \u015fi-au adus piosul omagiu pre\u015fedin\u0163ii lor &#8211; Octavian Bivolaru \u015fi Ilie Popescu. La locul unde vine \u00een fiecare an s\u0103-\u015fi depl\u00e2ng\u0103 suferin\u0163ele copil\u0103riei, Ilie Popescu, fiul \u201edu\u015fmanului poporului\u201d, l-a evocat pe tat\u0103l s\u0103u, condamnat la moarte pentru \u201ep\u0103catul\u201d de a se fi aflat printre \u201erebelii\u201d porni\u0163i cu icoane \u015fi steaguri albe spre o lume mai bun\u0103. Pomenind martirii de la F\u00e2nt\u00e2na Alb\u0103, s\u0103 nu uit\u0103m c\u0103 ei ne-au r\u0103scump\u0103rat prin s\u00e2nge tot ce avem sf\u00e2nt sub soare, \u015fi jertfa lor ne oblig\u0103 s\u0103 \u0163inem sus fruntea, rom\u00e2ni!<strong>[1]<\/strong><\/p>\n<div style=\"text-align: justify;\">&#8212;&#8212;&#8212;&#8212;&#8212;&#8212;&#8212;&#8212;&#8212;&#8212;&#8212;&#8212;&#8212;&#8212;&#8212;&#8211;<\/div>\n<div style=\"text-align: justify;\">[1] <a href=\"http:\/\/www.zorilebucovinei.com\/news\/show\/564\/\">http:\/\/www.zorilebucovinei.com\/news\/show\/564\/<\/a><\/div>\n<div style=\"text-align: justify;\">Pentru mai multe fotografii click\u00a0<a href=\"https:\/\/www.facebook.com\/media\/set\/?set=a.731637463535859.1073741834.457354170964191&amp;type=1\">aici<\/a><\/div>\n<div style=\"text-align: justify;\">Sursa: <a href=\"http:\/\/www.art-emis.ro\/\" target=\"_blank\">Revista ART \u2013 EMIS<\/a><\/div>\n<p style=\"text-align: right;\"><strong>Maria Toac\u0103, Cern\u0103u\u0163i, Ucraina \u00a0\u00a0<\/strong><\/p>\n","protected":false},"excerpt":{"rendered":"<p>C\u00e2nd ne \u00eentoarcem pe la casele noastre de la acest loc, \u00een\u0103l\u0163at la cerul nemuririi, s\u0103 nu uit\u0103m cine suntem [&#038;hellip<\/p>\n","protected":false},"author":1,"featured_media":0,"comment_status":"closed","ping_status":"closed","sticky":false,"template":"","format":"standard","meta":{"footnotes":""},"categories":[3,6],"tags":[],"class_list":["post-18045","post","type-post","status-publish","format-standard","hentry","category-articole","category-linkuri-externe"],"_links":{"self":[{"href":"https:\/\/www.marianagurza.ro\/blog\/wp-json\/wp\/v2\/posts\/18045","targetHints":{"allow":["GET"]}}],"collection":[{"href":"https:\/\/www.marianagurza.ro\/blog\/wp-json\/wp\/v2\/posts"}],"about":[{"href":"https:\/\/www.marianagurza.ro\/blog\/wp-json\/wp\/v2\/types\/post"}],"author":[{"embeddable":true,"href":"https:\/\/www.marianagurza.ro\/blog\/wp-json\/wp\/v2\/users\/1"}],"replies":[{"embeddable":true,"href":"https:\/\/www.marianagurza.ro\/blog\/wp-json\/wp\/v2\/comments?post=18045"}],"version-history":[{"count":3,"href":"https:\/\/www.marianagurza.ro\/blog\/wp-json\/wp\/v2\/posts\/18045\/revisions"}],"predecessor-version":[{"id":18048,"href":"https:\/\/www.marianagurza.ro\/blog\/wp-json\/wp\/v2\/posts\/18045\/revisions\/18048"}],"wp:attachment":[{"href":"https:\/\/www.marianagurza.ro\/blog\/wp-json\/wp\/v2\/media?parent=18045"}],"wp:term":[{"taxonomy":"category","embeddable":true,"href":"https:\/\/www.marianagurza.ro\/blog\/wp-json\/wp\/v2\/categories?post=18045"},{"taxonomy":"post_tag","embeddable":true,"href":"https:\/\/www.marianagurza.ro\/blog\/wp-json\/wp\/v2\/tags?post=18045"}],"curies":[{"name":"wp","href":"https:\/\/api.w.org\/{rel}","templated":true}]}}