{"id":18050,"date":"2014-04-08T11:18:56","date_gmt":"2014-04-08T11:18:56","guid":{"rendered":"http:\/\/www.marianagurza.ro\/blog\/?p=18050"},"modified":"2014-04-08T11:18:56","modified_gmt":"2014-04-08T11:18:56","slug":"maria-toaca-adevaruri-care-se-cer-scoase-din-morminte","status":"publish","type":"post","link":"https:\/\/www.marianagurza.ro\/blog\/2014\/04\/08\/maria-toaca-adevaruri-care-se-cer-scoase-din-morminte\/","title":{"rendered":"Maria Toac\u0103: Adev\u0103ruri care se cer scoase din morminte"},"content":{"rendered":"<p style=\"text-align: justify;\"><em><a href=\"http:\/\/www.marianagurza.ro\/blog\/wp-content\/uploads\/2014\/04\/b_300_472_16777215_0___images_stories_istorie_Fantana-alba-1.jpg\"><img loading=\"lazy\" decoding=\"async\" class=\"size-medium wp-image-18051 alignleft\" title=\"b_300_472_16777215_0___images_stories_istorie_Fantana-alba-1\" src=\"http:\/\/www.marianagurza.ro\/blog\/wp-content\/uploads\/2014\/04\/b_300_472_16777215_0___images_stories_istorie_Fantana-alba-1-190x300.jpg\" alt=\"\" width=\"190\" height=\"300\" srcset=\"https:\/\/www.marianagurza.ro\/blog\/wp-content\/uploads\/2014\/04\/b_300_472_16777215_0___images_stories_istorie_Fantana-alba-1-190x300.jpg 190w, https:\/\/www.marianagurza.ro\/blog\/wp-content\/uploads\/2014\/04\/b_300_472_16777215_0___images_stories_istorie_Fantana-alba-1.jpg 300w\" sizes=\"auto, (max-width: 190px) 100vw, 190px\" \/><\/a>Pentru c\u00e2ntecul t\u0103u \u0163intuit \u00een pripoane,<\/em><em>\/ Ridic\u0103-te, Gheorghe! ridic\u0103-te, Ioane!<\/em><em>\u201d<\/em>(Radu Gyr)<\/p>\n<p style=\"text-align: justify;\">N-am crezut c\u0103 voi asista la dezbateri at\u00e2t de aprinse, de oare ce conferin\u0163ele pe tema masacrelor de la Lunca \u015fi F\u00e2nt\u00e2na Alb\u0103, Societatea \u201eGolgota\u201d, condus\u0103 de Octavian Bivolaru, sunt organizate de c\u00e2\u0163iva ani, \u00een preajma zilei de 1 aprilie. M\u0103 \u00eentrebam ce mai putem spune, \u00een afar\u0103 de rostirea unei rug\u0103ciuni, p\u0103strarea minutului de reculegere \u015fi aprinderea c\u00e2torva lum\u00e2n\u0103ri \u00eentru odihna martirilor?! De\u015fi acesta mi-a fost g\u00e2ndul, am venit totu\u015fi \u015fi la conferin\u0163a din aceast\u0103 prim\u0103var\u0103. Or, r\u0103m\u00e2n ne\u00eendoielnic\u0103 \u00een convingerea c\u0103 orice manifestare de comemorare a victimelor regimului totalitar, orice \u00eentrunire \u00een cadrul c\u0103rora se evoc\u0103 pagini s\u00e2ngeroase din istoria trecutului, se rostesc cu evlavie nume ale cona\u0163ionalilor sacrifica\u0163i pentru libertatea de a g\u00e2ndi \u015fi vorbi rom\u00e2ne\u015fte, de a respira v\u0103zduhul liber al Patriei str\u0103bune, ne \u00eenal\u0163\u0103 pe scara virtu\u0163ilor, pun\u00e2ndu-ne un plus la \u00eendeplinirea datoriilor fa\u0163\u0103 de Eroii Neamului Rom\u00e2nesc. Avem \u00eenc\u0103 multe datorii ne\u00eemplinite \u015fi multe p\u0103cate, c\u0103ci, consider &#8211; nu e culpabilitate mai grav\u0103 \u00een fa\u0163a prezentului \u015fi viitorului -, dec\u00e2t ignorarea lec\u0163iilor s\u00e2ngeroase ale trecutului, de-a valma cu tr\u0103darea idealurilor pentru care au p\u0103timit rom\u00e2nii no\u015ftri la ocuparea \u0163inutului de hoardele lui Stalin.<\/p>\n<p style=\"text-align: justify;\">Reprezentantul Consulatului General al Rom\u00e2niei la Cern\u0103u\u0163i, domnul Ionel Ivan, a amintit c\u0103 aceast\u0103 mare tragedie este comemorat\u0103 \u015fi \u00een Rom\u00e2nia, la 1 aprilie av\u00e2nd loc manifest\u0103ri de doliu pentru rom\u00e2nii victimiza\u0163i \u00een zone greu \u00eencercate istoric. Petru Grior, primul pre\u015fedinte al \u201eGolgotei\u201d rom\u00e2ne\u015fti, a f\u0103cut o precizare important\u0103 privind societatea condus\u0103 de Octavian Bivolaru, \u00eenregistrat\u0103 oficial de cur\u00e2nd ca Societatea \u201eGolgota\u201d a rom\u00e2nilor din Ucraina. Referindu-se la importan\u0163a manifest\u0103rilor perindate din primul an de independen\u0163\u0103 a Ucrainei, el \u015fi-a exprimat regretul:\u00a0<em>\u201e\u00centotdeauna am crezut c\u0103 vorbele noastre pot opri f\u0103r\u0103delegile, \u00eens\u0103 evenimentele curente arat\u0103 c\u0103 nu le putem pune stavil\u0103. Dar nu uit ce mi-a spus o \u0163\u0103ranc\u0103 din Suceveni, \u00eenc\u0103 \u00een 1992. Dac\u0103 avem dreptul s\u0103 vorbim despre tragediile noastre, trebuie s\u0103 spunem adev\u0103rul at\u00e2t timp c\u00e2t ne bucur\u0103m de aceast\u0103 libertate\u201d.<\/em><\/p>\n<p style=\"text-align: justify;\">Scriitorul \u015fi cercet\u0103torul Dumitru Covalciuc, de exemplu, a vorbit la actuala conferin\u0163\u0103 despre \u00eenc\u0103 trei masacre &#8211; \u00eenainte de v\u0103rsarea de s\u00e2nge de la F\u00e2nt\u00e2na Alb\u0103 au fost uci\u015fi rom\u00e2ni la Carapciu, \u00een februarie 1941 &#8211; la Tereblecea, iar la 10 aprilie acela\u015fi an, la Cuciurul Mare. \u015ei dac\u0103 Petru Grior spune de 26 de mor\u0163i identifica\u0163i \u00een genocidul de la F\u00e2nt\u00e2na Alb\u0103, Dumitru Covalciuc vine cu cifra de 42 de victime, numele acestora devenindu-i cunoscute de pe crucile ridicate \u00een memoria lor prin localit\u0103\u0163ile rom\u00e2ne\u015fti din \u0163inut. Fostul profesor de istorie Gheorghe Onofreiciuc insist\u0103 c\u0103 num\u0103rul celor masacra\u0163i la 1 aprilie 1941 \u015fi \u00een zilele urm\u0103toare ajunge p\u00e2n\u0103 la 7.000, argument\u00e2nd c\u0103 s\u0103pt\u0103m\u00e2ni la r\u00e2nd solda\u0163ii v\u00e2nau oameni pa\u015fnici prin p\u0103duri, c\u00e2mpuri, \u00een drum, tr\u0103g\u00e2nd \u00een ei f\u0103r\u0103 judecat\u0103.<\/p>\n<p style=\"text-align: justify;\">Cu propuneri oportune, care sper\u0103m c\u0103 vor fi luate \u00een seam\u0103 de organizatorii conferin\u0163ei, a intervenit Nicolae Toma, redactorul-\u015fef al \u201eZorilor Bucovinei\u201d, pre\u015fedintele Societ\u0103\u0163ii Jurnali\u015ftilor Rom\u00e2ni Independen\u0163i din regiunea Cern\u0103u\u0163i: s\u0103 se fac\u0103 din partea participan\u0163ilor o declara\u0163ie privind sus\u0163inerea integrit\u0103\u0163ii teritoriale a Ucrainei; la inscrip\u0163ia de pe complexul memorial de la F\u00e2nt\u00e2na Alb\u0103 s\u0103 se adauge c\u0103 acolo au fost extermina\u0163i bucovineni rom\u00e2ni; s\u0103 se \u00eenainteze demersuri privind demontarea tancului din Cern\u0103u\u0163i, care nu prezint\u0103 valoare artistic\u0103-arhitectural\u0103 \u015fi e un simbol al totalitarismului sovietic. Ar fi cazul, probabil, s\u0103 ne g\u00e2ndim \u015fi la necesitatea confirm\u0103rii statutului nostru de etnie b\u0103\u015ftina\u015f\u0103, care e un drept consfin\u0163it de Declara\u0163ia O.N.U.. Nu sunt at\u00e2t de puternice vocile noastre, ca ale temerarilor ce \u015fi-au revendicat dreptul la libertate \u015fi democra\u0163ia european\u0103 pe EuroMaidanul de la Kiev. \u00eens\u0103 martirii evoca\u0163i cu pietate ne dau t\u0103rie s\u0103 ne ap\u0103r\u0103m dreptul la adev\u0103r, s\u0103 ridic\u0103m un zid \u00een fa\u0163a nedrept\u0103\u0163ilor \u015fi a Istoriei care nu trebuie s\u0103 se repete.<strong>[1]<\/strong><\/p>\n<p style=\"text-align: justify;\">&#8212;&#8212;&#8212;&#8212;&#8212;&#8212;&#8212;&#8212;&#8212;&#8212;&#8212;&#8212;&#8212;&#8211;<\/p>\n<p style=\"text-align: justify;\">[1] <a href=\"http:\/\/www.zorilebucovinei.com\/news\/37\/\">Golgota neamului<\/a><\/p>\n<p style=\"text-align: right;\"><strong>Maria Toac\u0103, Cern\u0103u\u0163i, Ucraina<\/strong><\/p>\n<p style=\"text-align: right;\">Sursa: <a href=\"http:\/\/www.art-emis.ro\/\" target=\"_blank\">Revista ART \u2013 EMIS<\/a><\/p>\n","protected":false},"excerpt":{"rendered":"<p>Pentru c\u00e2ntecul t\u0103u \u0163intuit \u00een pripoane,\/ Ridic\u0103-te, Gheorghe! ridic\u0103-te, Ioane!\u201d(Radu Gyr) N-am crezut c\u0103 voi asista la dezbateri at\u00e2t de [&#038;hellip<\/p>\n","protected":false},"author":1,"featured_media":0,"comment_status":"closed","ping_status":"closed","sticky":false,"template":"","format":"standard","meta":{"footnotes":""},"categories":[3,6],"tags":[],"class_list":["post-18050","post","type-post","status-publish","format-standard","hentry","category-articole","category-linkuri-externe"],"_links":{"self":[{"href":"https:\/\/www.marianagurza.ro\/blog\/wp-json\/wp\/v2\/posts\/18050","targetHints":{"allow":["GET"]}}],"collection":[{"href":"https:\/\/www.marianagurza.ro\/blog\/wp-json\/wp\/v2\/posts"}],"about":[{"href":"https:\/\/www.marianagurza.ro\/blog\/wp-json\/wp\/v2\/types\/post"}],"author":[{"embeddable":true,"href":"https:\/\/www.marianagurza.ro\/blog\/wp-json\/wp\/v2\/users\/1"}],"replies":[{"embeddable":true,"href":"https:\/\/www.marianagurza.ro\/blog\/wp-json\/wp\/v2\/comments?post=18050"}],"version-history":[{"count":2,"href":"https:\/\/www.marianagurza.ro\/blog\/wp-json\/wp\/v2\/posts\/18050\/revisions"}],"predecessor-version":[{"id":18053,"href":"https:\/\/www.marianagurza.ro\/blog\/wp-json\/wp\/v2\/posts\/18050\/revisions\/18053"}],"wp:attachment":[{"href":"https:\/\/www.marianagurza.ro\/blog\/wp-json\/wp\/v2\/media?parent=18050"}],"wp:term":[{"taxonomy":"category","embeddable":true,"href":"https:\/\/www.marianagurza.ro\/blog\/wp-json\/wp\/v2\/categories?post=18050"},{"taxonomy":"post_tag","embeddable":true,"href":"https:\/\/www.marianagurza.ro\/blog\/wp-json\/wp\/v2\/tags?post=18050"}],"curies":[{"name":"wp","href":"https:\/\/api.w.org\/{rel}","templated":true}]}}