{"id":18054,"date":"2014-04-09T05:52:37","date_gmt":"2014-04-09T05:52:37","guid":{"rendered":"http:\/\/www.marianagurza.ro\/blog\/?p=18054"},"modified":"2014-04-09T05:53:44","modified_gmt":"2014-04-09T05:53:44","slug":"victor-roncea-aparati-memoria-si-statuia-lui-mircea-vulcanescu-niste-criminali-de-pace-vor-sa-o-demoleze-multumirile-doamnei-mariuca-vulcanescu-pentru-toti-cei-ce-se-ridica-in-apararea-reprezentant","status":"publish","type":"post","link":"https:\/\/www.marianagurza.ro\/blog\/2014\/04\/09\/victor-roncea-aparati-memoria-si-statuia-lui-mircea-vulcanescu-niste-criminali-de-pace-vor-sa-o-demoleze-multumirile-doamnei-mariuca-vulcanescu-pentru-toti-cei-ce-se-ridica-in-apararea-reprezentant\/","title":{"rendered":"Victor Roncea: Ap\u0103ra\u021bi memoria \u0219i statuia lui Mircea Vulc\u0103nescu! Ni\u0219te criminali de pace vor s\u0103 o demoleze. Mul\u021bumirile Doamnei Mariuca Vulc\u0103nescu pentru to\u021bi cei ce se ridic\u0103 \u00een ap\u0103rarea reprezentantului dimensiunii rom\u00e2ne\u0219ti a existen\u021bei"},"content":{"rendered":"<p id=\"stcpDiv\" style=\"text-align: justify;\"><a href=\"http:\/\/www.marianagurza.ro\/blog\/wp-content\/uploads\/2014\/04\/mircea-vulcanescu.jpg\"><img loading=\"lazy\" decoding=\"async\" class=\"size-medium wp-image-18055 alignleft\" title=\"OLYMPUS DIGITAL CAMERA\" src=\"http:\/\/www.marianagurza.ro\/blog\/wp-content\/uploads\/2014\/04\/mircea-vulcanescu-225x300.jpg\" alt=\"\" width=\"225\" height=\"300\" srcset=\"https:\/\/www.marianagurza.ro\/blog\/wp-content\/uploads\/2014\/04\/mircea-vulcanescu-225x300.jpg 225w, https:\/\/www.marianagurza.ro\/blog\/wp-content\/uploads\/2014\/04\/mircea-vulcanescu.jpg 567w\" sizes=\"auto, (max-width: 225px) 100vw, 225px\" \/><\/a>O stire care frizeaza dementa in care se incearca aruncarea societatii romanesti de azi a batut in internet in miez de noapte: niste boi \u2013 sau poate unul singur \u2013 ar fi reclamat existenta statuii marelui roman si filosof crestin Mircea Vulcanescu, <a href=\"http:\/\/roncea.ro\/Conceputa%20in%20urma%20cu%20aproape%2025%20de%20ani%20de%20regretata%20sculptorita%20Valentina%20Bostina,%20sculptura%20a%20fost%20donata%20administratiei%20locale%20a%20sectorului%202,%20%E2%80%9Ef%C4%83r%C4%83%20pretentii%20de%20drept%20de%20autor%E2%80%9C,%20de%20fostul%20sot%20al%20sculptoritei,%20scriitorul%20si%20eseistul%20Ion%20Papuc%20-%20See%20more%20at:%20http:\/\/roncea.ro\/2009\/11\/01\/in-memoria-lui-mircea-vulcanescu-bust-dezvelit-la-bucuresti-in-prezenta-fiicei-sale-mariuca-vulcanescu-foto-audio\/#sthash.iF6CtZdC.dpuf\">inaugurata in 2009 in Bucuresti<\/a>, in Piateta de langa Biserica Sfantul Stefan, cu o vechime de 250 de ani, din apropierea Bisericii si strazii Mantuleasa a lui Mircea Eliade si a unei alte statui, a lui Petre Tutea, din curtea Bisericii Popa Soare, ansamblu care se constituie intr-o treime citadina binecuvantata. Statuia se afla la doi pasi de casa Familiei Vulcanescu, ridicata chiar de marele filosof si confiscata apoi de comunisti \u2013 refuzata, printre altii, ne noul comisar cultural Matei Socor, tatal lui Vladimir Socor si autorul primului imn comunist al RPR. Familia a fost aruncata in strada in timp ce tatal era deja inchis de bolsevici. Nici pana astazi statul nu a dat inapoi casa urmasilor martirului de la Aiud, asa cum se cuvenea. In schimb, i se agreseaza memoria! Cine s-a plimbat pe strazile batute de Eliade si Vulcanescu stie ce sentiment de pace dau cele trei figuri statuare si Bisericile care le strajuiesc impreuna cu aerul intregului cartier.\u00a0 Iata ca nu demult <a href=\"http:\/\/roncea.ro\/2014\/01\/29\/extraordinara-lume-evreiasca-a-contestatarului-lui-petre-tutea-fostul-ilustru-anonim-robert-d-reisz-istorisita-cu-lux-de-amanunte-de-proprii-sai-parinti-inedit-plus-azi-la-tvr-1-ora-21-00-most\/\">un alt personaj<\/a> strain de Romania a contestat la Timisoara <a href=\"http:\/\/roncea.ro\/2014\/01\/28\/asociatia-civic-media-catre-consiliul-local-timisoara-petre-tutea-ramane-un-geniu-al-romaniei-chiar-daca-robert-doron-reisz-emulul-lui-plesu-si-tismaneanu-il-considera-un-propagandist-legionar-c\/\">denumirea unei stradute<\/a> cu numele marelui roman Petre Tutea. Acum, suntem din nou in situatia in care un prost arunca o piatra, pentru a studia reactia ultimilor romani, care se chinuie sa o scoata din mocirla in care se doreste afundarea Romaniei. Cine este boul de azi, nu stim. Inca. Nici Primaria Sectorului 2, pe care am contactat-o putin mai devreme, nu stia, exact. N-are nimic; vom reveni. Oricum, in apararea memoriei si statuii martirului ucis la Aiud s-au ridicat rapid o suma de scriitori, printr-o <a href=\"http:\/\/www.petitieonline.com\/forum\/92495\">Petitie online <\/a>si tineri geopoliticieni, printr-un alt <a href=\"https:\/\/docs.google.com\/forms\/d\/16w_XrnXW40ZEscHl1_XQ5q-3MNaqdHEadDz_tU7itlI\/viewform\">Apel la solidaritate<\/a>.<\/p>\n<p style=\"text-align: justify;\">Sa adaugam: Prezenta benefica a figurilor celor trei mari romani, Eliade, Vulcanescu si Tutea, este cuprinsa intr-un<a href=\"http:\/\/www.zf.ro\/ziarul-de-duminica\/preview-un-proiect-pentru-bucuresti-mantuleasa-5169979\/\"> Proiect pentru Bucuresti: Mantuleasa<\/a> si intr-o studiu excelent despre <a href=\"http:\/\/www.bucurestiivechisinoi.ro\/?s=Mantuleasa&amp;x=0&amp;y=0\">Fenomenul Mantuleasa<\/a>, realizat, printre altii, si de actualul director al Muzeului Bucurestilor, dr. Adrian Majuru, pe care il asteptam cu o pozitie oficiala fata de acest afront la adresa bunului simt romanesc.<\/p>\n<p style=\"text-align: justify;\">Creata in urma cu aproape 25 de ani de Valentina Bostina, sculptura a fost donata administratiei locale a sectorului 2, \u201ef\u0103r\u0103 pretentii de drept de autor\u201c, de scriitorul Ion Papuc, sotul regretatei sculptorite. Distinsul eseist a afirmat pentru Roncea.Ro ca este dispus sa se alature unei actiuni in instanta impotriva acestui act aberant. Asteptam sa vedem ce institutie sau persoana a emis aceasta dementa in pragul Sfintelor Pasti!<\/p>\n<p style=\"text-align: justify;\">PS: Ce mai urmeaza? Sa fie contestata si denumirea strazii Mircea Vulcanescu, a liceelor Mircea Vulcanescu?\u2026 Poate si a denumirii orasului Bucuresti ca sigur ciobanul ala Bucur cam punea pe foc oile mai negre, mai ales de sarbatori&#8230;<\/p>\n<p style=\"text-align: justify;\">\n<p id=\"stcpDiv\" style=\"text-align: justify;\"><strong>Victor RONCEA<\/strong><\/p>\n<p style=\"text-align: justify;\">Cititi si: <a title=\"Primaria Sectorului 2 despre \u201cMonumentul lui Mircea Vulc\u0103nescu, una din cele mai reprezentative personalit\u0103\u0163i ale perioadei interbelice\u201d: \u201cSi-a g\u0103sit un loc bine-meritat\u201d\" href=\"http:\/\/www.ziaristionline.ro\/2014\/04\/09\/primaria-sectorului-2-despre-monumentul-lui-mircea-vulcanescu-una-din-cele-mai-reprezentative-personalitati-ale-perioadei-interbelice-si-a-gasit-un-loc-bine-meritat\/\" rel=\"bookmark\">Primaria Sectorului 2 despre \u201cMonumentul lui Mircea Vulc\u0103nescu, una din cele mai reprezentative personalit\u0103\u0163i ale perioadei interbelice\u201d: \u201cSi-a g\u0103sit un loc bine-meritat\u201d <\/a><\/p>\n<p style=\"text-align: justify;\">Foto sus: <a href=\"http:\/\/ziarullumina.ro\/actualitate\/mircea-vulcanescu-omagiat-de-elevi\">Ziarul Lumina \u2013 Tineri omagierea lui Mircea Vulcanescu la 71 de ani de moartea sa martirica<\/a><\/p>\n<p style=\"text-align: justify;\">Ascultati la <strong><a href=\"http:\/\/www.marturisitorii.ro\/category\/martiri-marturisitori\/mircea-vulcanescu\/\">Marturisitorii.Ro vocea lui Mircea Vulcanescu si cititi despre cum a murit marele roman, care tocmai a fost numit Cetatean de Onoare Post Mortem la Aiud<\/a><\/strong><\/p>\n<p style=\"text-align: justify;\">Sursa: <a href=\"http:\/\/roncea.ro\/\" target=\"_blank\">Victor Roncea<\/a><\/p>\n<p style=\"text-align: justify;\">De citit \u0219i <a href=\"http:\/\/bucovinaprofunda.wordpress.com\/2014\/04\/07\/nu-demolati-statuia-lui-mircea-vulcanescu-prof-mihai-floarea-pe-cine-deranjeaza-mircea-vulcanescu\/\">http:\/\/bucovinaprofunda.wordpress.com\/2014\/04\/07\/nu-demolati-statuia-lui-mircea-vulcanescu-prof-mihai-floarea-pe-cine-deranjeaza-mircea-vulcanescu\/<\/a><\/p>\n","protected":false},"excerpt":{"rendered":"<p>O stire care frizeaza dementa in care se incearca aruncarea societatii romanesti de azi a batut in internet in miez [&#038;hellip<\/p>\n","protected":false},"author":1,"featured_media":0,"comment_status":"closed","ping_status":"closed","sticky":false,"template":"","format":"standard","meta":{"footnotes":""},"categories":[3,6],"tags":[],"class_list":["post-18054","post","type-post","status-publish","format-standard","hentry","category-articole","category-linkuri-externe"],"_links":{"self":[{"href":"https:\/\/www.marianagurza.ro\/blog\/wp-json\/wp\/v2\/posts\/18054","targetHints":{"allow":["GET"]}}],"collection":[{"href":"https:\/\/www.marianagurza.ro\/blog\/wp-json\/wp\/v2\/posts"}],"about":[{"href":"https:\/\/www.marianagurza.ro\/blog\/wp-json\/wp\/v2\/types\/post"}],"author":[{"embeddable":true,"href":"https:\/\/www.marianagurza.ro\/blog\/wp-json\/wp\/v2\/users\/1"}],"replies":[{"embeddable":true,"href":"https:\/\/www.marianagurza.ro\/blog\/wp-json\/wp\/v2\/comments?post=18054"}],"version-history":[{"count":3,"href":"https:\/\/www.marianagurza.ro\/blog\/wp-json\/wp\/v2\/posts\/18054\/revisions"}],"predecessor-version":[{"id":18057,"href":"https:\/\/www.marianagurza.ro\/blog\/wp-json\/wp\/v2\/posts\/18054\/revisions\/18057"}],"wp:attachment":[{"href":"https:\/\/www.marianagurza.ro\/blog\/wp-json\/wp\/v2\/media?parent=18054"}],"wp:term":[{"taxonomy":"category","embeddable":true,"href":"https:\/\/www.marianagurza.ro\/blog\/wp-json\/wp\/v2\/categories?post=18054"},{"taxonomy":"post_tag","embeddable":true,"href":"https:\/\/www.marianagurza.ro\/blog\/wp-json\/wp\/v2\/tags?post=18054"}],"curies":[{"name":"wp","href":"https:\/\/api.w.org\/{rel}","templated":true}]}}