{"id":18065,"date":"2014-04-10T06:51:28","date_gmt":"2014-04-10T06:51:28","guid":{"rendered":"http:\/\/www.marianagurza.ro\/blog\/?p=18065"},"modified":"2014-04-10T07:03:52","modified_gmt":"2014-04-10T07:03:52","slug":"forumul-cultural-al-ramnicului-biblioteca-judeteana-%c2%ab-antim-ivireanul-%c2%bb-valcea-isi-omagiaza-fiul-locului","status":"publish","type":"post","link":"https:\/\/www.marianagurza.ro\/blog\/2014\/04\/10\/forumul-cultural-al-ramnicului-biblioteca-judeteana-%c2%ab-antim-ivireanul-%c2%bb-valcea-isi-omagiaza-fiul-locului\/","title":{"rendered":"Forumul Cultural al R\u00e2mnicului, Biblioteca Jude\u021bean\u0103 ,,Antim Ivireanul&#8221; V\u00e2lcea, omagiaz\u0103 un fiu al locului! La mul\u021bi ani, George Anca!"},"content":{"rendered":"<p align=\"center\"><strong>FORUMUL CULTURAL AL R\u00c2MNICULUI<\/strong><\/p>\n<p align=\"center\"><strong>BIBLIOTECA JUDE\u0162EAN\u0102 \u00ab\u00a0ANTIM IVIREANUL\u00a0\u00bb<\/strong><\/p>\n<p align=\"center\"><strong>V\u00c2LCEA<\/strong><\/p>\n<p align=\"center\"><strong>\u00a0<\/strong><\/p>\n<p align=\"center\"><strong><em>Medalion aniversar<\/em><\/strong><\/p>\n<p style=\"text-align: center;\"><a href=\"http:\/\/www.marianagurza.ro\/blog\/wp-content\/uploads\/2014\/04\/george-anca-im12a.jpg\"><img loading=\"lazy\" decoding=\"async\" class=\"size-medium wp-image-18070\" title=\"george-anca-im12a\" src=\"http:\/\/www.marianagurza.ro\/blog\/wp-content\/uploads\/2014\/04\/george-anca-im12a-183x300.jpg\" alt=\"\" width=\"183\" height=\"300\" \/><\/a><\/p>\n<div>\n<p align=\"center\"><strong>George ANCA<\/strong><\/p>\n<p align=\"center\"><strong><em>sau <\/em><\/strong><\/p>\n<p align=\"center\"><strong><em>\u00a0<\/em><\/strong><\/p>\n<p align=\"center\"><strong>INSPIRA\u0162IE \u015fi ERUDI\u0162IE<\/strong><\/p>\n<p align=\"center\"><strong>\u00a0<\/strong><\/p>\n<p align=\"center\"><strong>R\u00c2MNICU-V\u00c2LCEA<\/strong><\/p>\n<p align=\"center\"><strong>Biblioteca Jude\u0163ean\u0103 \u201eAntim Ivireanul\u201d V\u00e2lcea<\/strong><\/p>\n<p align=\"center\"><strong>S\u00e2mb\u0103t\u0103, 12 aprilie 2014, ora 17.00<\/strong><\/p>\n<p><strong>\u00a0<\/strong><\/p>\n<\/div>\n<p><strong><br clear=\"all\" \/> <\/strong><\/p>\n<div>\n<p><strong><em>\u00a0\u00a0\u00a0\u00a0\u00a0\u00a0\u00a0 \u00a0\u00a0C\u0102L\u0102TOR<\/em><\/strong><\/p>\n<p><strong><em>\u00a0<\/em><\/strong><\/p>\n<p><strong>\u00a0\u00a0\u00a0\u00a0\u00a0\u00a0\u00a0 (Din volumul<\/strong><\/p>\n<p><strong><em>\u00a0\u00a0\u00a0 Poemele p\u0103rin\u0163ilor<\/em><\/strong><strong>)<\/strong><\/p>\n<p><strong>\u00a0<\/strong><\/p>\n<p><strong><em>\u00a0<\/em><\/strong><\/p>\n<p><strong><em>G\u0103zduitul c\u0103l\u0103tor<\/em><\/strong><\/p>\n<p><strong><em>Dintr-o zare f\u0103r\u0103 nor,<\/em><\/strong><\/p>\n<p><strong><em>\u00cen somn tulbure, ne cere <\/em><\/strong><\/p>\n<p><strong><em>\u015ei un pic de m\u00e2ng\u00e2iere<\/em><\/strong><\/p>\n<p><strong><em>\u00a0<\/em><\/strong><\/p>\n<p><strong><em>Se apleac\u0103 sora noastr\u0103<\/em><\/strong><\/p>\n<p><strong><em>S\u0103-l s\u0103rute foarte cast\u0103<\/em><\/strong><\/p>\n<p><strong><em>\u015ei el doarme mai departe \u2013 <\/em><\/strong><\/p>\n<p><strong><em>Cast\u0103-i sora noastr\u0103 foarte<\/em><\/strong><\/p>\n<p><strong><em>\u00a0<\/em><\/strong><\/p>\n<p><strong><em>G\u0103zduite c\u0103l\u0103tor,<\/em><\/strong><\/p>\n<p><strong><em>s-a l\u0103sat \u00een zare nor,<\/em><\/strong><\/p>\n<p><strong><em>numai sora noastr\u0103 cere<\/em><\/strong><\/p>\n<p><strong><em>\u015fi un pic de m\u00e2ng\u00e2iere<\/em><\/strong><\/p>\n<p><strong><em>\u00a0<\/em><\/strong><\/p>\n<p style=\"text-align: left;\"><strong><em>\u00a0\u00a0\u00a0\u00a0\u00a0\u00a0\u00a0\u00a0\u00a0\u00a0 M\u0102IASTRA \u00ceN DODII<\/em><\/strong><\/p>\n<p style=\"text-align: left;\"><strong>\u00a0\u00a0\u00a0\u00a0 \u00a0 \u00a0 \u00a0 \u00a0 \u00a0 \u00a0 \u00a0\u00a0 \u00a0 (Fragment)<\/strong><\/p>\n<p style=\"text-align: left;\"><strong><em>P\u0103durea de-aproape<\/em><\/strong><\/p>\n<p style=\"text-align: left;\"><strong><em>\u00cenfrunze\u015fte ape;<\/em><\/strong><\/p>\n<p style=\"text-align: left;\"><strong><em>Din p\u0103dure-n jos,<\/em><\/strong><\/p>\n<p style=\"text-align: left;\"><strong><em>Un p\u00e2r\u00e2u frumos<\/em><\/strong><\/p>\n<p style=\"text-align: left;\"><strong><em>Printre voi, pe vale,<\/em><\/strong><\/p>\n<p style=\"text-align: left;\"><strong><em>O p\u0103dure \u2013 nfloare;<\/em><\/strong><\/p>\n<p style=\"text-align: left;\"><strong><em>Laturile-n l\u0103turi,<\/em><\/strong><\/p>\n<p style=\"text-align: left;\"><strong><em>Paturi f\u0103r\u0103 p\u0103turi (. . .)<\/em><\/strong><\/p>\n<p style=\"text-align: left;\"><strong><em>M\u0103iastra c\u00e2nt\u0103 <\/em><\/strong><\/p>\n<p style=\"text-align: left;\"><strong><em>din nev\u0103zut; <\/em><\/strong><\/p>\n<p style=\"text-align: left;\"><strong><em>p\u0103rin\u0163ii se m\u00e2nie<\/em><\/strong><\/p>\n<p style=\"text-align: left;\"><strong><em>acas\u0103 \u00een cunie<\/em><\/strong><\/p>\n<p style=\"text-align: left;\"><strong><em>dintre norii to\u0163i,<\/em><\/strong><\/p>\n<p style=\"text-align: left;\"><strong><em>pas\u0103re s\u0103-mi sco\u0163i, <\/em><\/strong><\/p>\n<p style=\"text-align: left;\"><strong><em>fulgerul s\u0103-l dai<\/em><\/strong><\/p>\n<p style=\"text-align: left;\"><strong><em>\u00a0aripilor cai (. . .)<\/em><\/strong><\/p>\n<\/div>\n<p style=\"text-align: left;\"><strong><em><br clear=\"all\" \/> <\/em><\/strong><\/p>\n<p style=\"text-align: center;\">***<\/p>\n<p align=\"center\"><strong>PROGRAMUL MANIFEST\u0102RII<\/strong><\/p>\n<p><strong>\u00a0<\/strong><\/p>\n<p style=\"text-align: justify;\"><strong>1. Minirecital muzical prezentat de soprana CAMELIA CLAVAC. La pian: Dorina ARSENESCU<\/strong><\/p>\n<p style=\"text-align: justify;\"><strong>2. Cuv\u00e2nt de deschidere: Ec. Dr. Remus GRIGORESCU \u2013 directorul BJAI V\u00e2lcea<\/strong><\/p>\n<p style=\"text-align: justify;\"><strong>3. Prezentarea filmului documentar <em>Din nouri de eres, <\/em>realizat de Flori GHI\u0162\u0102; text: Ion SOARE, lectura \u2013 Alina NICOLA<\/strong><\/p>\n<p style=\"text-align: justify;\"><strong>\u00a04. Vizitarea Expozi\u0163iei de c\u0103r\u0163i \u015fi manuscrise ale scriitorului \u015fi c\u0103rturarului George ANCA<em>. Prezint\u0103 Ioan St. LAZ\u0102R<\/em><\/strong><strong>.<br \/>\n<\/strong><\/p>\n<p style=\"text-align: justify;\"><strong>\u00a0<\/strong><strong>5<\/strong><strong>. Alocu\u0163iuni \u015fi evoc\u0103ri\u00a0: Augustina Sanda CONSTANTINESCU, Al. POPESCU-MIH\u0102E\u015eTI, Doru MO\u0162OC, Adina DUMITRESCU, Ioan St. LAZ\u0102R, Gheorghe DEACONU, Felix SIMA\u00a0\u00a0 <\/strong><strong><\/strong><\/p>\n<p style=\"text-align: justify;\"><strong>\u00a0\u00a0\u00a0 6. Cuv\u00e2ntul protagonistului<\/strong><\/p>\n<p style=\"text-align: justify;\"><strong>\u00a0\u00a0\u00a0\u00a0 7. Moment de protocol<\/strong><\/p>\n<p style=\"text-align: justify;\"><strong>\u00a0<\/strong><\/p>\n<div>\n<p style=\"text-align: justify;\" align=\"center\"><strong><br \/>\n<\/strong><\/p>\n<\/div>\n<p style=\"text-align: left;\" align=\"center\"><strong><em>Moderator<\/em><\/strong><strong>: Ion SOARE<\/strong><\/p>\n<p align=\"center\"><a href=\"http:\/\/www.marianagurza.ro\/blog\/wp-content\/uploads\/2014\/04\/Medalion-GANCA.page4_.jpg\"><img loading=\"lazy\" decoding=\"async\" class=\"size-medium wp-image-18066 aligncenter\" title=\"Medalion GANCA.page4\" src=\"http:\/\/www.marianagurza.ro\/blog\/wp-content\/uploads\/2014\/04\/Medalion-GANCA.page4_-211x300.jpg\" alt=\"\" width=\"211\" height=\"300\" srcset=\"https:\/\/www.marianagurza.ro\/blog\/wp-content\/uploads\/2014\/04\/Medalion-GANCA.page4_-211x300.jpg 211w, https:\/\/www.marianagurza.ro\/blog\/wp-content\/uploads\/2014\/04\/Medalion-GANCA.page4_-722x1024.jpg 722w, https:\/\/www.marianagurza.ro\/blog\/wp-content\/uploads\/2014\/04\/Medalion-GANCA.page4_.jpg 1750w\" sizes=\"auto, (max-width: 211px) 100vw, 211px\" \/><\/a><\/p>\n<p align=\"center\"><strong>La Mul\u021bi \u0219i Buni Ani, Maestre George ANCA!<\/strong><\/p>\n<p><strong>\u00a0<\/strong><\/p>\n<p align=\"center\"><strong>\u00a0<\/strong><\/p>\n","protected":false},"excerpt":{"rendered":"<p>FORUMUL CULTURAL AL R\u00c2MNICULUI BIBLIOTECA JUDE\u0162EAN\u0102 \u00ab\u00a0ANTIM IVIREANUL\u00a0\u00bb V\u00c2LCEA \u00a0 Medalion aniversar George ANCA sau \u00a0 INSPIRA\u0162IE \u015fi ERUDI\u0162IE \u00a0 [&#038;hellip<\/p>\n","protected":false},"author":1,"featured_media":0,"comment_status":"closed","ping_status":"closed","sticky":false,"template":"","format":"standard","meta":{"footnotes":""},"categories":[3],"tags":[],"class_list":["post-18065","post","type-post","status-publish","format-standard","hentry","category-articole"],"_links":{"self":[{"href":"https:\/\/www.marianagurza.ro\/blog\/wp-json\/wp\/v2\/posts\/18065","targetHints":{"allow":["GET"]}}],"collection":[{"href":"https:\/\/www.marianagurza.ro\/blog\/wp-json\/wp\/v2\/posts"}],"about":[{"href":"https:\/\/www.marianagurza.ro\/blog\/wp-json\/wp\/v2\/types\/post"}],"author":[{"embeddable":true,"href":"https:\/\/www.marianagurza.ro\/blog\/wp-json\/wp\/v2\/users\/1"}],"replies":[{"embeddable":true,"href":"https:\/\/www.marianagurza.ro\/blog\/wp-json\/wp\/v2\/comments?post=18065"}],"version-history":[{"count":7,"href":"https:\/\/www.marianagurza.ro\/blog\/wp-json\/wp\/v2\/posts\/18065\/revisions"}],"predecessor-version":[{"id":18068,"href":"https:\/\/www.marianagurza.ro\/blog\/wp-json\/wp\/v2\/posts\/18065\/revisions\/18068"}],"wp:attachment":[{"href":"https:\/\/www.marianagurza.ro\/blog\/wp-json\/wp\/v2\/media?parent=18065"}],"wp:term":[{"taxonomy":"category","embeddable":true,"href":"https:\/\/www.marianagurza.ro\/blog\/wp-json\/wp\/v2\/categories?post=18065"},{"taxonomy":"post_tag","embeddable":true,"href":"https:\/\/www.marianagurza.ro\/blog\/wp-json\/wp\/v2\/tags?post=18065"}],"curies":[{"name":"wp","href":"https:\/\/api.w.org\/{rel}","templated":true}]}}