{"id":18075,"date":"2014-04-10T07:13:52","date_gmt":"2014-04-10T07:13:52","guid":{"rendered":"http:\/\/www.marianagurza.ro\/blog\/?p=18075"},"modified":"2014-04-10T07:13:52","modified_gmt":"2014-04-10T07:13:52","slug":"medalion-aniversar-george-anca","status":"publish","type":"post","link":"https:\/\/www.marianagurza.ro\/blog\/2014\/04\/10\/medalion-aniversar-george-anca\/","title":{"rendered":"Medalion aniversar: George Anca"},"content":{"rendered":"<p style=\"text-align: center;\"><a href=\"http:\/\/www.marianagurza.ro\/blog\/wp-content\/uploads\/2014\/04\/GEORGE-ANCA.jpg\"><img loading=\"lazy\" decoding=\"async\" class=\"size-medium wp-image-18076\" title=\"GEORGE ANCA\" src=\"http:\/\/www.marianagurza.ro\/blog\/wp-content\/uploads\/2014\/04\/GEORGE-ANCA-218x300.jpg\" alt=\"\" width=\"218\" height=\"300\" srcset=\"https:\/\/www.marianagurza.ro\/blog\/wp-content\/uploads\/2014\/04\/GEORGE-ANCA-218x300.jpg 218w, https:\/\/www.marianagurza.ro\/blog\/wp-content\/uploads\/2014\/04\/GEORGE-ANCA.jpg 347w\" sizes=\"auto, (max-width: 218px) 100vw, 218px\" \/><\/a><\/p>\n<p align=\"center\"><strong>George ANCA<\/strong><\/p>\n<p align=\"center\"><strong><em>sau<\/em><\/strong><strong><em> <\/em><\/strong><\/p>\n<p align=\"center\"><strong><em>\u00a0<\/em><\/strong><\/p>\n<p align=\"center\"><strong>INSPIRA\u0162IE \u015fi ERUDI\u0162IE<\/strong><\/p>\n<p align=\"center\"><strong>\u00a0<\/strong><\/p>\n<p align=\"center\"><strong>Manifestarea va avea loc la <\/strong><\/p>\n<p align=\"center\"><strong>Biblioteca Jude\u0163ean\u0103 \u201eAntim Ivireanul\u201d V\u00e2lcea,<\/strong><\/p>\n<p align=\"center\"><strong>S\u00e2mb\u0103t\u0103 \u2013 12 aprilie 2014, ora 17.00<\/strong><\/p>\n<p align=\"center\"><strong>***<\/strong><\/p>\n<p style=\"text-align: center;\" align=\"center\"><strong><em>Poet, prozator, critic \u015fi istoric literar, eseist, dramaturg, indianist, sanscritolog, antropolog cultural, traduc\u0103tor etc., GEORGE ANCA s-a impus ca unul dintre cei mai importan\u0163i c\u0103rturari, scriitori \u015fi oameni de cultur\u0103 rom\u00e2ni. El este autorul unei opere vaste, de \u201ecombina\u0163ii pline de virtuozitate \u00eentre originismul universal \u015fi modernismul arhaizant, trat\u00e2nd \u015fi genuri mai rare cum ar fi teatrul absurdului sau de excep\u0163ie \u2013 dodiile\u201d, care l-au condus spre <\/em><\/strong><\/p>\n<p style=\"text-align: center;\" align=\"center\"><strong><em>crearea unui stil original \u00een literatur\u0103<\/em><\/strong><strong><em><\/em><\/strong><\/p>\n<p><strong><br \/>\n<\/strong><\/p>\n","protected":false},"excerpt":{"rendered":"<p>George ANCA sau \u00a0 INSPIRA\u0162IE \u015fi ERUDI\u0162IE \u00a0 Manifestarea va avea loc la Biblioteca Jude\u0163ean\u0103 \u201eAntim Ivireanul\u201d V\u00e2lcea, S\u00e2mb\u0103t\u0103 \u2013 [&#038;hellip<\/p>\n","protected":false},"author":1,"featured_media":0,"comment_status":"closed","ping_status":"closed","sticky":false,"template":"","format":"standard","meta":{"footnotes":""},"categories":[3],"tags":[],"class_list":["post-18075","post","type-post","status-publish","format-standard","hentry","category-articole"],"_links":{"self":[{"href":"https:\/\/www.marianagurza.ro\/blog\/wp-json\/wp\/v2\/posts\/18075","targetHints":{"allow":["GET"]}}],"collection":[{"href":"https:\/\/www.marianagurza.ro\/blog\/wp-json\/wp\/v2\/posts"}],"about":[{"href":"https:\/\/www.marianagurza.ro\/blog\/wp-json\/wp\/v2\/types\/post"}],"author":[{"embeddable":true,"href":"https:\/\/www.marianagurza.ro\/blog\/wp-json\/wp\/v2\/users\/1"}],"replies":[{"embeddable":true,"href":"https:\/\/www.marianagurza.ro\/blog\/wp-json\/wp\/v2\/comments?post=18075"}],"version-history":[{"count":2,"href":"https:\/\/www.marianagurza.ro\/blog\/wp-json\/wp\/v2\/posts\/18075\/revisions"}],"predecessor-version":[{"id":18078,"href":"https:\/\/www.marianagurza.ro\/blog\/wp-json\/wp\/v2\/posts\/18075\/revisions\/18078"}],"wp:attachment":[{"href":"https:\/\/www.marianagurza.ro\/blog\/wp-json\/wp\/v2\/media?parent=18075"}],"wp:term":[{"taxonomy":"category","embeddable":true,"href":"https:\/\/www.marianagurza.ro\/blog\/wp-json\/wp\/v2\/categories?post=18075"},{"taxonomy":"post_tag","embeddable":true,"href":"https:\/\/www.marianagurza.ro\/blog\/wp-json\/wp\/v2\/tags?post=18075"}],"curies":[{"name":"wp","href":"https:\/\/api.w.org\/{rel}","templated":true}]}}