{"id":18097,"date":"2014-04-13T08:37:12","date_gmt":"2014-04-13T08:37:12","guid":{"rendered":"http:\/\/www.marianagurza.ro\/blog\/?p=18097"},"modified":"2014-04-13T08:39:48","modified_gmt":"2014-04-13T08:39:48","slug":"victor-roncea-bucurie-tristete-smerenie-si-iubire-pentru-vrajmasi-%e2%80%93-sentimentele-saptamanii-patimilor-%e2%80%9csa-nu-ne-razbunam%e2%80%9d-%e2%80%93-ips-teofan-predica-la-duminica-flori","status":"publish","type":"post","link":"https:\/\/www.marianagurza.ro\/blog\/2014\/04\/13\/victor-roncea-bucurie-tristete-smerenie-si-iubire-pentru-vrajmasi-%e2%80%93-sentimentele-saptamanii-patimilor-%e2%80%9csa-nu-ne-razbunam%e2%80%9d-%e2%80%93-ips-teofan-predica-la-duminica-flori\/","title":{"rendered":"IPS Teofan: ,,Bucurie, Triste\u021be, Smerenie \u0219i Iubire pentru vrajma\u0219i \u2013 Sentimentele Sapt\u0103m\u00e2nii Patimilor. \u201cS\u0103 nu ne r\u0103zbun\u0103m!\u201d \u2013 IPS Teofan, Predic\u0103 la Duminica Floriilor &#8220;"},"content":{"rendered":"<p style=\"text-align: center;\"><a href=\"http:\/\/www.marianagurza.ro\/blog\/wp-content\/uploads\/2014\/04\/Intrarea-Domnului-in-Ierusalim-Floriile.jpg\"><img loading=\"lazy\" decoding=\"async\" class=\"size-medium wp-image-18098\" title=\"Intrarea-Domnului-in-Ierusalim-Floriile\" src=\"http:\/\/www.marianagurza.ro\/blog\/wp-content\/uploads\/2014\/04\/Intrarea-Domnului-in-Ierusalim-Floriile-300x179.jpg\" alt=\"\" width=\"300\" height=\"179\" srcset=\"https:\/\/www.marianagurza.ro\/blog\/wp-content\/uploads\/2014\/04\/Intrarea-Domnului-in-Ierusalim-Floriile-300x179.jpg 300w, https:\/\/www.marianagurza.ro\/blog\/wp-content\/uploads\/2014\/04\/Intrarea-Domnului-in-Ierusalim-Floriile.jpg 546w\" sizes=\"auto, (max-width: 300px) 100vw, 300px\" \/><\/a><\/p>\n<p id=\"stcpDiv\" style=\"text-align: justify;\">\u201cS\u0103pt\u0103m\u00e2na a \u0219asea din post este plin\u0103 de evenimente \u0219i de mare densitate duhovniceasc\u0103. \u00cen treac\u0103t, ea ne aduce aminte de tradi\u021bia pustniceasc\u0103 a primelor veacuri cre\u0219tine, pomenit\u0103 \u00een via\u021ba Cuvioasei Maria Egipteanca. La sf\u00e2r\u0219itul s\u0103pt\u0103m\u00e2nii, pustnicii se \u00eentorceau \u00een ob\u0219te de prin pustiile \u00een care se nevoiser\u0103 \u00een vremea postului, pentru \u00eemp\u0103rt\u0103\u0219irea cu Sfintele Taine \u0219i \u00eempreun\u0103-pr\u0103znuirea Sfintelor Pa\u0219ti. \u201eVeni\u021bi cei de prin pustii, de prin mun\u021bi \u0219i de prin pe\u0219teri, aduna\u021bi-v\u0103 \u00eempreun\u0103 cu noi, \u021bin\u00e2nd, ca s\u0103 \u00eent\u00e2mpin\u0103m pe \u00cemp\u0103ratul \u0219i St\u0103p\u00e2nul, c\u0103 vine s\u0103 m\u00e2ntuiasc\u0103 sufletele noastre\u201d (Vineri, tripesni\u021b).\u201d \u2013 <a href=\"http:\/\/www.doxologia.ro\/viata-bisericii\/predici\/parintele-petroniu-tanase-predica-la-duminica-floriilor-intrarea-ierusalim\">P\u0103rintele Petroniu T\u0103nase \u2013 Predic\u0103 la Duminica Floriilor \u2013 Intrarea \u00een Ierusalim<\/a><\/p>\n<p style=\"text-align: justify;\">\u201c(\u2026) Sa-l rugam pe Dumnezeu sa ne ofere si noua aceasta stare de Cruce, aceasta stare de rastignire permanenta, prin care, indreptandu-ne spre cei care ne fac rau, in primul rand, sa nu ne razbunam, in cel de-al doilea rand, sa ne rugam pentru ei, si nu se stie, in ce chip si prin ce stare de razboi launtric, Dumnezeu ne va oferi o picatura de har prin care iubirea noastra sa-i cuprinda si pe cei care ne fac rau. (\u2026)\u201d \u2013 Integral la <a href=\"http:\/\/www.doxologia.ro\/video\/predici\/ips-teofan-predica-la-duminica-floriilor\">IPS Teofan, Predic\u0103 la Duminica Floriilor<\/a><\/p>\n<p style=\"text-align: justify;\">Vedeti si: <a href=\"http:\/\/www.doxologia.ro\/video\/predici\/cuvant-ips-teofan-la-finalul-sfintei-liturghii-darurilor-mai-inainte-sfintite-09\">Cuv\u00e2nt IPS Teofan la finalul Sfintei Liturghii a Darurilor mai \u00eenainte Sfin\u021bite 09 aprilie 2014\u00a0<\/a> (audio cu o foto de <a href=\"http:\/\/precum-in-cer.ro\/\">Cristina Nichitus Roncea<\/a>)<\/p>\n<p style=\"text-align: justify;\">Doxologia va prezinta azi si <a href=\"http:\/\/www.doxologia.ro\/autor\/staretul-tadei-de-la-manastirea-vitovnita\">Stare\u021bul Tadei de la M\u0103n\u0103stirea Vitovni\u021ba \u2013 11 ani de la adormire<\/a><\/p>\n<p style=\"text-align: justify;\">Sursa: <a href=\"http:\/\/roncea.ro\/\" target=\"_blank\">Victor Roncea<\/a><\/p>\n","protected":false},"excerpt":{"rendered":"<p>\u201cS\u0103pt\u0103m\u00e2na a \u0219asea din post este plin\u0103 de evenimente \u0219i de mare densitate duhovniceasc\u0103. \u00cen treac\u0103t, ea ne aduce aminte [&#038;hellip<\/p>\n","protected":false},"author":1,"featured_media":0,"comment_status":"closed","ping_status":"closed","sticky":false,"template":"","format":"standard","meta":{"footnotes":""},"categories":[3,6],"tags":[],"class_list":["post-18097","post","type-post","status-publish","format-standard","hentry","category-articole","category-linkuri-externe"],"_links":{"self":[{"href":"https:\/\/www.marianagurza.ro\/blog\/wp-json\/wp\/v2\/posts\/18097","targetHints":{"allow":["GET"]}}],"collection":[{"href":"https:\/\/www.marianagurza.ro\/blog\/wp-json\/wp\/v2\/posts"}],"about":[{"href":"https:\/\/www.marianagurza.ro\/blog\/wp-json\/wp\/v2\/types\/post"}],"author":[{"embeddable":true,"href":"https:\/\/www.marianagurza.ro\/blog\/wp-json\/wp\/v2\/users\/1"}],"replies":[{"embeddable":true,"href":"https:\/\/www.marianagurza.ro\/blog\/wp-json\/wp\/v2\/comments?post=18097"}],"version-history":[{"count":3,"href":"https:\/\/www.marianagurza.ro\/blog\/wp-json\/wp\/v2\/posts\/18097\/revisions"}],"predecessor-version":[{"id":18100,"href":"https:\/\/www.marianagurza.ro\/blog\/wp-json\/wp\/v2\/posts\/18097\/revisions\/18100"}],"wp:attachment":[{"href":"https:\/\/www.marianagurza.ro\/blog\/wp-json\/wp\/v2\/media?parent=18097"}],"wp:term":[{"taxonomy":"category","embeddable":true,"href":"https:\/\/www.marianagurza.ro\/blog\/wp-json\/wp\/v2\/categories?post=18097"},{"taxonomy":"post_tag","embeddable":true,"href":"https:\/\/www.marianagurza.ro\/blog\/wp-json\/wp\/v2\/tags?post=18097"}],"curies":[{"name":"wp","href":"https:\/\/api.w.org\/{rel}","templated":true}]}}