{"id":18102,"date":"2014-04-14T10:48:47","date_gmt":"2014-04-14T10:48:47","guid":{"rendered":"http:\/\/www.marianagurza.ro\/blog\/?p=18102"},"modified":"2014-04-14T10:48:47","modified_gmt":"2014-04-14T10:48:47","slug":"ben-todica-george-anca-la-aniversare","status":"publish","type":"post","link":"https:\/\/www.marianagurza.ro\/blog\/2014\/04\/14\/ben-todica-george-anca-la-aniversare\/","title":{"rendered":"Ben Todic\u0103: George Anca, la aniversare"},"content":{"rendered":"<p style=\"text-align: center;\"><a href=\"http:\/\/www.marianagurza.ro\/blog\/wp-content\/uploads\/2014\/04\/1.jpg\"><img loading=\"lazy\" decoding=\"async\" class=\"size-medium wp-image-18103\" title=\"1\" src=\"http:\/\/www.marianagurza.ro\/blog\/wp-content\/uploads\/2014\/04\/1-300x193.jpg\" alt=\"\" width=\"300\" height=\"193\" srcset=\"https:\/\/www.marianagurza.ro\/blog\/wp-content\/uploads\/2014\/04\/1-300x193.jpg 300w, https:\/\/www.marianagurza.ro\/blog\/wp-content\/uploads\/2014\/04\/1.jpg 677w\" sizes=\"auto, (max-width: 300px) 100vw, 300px\" \/><\/a><\/p>\n<p style=\"text-align: justify;\">Draga George,<\/p>\n<p style=\"text-align: justify;\">Din partea mea si a Programului in Limba Romana al statiei de radio 3zzz 92,3 fm si a postului de televiziune Ch 31 TV din Melbourne, Australia primeste multa sanatate, viata lunga si imbelsugata cu multe realizari si impliniri materiale, profesionale si sufletesti ALATURI DE CEI DRAGI TIE si, \u201cS-auzim Numai de Bine!\u201d<\/p>\n<p style=\"text-align: justify;\">La Multi Ani George Anca!<\/p>\n<p style=\"text-align: justify;\">Cu mult drag si pretuire,<\/p>\n<p style=\"text-align: justify;\"><em>Ben Todica<\/em><\/p>\n<p style=\"text-align: justify;\"><em>Radio TV Producer Melbourne Australia<\/em><\/p>\n<p style=\"text-align: center;\">\u00a0<a href=\"http:\/\/www.marianagurza.ro\/blog\/wp-content\/uploads\/2014\/04\/GEORGE-ANCA1.jpg\"><img loading=\"lazy\" decoding=\"async\" class=\"size-medium wp-image-18104\" title=\"GEORGE ANCA\" src=\"http:\/\/www.marianagurza.ro\/blog\/wp-content\/uploads\/2014\/04\/GEORGE-ANCA1-218x300.jpg\" alt=\"\" width=\"218\" height=\"300\" srcset=\"https:\/\/www.marianagurza.ro\/blog\/wp-content\/uploads\/2014\/04\/GEORGE-ANCA1-218x300.jpg 218w, https:\/\/www.marianagurza.ro\/blog\/wp-content\/uploads\/2014\/04\/GEORGE-ANCA1.jpg 347w\" sizes=\"auto, (max-width: 218px) 100vw, 218px\" \/><\/a><\/p>\n<p style=\"text-align: center;\">\n<p style=\"text-align: justify;\">GEORGE ANCA (n. 12 aprilie 1944, V\u00e2lcea) Poet, eseist, specializat \u00een indianistic\u0103. Oper\u0103 vast\u0103, de combina\u0163ii pline de virtuozitate \u00eentre originismul universal \u015fi modernismul arhaizant. Studii \u015fi titluri academice: Doctor \u00een filologie (Univ. Bucure\u015fti, 1975). Director general al Bibliotecii Pedagogice Na\u0163ionale \u201eI.C. Petrescu\u201d; Visiting Lecturer University of Delhi (1977-1984; 2002-2003); scriitor &#8211; membru al Uniunii Scriitorilor din Rom\u00e2nia; traduc\u0103tor. Pre\u015fedinte al Asocia\u0163iei Culturale Rom\u00e2no-Indiene \u015fi al Academiei Interna\u0163ionale \u201eMihai Eminescu\u201d; vicepre\u015fedinte al Societ\u0103\u0163ii de Etnologie din Rom\u00e2nia; membru al Romanian Group for Pugwash.<\/p>\n<p style=\"text-align: justify;\">Despre omul de cultura<\/p>\n<p style=\"text-align: justify;\">Sa fiu sincer George Anca este cel mai dur diamant al literaturii romane. Este un diamant pur si neatins de mana slefuitorilor ordinii de zi. Ti-e frica sa te apropii de el pentru ca nu stii cum sa-l apuci si oricum l-ai atinge, el taie adanc si doare \u2013 \u201cdoar atunci cand nu esti LIBER\u201d.<\/p>\n<p style=\"text-align: justify;\">Este cel mai interesant suflet de om, de artist, de scriitor, de poet, profesor si prieten pe care l-am intalnit in viata. Un om liber si plin de curaj. Sa-l cunosti pe autorul Anca in esenta este ca si cum ai porni sa urci Everestul. E greu insa ajuns in varf vei simti ce simte el &#8211; vei vedea o alta lume, vei iesi din norme si te vei elibera. Sa fii atins de dragostea si generozitatea sa e un privelegiu.<\/p>\n<p style=\"text-align: justify;\">George Anca &#8211; o marca in panteonul literaturii romane.<\/p>\n<p style=\"text-align: justify;\">La Multi Ani, Maestre!<\/p>\n<p style=\"text-align: justify;\"><em>Ben Todica<\/em><\/p>\n<p style=\"text-align: justify;\">\n<p style=\"text-align: justify;\">Cu aceasta ocazie Sambata 12 Aprilie 2014 a avut loc un Medalion Aniversar George Anca la Biblioteca Judeteana \u201cAntim Ivireanul\u201d Valcea organizat de Forumul Cultural al Ramnicului si Biblioteca Judeteana.<\/p>\n","protected":false},"excerpt":{"rendered":"<p>Draga George, Din partea mea si a Programului in Limba Romana al statiei de radio 3zzz 92,3 fm si a [&#038;hellip<\/p>\n","protected":false},"author":1,"featured_media":0,"comment_status":"closed","ping_status":"closed","sticky":false,"template":"","format":"standard","meta":{"footnotes":""},"categories":[3],"tags":[],"class_list":["post-18102","post","type-post","status-publish","format-standard","hentry","category-articole"],"_links":{"self":[{"href":"https:\/\/www.marianagurza.ro\/blog\/wp-json\/wp\/v2\/posts\/18102","targetHints":{"allow":["GET"]}}],"collection":[{"href":"https:\/\/www.marianagurza.ro\/blog\/wp-json\/wp\/v2\/posts"}],"about":[{"href":"https:\/\/www.marianagurza.ro\/blog\/wp-json\/wp\/v2\/types\/post"}],"author":[{"embeddable":true,"href":"https:\/\/www.marianagurza.ro\/blog\/wp-json\/wp\/v2\/users\/1"}],"replies":[{"embeddable":true,"href":"https:\/\/www.marianagurza.ro\/blog\/wp-json\/wp\/v2\/comments?post=18102"}],"version-history":[{"count":2,"href":"https:\/\/www.marianagurza.ro\/blog\/wp-json\/wp\/v2\/posts\/18102\/revisions"}],"predecessor-version":[{"id":18106,"href":"https:\/\/www.marianagurza.ro\/blog\/wp-json\/wp\/v2\/posts\/18102\/revisions\/18106"}],"wp:attachment":[{"href":"https:\/\/www.marianagurza.ro\/blog\/wp-json\/wp\/v2\/media?parent=18102"}],"wp:term":[{"taxonomy":"category","embeddable":true,"href":"https:\/\/www.marianagurza.ro\/blog\/wp-json\/wp\/v2\/categories?post=18102"},{"taxonomy":"post_tag","embeddable":true,"href":"https:\/\/www.marianagurza.ro\/blog\/wp-json\/wp\/v2\/tags?post=18102"}],"curies":[{"name":"wp","href":"https:\/\/api.w.org\/{rel}","templated":true}]}}