{"id":18107,"date":"2014-04-14T11:09:15","date_gmt":"2014-04-14T11:09:15","guid":{"rendered":"http:\/\/www.marianagurza.ro\/blog\/?p=18107"},"modified":"2014-04-14T11:09:15","modified_gmt":"2014-04-14T11:09:15","slug":"adina-dumitrescu-pacea-lumii","status":"publish","type":"post","link":"https:\/\/www.marianagurza.ro\/blog\/2014\/04\/14\/adina-dumitrescu-pacea-lumii\/","title":{"rendered":"Adina Dumitrescu: Pacea lumii"},"content":{"rendered":"<p style=\"text-align: center;\"><a href=\"http:\/\/www.marianagurza.ro\/blog\/wp-content\/uploads\/2014\/04\/IMG_00071.jpg\"><img loading=\"lazy\" decoding=\"async\" class=\"size-medium wp-image-18108\" title=\"IMG_0007\" src=\"http:\/\/www.marianagurza.ro\/blog\/wp-content\/uploads\/2014\/04\/IMG_00071-300x199.jpg\" alt=\"\" width=\"300\" height=\"199\" srcset=\"https:\/\/www.marianagurza.ro\/blog\/wp-content\/uploads\/2014\/04\/IMG_00071-300x199.jpg 300w, https:\/\/www.marianagurza.ro\/blog\/wp-content\/uploads\/2014\/04\/IMG_00071-1024x682.jpg 1024w, https:\/\/www.marianagurza.ro\/blog\/wp-content\/uploads\/2014\/04\/IMG_00071.jpg 1600w\" sizes=\"auto, (max-width: 300px) 100vw, 300px\" \/><\/a><\/p>\n<p style=\"text-align: center;\"><em>Poetului <strong>George Anca<\/strong> (70 ani) \u2013La mul\u0163i ani! &#8211;<\/em><\/p>\n<p style=\"text-align: center;\">\n<p style=\"text-align: justify;\"><em>Ca pe scoar\u0163a cerebral\u0103 desf\u0103\u015furat\u0103, becuri se-aprind, becuri se-ascund dup\u0103 lanuri m\u0103noase,<\/em><br \/>\n<em> \u015fi se sting pe vecie, l\u0103s\u00e2nd necolorate, p\u0103lite, treptele templelor lui Sargon<\/em><br \/>\n<em> \u015fi-al \u0163inutului dintre Tigru \u015fi Eufrat. Mesopotamia \u00eemp\u0103r\u0163it\u0103, \u00eentregit\u0103, a devenit Babilon.<\/em><br \/>\n<em> Apoi degetele r\u0103mase-n bazalt, din m\u00e2inile lui Hammurabi descifreaz\u0103 popoarelor propriul cod,<\/em><br \/>\n<em> deschid canale, capete de pod, ridic\u0103 fortifica\u0163ii \u015fi le-mpreun\u0103, \u00eenchin\u00e2ndu-se regelui soare Samas. Becuri se-aprind, iar p\u0103lesc, altele neaprinse-au r\u0103mas,<\/em><br \/>\n<em> noi gr\u0103dini suspendate poart\u0103 florile lumii aninate-n ciorchini,<\/em><br \/>\n<em> falii, dealuri \u015fi st\u00e2nci iau contur din suspin de femeie persan\u0103,<\/em><br \/>\n<em> flori de vise parfumate, exotice, doruri \u015fi dorin\u0163e eman\u0103,<\/em><br \/>\n<em> st\u0103p\u00e2nind tot p\u0103m\u00e2ntul.<\/em><br \/>\n<em> Din desi\u015f de tufi\u015f fe\u0163e noi, ne\u015ftiute se-arat\u0103 purt\u00e2nd semnul r\u0103zboiului.<\/em><br \/>\n<em> Iar se-aprind \u015fi se sting becuri multe. Dup\u0103 doruri \u015fi lupte, au r\u0103mas filamente,<\/em><br \/>\n<em> buc\u0103\u0163i rupte din ziduri \u015fi \u00eensemne descifrate pe sub pante de munte.<\/em><br \/>\n<em> Prafuri negre \u015fi ro\u015fii vin acum din Egipt \u2018naint\u00e2nd \u00eenspre maluri de Nil,<\/em><br \/>\n<em> iar se-aprind \u015fi se sting becuri multe. De pe Ind, arieni \u00ee\u015fi c\u00e2nt\u0103 carele, cobor\u00e2nd Gangele.<\/em><br \/>\n<em> N-ajung lacrimi s\u0103 cuprind\u0103 \u00een\u0103l\u0163\u0103ri \u015fi-nchin\u0103ri \u00eenspre z\u0103ri,<\/em><br \/>\n<em> n-ajung bra\u0163e din coarnele lunii s\u0103 cuprind\u0103 ofranda \u015fi jertfa \u00een v\u00e2rtej de-nchin\u0103ri,<\/em><br \/>\n<em> soarele s\u0103 le aprind\u0103 cinstind, pomi \u015fi p\u0103s\u0103ri \u015fi floare-n serbare s\u0103 ridice, s\u0103 venereze,<\/em><br \/>\n<em> s\u0103 le-nal\u0163e spiritului suprem, min\u0163ii treze. Mintea treaz\u0103! Ghemul f\u0103cut, desf\u0103cut, de\u015firat, e cunoscut \u015fi l\u0103sat peste maluri \u015fi dealuri, \u00een mi\u015fcare de voaluri, ca o limb\u0103 vorbit\u0103.<\/em><br \/>\n<em> O sanscrit\u0103 incit\u0103 la controverse\u2026limb\u0103 moart\u0103 sau limb\u0103 \u00eenc\u0103 vorbit\u0103?<\/em><br \/>\n<em> Se zvone\u015fte, se vorbe\u015fte despre bog\u0103\u0163iile Guptei\u2026\u2026se aprind becule\u0163e.<\/em><br \/>\n<em> \u015ei se pl\u00e2ng bog\u0103\u0163iile Guptei pe turban musulman\u2026\u2026\u015fi se sting becule\u0163e.<\/em><br \/>\n<em> Se vorbe\u015fte despre mesele sau nisipurile peste care \u015fi-au l\u0103sat \u00eensemn\u0103rile Anaximene, Tales sau Pitagora. Alte becuri clipesc \u00een latin\u0103, cele noi peste ele se-adun\u0103, se r\u0103zbun\u0103.<\/em><br \/>\n<em> Din ghirlande, \u015firurile de perle din becuri aprinse \u015fi stinse doar poe\u0163ii le prind \u00een cunun\u0103!<\/em><br \/>\n<em> \u00cenve\u0163i \u015firul de perle s\u0103-l cite\u015fti printre r\u00e2nduri, \u00eenve\u0163i c\u00e2nturi,<\/em><br \/>\n<em> ofuri, rime ce credeai c-au intrat sub p\u0103m\u00e2nturi,<\/em><br \/>\n<em> treci \u00een zbor plutitor peste-al lumii r\u0103zboi,<\/em><br \/>\n<em> sub poveri se \u00eendoaie ciopoare popoare ca spin\u0103ri din nevoi,<\/em><br \/>\n<em> tunet, fulger \u015fi vaiet cad r\u0103puse de vers, glas c\u0103l\u0103tor \u00eendreptat \u00eenspre noi\u2026\u2026<\/em><br \/>\n<em> Fruntea ta \u2018nsenineaz\u0103 devenind prim\u0103var\u0103<\/em><br \/>\n<em> \u015fi te legeni pe tomuri \u015fi te legeni pe valuri. \u015ei citind, \u00een culcu\u015f leg\u0103nat, luminat, nu prosl\u0103ve\u015fti ramurile? Nu \u00eenve\u0163i c\u00e2nturile? Nu poe\u0163ii te plimb\u0103 \u00eenv\u0103\u0163\u00e2ndu-te?<\/em><br \/>\n<em> \u015ei de ce s\u0103 p\u0103leasc\u0103 \u015fi de ce s\u0103 dispar\u0103? \u015ei de ce lumea ne\u015ftiut\u0103 s\u0103 moar\u0103? Ne-o aduce poetul!<\/em><br \/>\n<em> Nu-i universul poetului infinit, nu-i m\u0103rginit doar de file ce zboar\u0103 de cu zi, de cu sear\u0103, \u00eentorc\u00e2ndu-se-n tomul cu sigilul de cear\u0103 desc\u00e2ntat<\/em><br \/>\n<em> s\u0103 ne-apar\u0103 lume veche \u015fi nou\u0103, g\u00e2nduri noi,<\/em><br \/>\n<em> sim\u0163uri puhoi n\u0103v\u0103lind peste noi, lini\u015ftindu-ne?<\/em><br \/>\n<em> Nu transform\u0103 poetul r\u0103zboiul de demult \u015fi de-acum \u00een p\u0103durea miresmelor de salc\u00e2m?<\/em><br \/>\n<em> Cornul, aduc\u0103torul de moarte nu devine prin el<\/em><br \/>\n<em> ciorchinele galben-\u00eent\u00e2ietate de floare din p\u0103duri \u015fi muscele p\u0103\u015funate de miel?<\/em><br \/>\n<em> S\u0103-i cinstim pe poe\u0163i! Ne aduc pacea lumii. Versurile lor d\u0103ruite, stihurile ca m\u0103t\u0103niile num\u0103rate spre iert\u0103ri de p\u0103cate,<\/em><br \/>\n<em> laude spre divinitate, s\u0103 ne-mbete! Lauda mundi poe\u0163i-profe\u0163i! Gaudeamus Igitur poetae!<\/em><\/p>\n<p style=\"text-align: left;\">\n","protected":false},"excerpt":{"rendered":"<p>Poetului George Anca (70 ani) \u2013La mul\u0163i ani! &#8211; Ca pe scoar\u0163a cerebral\u0103 desf\u0103\u015furat\u0103, becuri se-aprind, becuri se-ascund dup\u0103 lanuri [&#038;hellip<\/p>\n","protected":false},"author":1,"featured_media":0,"comment_status":"closed","ping_status":"closed","sticky":false,"template":"","format":"standard","meta":{"footnotes":""},"categories":[3],"tags":[],"class_list":["post-18107","post","type-post","status-publish","format-standard","hentry","category-articole"],"_links":{"self":[{"href":"https:\/\/www.marianagurza.ro\/blog\/wp-json\/wp\/v2\/posts\/18107","targetHints":{"allow":["GET"]}}],"collection":[{"href":"https:\/\/www.marianagurza.ro\/blog\/wp-json\/wp\/v2\/posts"}],"about":[{"href":"https:\/\/www.marianagurza.ro\/blog\/wp-json\/wp\/v2\/types\/post"}],"author":[{"embeddable":true,"href":"https:\/\/www.marianagurza.ro\/blog\/wp-json\/wp\/v2\/users\/1"}],"replies":[{"embeddable":true,"href":"https:\/\/www.marianagurza.ro\/blog\/wp-json\/wp\/v2\/comments?post=18107"}],"version-history":[{"count":2,"href":"https:\/\/www.marianagurza.ro\/blog\/wp-json\/wp\/v2\/posts\/18107\/revisions"}],"predecessor-version":[{"id":18110,"href":"https:\/\/www.marianagurza.ro\/blog\/wp-json\/wp\/v2\/posts\/18107\/revisions\/18110"}],"wp:attachment":[{"href":"https:\/\/www.marianagurza.ro\/blog\/wp-json\/wp\/v2\/media?parent=18107"}],"wp:term":[{"taxonomy":"category","embeddable":true,"href":"https:\/\/www.marianagurza.ro\/blog\/wp-json\/wp\/v2\/categories?post=18107"},{"taxonomy":"post_tag","embeddable":true,"href":"https:\/\/www.marianagurza.ro\/blog\/wp-json\/wp\/v2\/tags?post=18107"}],"curies":[{"name":"wp","href":"https:\/\/api.w.org\/{rel}","templated":true}]}}