{"id":18123,"date":"2014-04-15T08:05:15","date_gmt":"2014-04-15T08:05:15","guid":{"rendered":"http:\/\/www.marianagurza.ro\/blog\/?p=18123"},"modified":"2014-04-15T10:01:15","modified_gmt":"2014-04-15T10:01:15","slug":"un-vis-poate-devenii-viata-iubire-speranta-intr-un-cuvant-radio-prodiaspora","status":"publish","type":"post","link":"https:\/\/www.marianagurza.ro\/blog\/2014\/04\/15\/un-vis-poate-devenii-viata-iubire-speranta-intr-un-cuvant-radio-prodiaspora\/","title":{"rendered":"UN VIS POATE DEVENI VIA\u021a\u0102, IUBIRE, SPERAN\u021a\u0102! \u00ceNTR-UN CUV\u00c2NT  Radio ProDiaspora"},"content":{"rendered":"<p style=\"text-align: justify;\"><a href=\"http:\/\/www.marianagurza.ro\/blog\/wp-content\/uploads\/2014\/04\/Cathy.jpg\"><img loading=\"lazy\" decoding=\"async\" class=\"size-medium wp-image-18124 alignleft\" title=\"Cathy\" src=\"http:\/\/www.marianagurza.ro\/blog\/wp-content\/uploads\/2014\/04\/Cathy-235x300.jpg\" alt=\"\" width=\"235\" height=\"300\" srcset=\"https:\/\/www.marianagurza.ro\/blog\/wp-content\/uploads\/2014\/04\/Cathy-235x300.jpg 235w, https:\/\/www.marianagurza.ro\/blog\/wp-content\/uploads\/2014\/04\/Cathy.jpg 430w\" sizes=\"auto, (max-width: 235px) 100vw, 235px\" \/><\/a>Motto:<\/p>\n<p style=\"text-align: justify;\"><em>&#8220;Po\u0163i s\u0103 cutreieri lumea toat\u0103 \u015fi s\u0103 te minunezi de rezultatele civiliza\u0163iei, dar nimic nu-i mai fermec\u0103tor dec\u00e2t c\u0103lc\u00e2iul de p\u0103m\u00e2nt pe care te-ai n\u0103scut.\u201d (Vasile Alecsandri). <\/em><\/p>\n<p style=\"text-align: justify;\">La multi ani, Radio ProDiaspora! Un radio de \u201cvis\u201d, unde iubirea \u0219i speran\u021bele ajung la rom\u00e2nii de pretutindeni.<\/p>\n<p style=\"text-align: justify;\">Un radio n\u0103scut din \u201c<em>dor<\/em>\u201d, pentru cei care dintr-un motiv sau altul au ales alte meleaguri. Indiferent de loc, dragostea pentru p\u0103m\u00e2ntul natal este de ne\u00eenlocuit.<\/p>\n<p style=\"text-align: justify;\">Doamna <strong>Ecaterina C\u00eempean<\/strong> a \u00een\u021beles acest lucru \u0219i cu mult\u0103 jertfelnicie a reu\u0219it s\u0103 adune rom\u00e2nii risipi\u021bi \u00een lume pe undele postului. Un proiect \u00eendr\u0103zne\u021b ce \u00eencepuse \u00een urm\u0103 cu cinci ani.<\/p>\n<p style=\"text-align: justify;\"><strong>Robert Landmann<\/strong> din Germania \u0219i <strong>Ecaterina C\u00eempean<\/strong> din Rom\u00e2nia \u0219i-au implinit visul!<\/p>\n<p style=\"text-align: justify;\">M-am reg\u0103sit \u00een acest cerc select plin de rom\u00e2nism cu oameni frumo\u0219i ce \u0219tiu prin diversitate \u0219i cu mult suflet s\u0103 \u00a0ne ofere un z\u00e2mbet, s\u0103 ne apropie virtual, tr\u0103ind clipe unice.<\/p>\n<p style=\"text-align: justify;\">Adevara\u021bi promotori culturali, lupt\u0103tori pentru p\u0103strarea unit\u0103\u021bii rom\u00e2nilor de pretutindeni, \u0219i a tradi\u021biilor rom\u00e2ne\u0219ti. Este esen\u021bial pentru orice rom\u00e2n s\u0103 lupte pentru p\u0103strarea identit\u0103\u021bii Neamului Rom\u00e2nesc, oriunde s-ar afla, \u00eentr-o lume globalizat\u0103. Avem comori inestimabile care, sunt promovate de acest post cu generozitate. Redactori, ascultatori aduc noutate prin tot ceea ce \u00a0intreprind \u0219i simt.<\/p>\n<p style=\"text-align: justify;\">A\u0219a cum men\u021bioneaz\u0103 <strong>Ecaterina C\u00eempean, ,,<\/strong><em>comorile poporului rom\u00e2n vor tr\u0103i ve\u0219nic at\u00e2t timp c\u00e2t vom reu\u0219i s\u0103 p\u0103str\u0103m \u00een inima \u0219i-n sufletul nostru \u0219i vom \u0219ti s\u0103 transmitem mai departe tradi\u021biile, cultura \u0219i obiceiurile noastre str\u0103mo\u0219e\u0219ti<\/em>.\u201d<\/p>\n<p style=\"text-align: justify;\">Acest crez, m-a atras spre postul <a href=\"http:\/\/prodiaspora.de\/\">http:\/\/prodiaspora.de\/<\/a> unde, \u00een timp, am ajuns s\u0103 cunosc suflete de o rar\u0103 noble\u021be sufleteasc\u0103. <strong>Ecaterina C\u00eempean<\/strong>, Carmen Solomie, Cornel Buc\u0219\u0103, Adrian Ghigeanu, Cornel Costea, \u0219i multe alte nume de notoritate ce \u0219i-au pus amprenta pe imaginea acestui radio de vis. Nu doresc s\u0103 nedrept\u0103\u021besc pe cineva. Un radio disciplinat, ce are un program fix, teme diverse. Un radio ce ,,traie\u0219te\u201d prin efortul benevol al fiecaruia, nefinan\u021bat de nimeni, un radio, unde se simte vibra\u021bia rom\u00e2neasc\u0103.<\/p>\n<p style=\"text-align: justify;\">Un proiect \u00eendr\u0103zne\u021b la care au aderat rom\u00e2ni din Belgia, Fran\u021ba, Anglia, Germania, Austria,\u00a0 Australia, Italia, Cipru, Africa de Sud, Spania, Grecia, Israel, Republica Moldova, Statele Unite Ale Americii \u0219i multe altele, <em>rom\u00e2ni care de\u0219i sunt departe de locurile natale, sunt cu sufletul \u0219i inima aproape de \u021bar\u0103 \u0219i poporul rom\u00e2nesc.<\/em><\/p>\n<p style=\"text-align: justify;\">Zi de zi, ne surprinde cu oameni noi, la vremuri noi\u2026\u00eencerc\u00e2nd o punte de leg\u0103tura permanent\u0103 \u00eentre ceea ce \u00eenseamn\u0103 ACASA \u0219i lumea larg\u0103. Un post de radio receptat pe majoritatea continentelor. Nu este pu\u021bin lucru s\u0103 ai mii de ascult\u0103tori care se contopesc \u00eentr-un dor nesf\u00e2r\u0219it. Indiferent de loc, a\u0219a cum se spune, <em>cei care trec marea, schimb\u0103 clima nu sufletul.<\/em><\/p>\n<p style=\"text-align: justify;\">Pentru <strong>Ecaterina C\u00eempean<\/strong><strong>, acest radio este \u00eens\u0103\u0219i VIA\u021aA<\/strong><strong>!\u00a0 <\/strong>Nu ar putea exista f\u0103ra a emite. Este ca o respira\u021bie tainic\u0103 doar de ea \u0219tiut\u0103. Bucuria de a d\u0103rui neconditionat, iubire, speran\u021b\u0103, prietenie, \u00eencredere. Doar o femeie puternic\u0103 poate s\u0103 zideasc\u0103 a\u0219a ceva \u00een timp!<\/p>\n<p style=\"text-align: justify;\">Poeta, scriitoare, om de radio, \u0219tie ce \u00eenseamn\u0103 respectul pentru valorile neamului. Prin mult\u0103 str\u0103danie, a biruit! <strong>Ecaterina C\u00eempean <\/strong><strong>un nume de referin\u021b\u0103 pe ogorul culturii. <\/strong><\/p>\n<p style=\"text-align: justify;\"><strong>Ecaterina C\u00eempean<\/strong>, a gasit <em>ritmul<\/em>\u2026,<em>Cultura omeneasc\u0103 e ritm solidificat \u00een fapte. Cercet\u00e2nd faptele g\u0103se\u015fti ritmul\u201d, parafrazand din Vasile P\u00e2rvan.<\/em> Noi, prin oameni ca domnia sa, suntem mai boga\u021bi!<\/p>\n<p style=\"text-align: justify;\"><em>\u00a0<\/em><\/p>\n<p style=\"text-align: justify;\">Felicit\u0103ri,<em> <\/em><strong>Ecaterina C\u00eempean! <\/strong><strong>Radio ProDiaspora, un vis \u00eemplinit!<\/strong><\/p>\n<p style=\"text-align: justify;\"><strong>\u00a0<\/strong><\/p>\n<p style=\"text-align: justify;\"><strong>La mul\u021bi ani!<strong><\/strong><\/strong><\/p>\n<p style=\"text-align: justify;\"><em>\u00a0<\/em><\/p>\n<p style=\"text-align: justify;\">Mariana Gurza<\/p>\n<p style=\"text-align: justify;\">Timi\u0219oara<\/p>\n<p>&nbsp;<\/p>\n","protected":false},"excerpt":{"rendered":"<p>Motto: &#8220;Po\u0163i s\u0103 cutreieri lumea toat\u0103 \u015fi s\u0103 te minunezi de rezultatele civiliza\u0163iei, dar nimic nu-i mai fermec\u0103tor dec\u00e2t c\u0103lc\u00e2iul [&#038;hellip<\/p>\n","protected":false},"author":1,"featured_media":0,"comment_status":"closed","ping_status":"closed","sticky":false,"template":"","format":"standard","meta":{"footnotes":""},"categories":[3],"tags":[],"class_list":["post-18123","post","type-post","status-publish","format-standard","hentry","category-articole"],"_links":{"self":[{"href":"https:\/\/www.marianagurza.ro\/blog\/wp-json\/wp\/v2\/posts\/18123","targetHints":{"allow":["GET"]}}],"collection":[{"href":"https:\/\/www.marianagurza.ro\/blog\/wp-json\/wp\/v2\/posts"}],"about":[{"href":"https:\/\/www.marianagurza.ro\/blog\/wp-json\/wp\/v2\/types\/post"}],"author":[{"embeddable":true,"href":"https:\/\/www.marianagurza.ro\/blog\/wp-json\/wp\/v2\/users\/1"}],"replies":[{"embeddable":true,"href":"https:\/\/www.marianagurza.ro\/blog\/wp-json\/wp\/v2\/comments?post=18123"}],"version-history":[{"count":3,"href":"https:\/\/www.marianagurza.ro\/blog\/wp-json\/wp\/v2\/posts\/18123\/revisions"}],"predecessor-version":[{"id":18126,"href":"https:\/\/www.marianagurza.ro\/blog\/wp-json\/wp\/v2\/posts\/18123\/revisions\/18126"}],"wp:attachment":[{"href":"https:\/\/www.marianagurza.ro\/blog\/wp-json\/wp\/v2\/media?parent=18123"}],"wp:term":[{"taxonomy":"category","embeddable":true,"href":"https:\/\/www.marianagurza.ro\/blog\/wp-json\/wp\/v2\/categories?post=18123"},{"taxonomy":"post_tag","embeddable":true,"href":"https:\/\/www.marianagurza.ro\/blog\/wp-json\/wp\/v2\/tags?post=18123"}],"curies":[{"name":"wp","href":"https:\/\/api.w.org\/{rel}","templated":true}]}}