{"id":18129,"date":"2014-04-15T19:41:31","date_gmt":"2014-04-15T19:41:31","guid":{"rendered":"http:\/\/www.marianagurza.ro\/blog\/?p=18129"},"modified":"2014-04-15T19:51:01","modified_gmt":"2014-04-15T19:51:01","slug":"ne-cearta-un-sarb","status":"publish","type":"post","link":"https:\/\/www.marianagurza.ro\/blog\/2014\/04\/15\/ne-cearta-un-sarb\/","title":{"rendered":",,NE CEART\u0102 UN S\u00c2RB!&#8221;"},"content":{"rendered":"<p style=\"text-align: center;\"><a href=\"http:\/\/www.marianagurza.ro\/blog\/wp-content\/uploads\/2014\/04\/Miodrag-StanojevicStanoievici.jpg\"><img loading=\"lazy\" decoding=\"async\" class=\"size-full wp-image-18130\" title=\"Miodrag Stanojevic(Stanoievici)\" src=\"http:\/\/www.marianagurza.ro\/blog\/wp-content\/uploads\/2014\/04\/Miodrag-StanojevicStanoievici.jpg\" alt=\"\" width=\"300\" height=\"220\" \/><\/a><\/p>\n<p style=\"text-align: center;\"><strong>Miodrag Stanojevic<\/strong><\/p>\n<p style=\"text-align: justify;\">Un profesor de\u00a0istorie s\u00e2rb din Voivodina, aflat zilele trecute la Satu\u00a0Mare, a transmis redac\u0163iei o reac\u0163ie pe marginea\u00a0articolului <strong>&#8220;Afront adus rom\u00e2nilor pe bani\u00a0europeni&#8221;, <\/strong>ap\u0103rut \u00een num\u0103rul din 4.12.2012 al\u00a0Gazetei de Nord-Vest.<\/p>\n<p style=\"text-align: justify;\">\nReproducem integral\u00a0textul transmis de profesorul s\u00e2rb <strong>Miodrag Stanojevic(Stanoievici):<\/strong><br \/>\n&#8220;M\u0103 numesc Miodrag Stanojevic, sunt s\u00e2rb\u00a0din Vojvodina \u015fi profesor de \u00a0istorie \u00een\u00a0Novi Sad . Afl\u00e2ndu-m\u0103 \u00eentr-o c\u0103l\u0103torie c\u0103tre Ucraina,\u00a0am \u00a0z\u0103bovit trei zile \u00een urbea dvs.,\u00a0bucur\u00e2ndu-m\u0103 de ospitalitatea unui\u00a0vechi prieten \u015fi a familiei sale.<br \/>\nMen\u0163ionez c\u0103 vorbesc fluent limba\u00a0rom\u00e2n\u0103 deoarece am copil\u0103rit \u00eentr-un sat mixt vlaho-s\u00e2rbesc.<br \/>\n\u015etiind c\u0103 sunt\u00a0profesor de istorie \u015fi bun cunosc\u0103tor al\u00a0revizionismului unguresc, amfitrionul meu mi-a ar\u0103tat articolul \u00a0&#8220;Afront\u00a0adus rom\u00e2nilor pe bani europeni&#8221; ap\u0103rut \u00een ziarul Dvs.<br \/>\nTotodat\u0103 mi-a relatat c\u00e2teva evenimente recente de acest gen:<br \/>\n&#8211; fenomenul\u00a0Csibi Barna, un degenerat care \u00ee\u015fi permite s\u0103 dea foc \u00een\u00a0centrul Rom\u00e2niei unei p\u0103pu\u015fi reprezent\u00e2nd un erou na\u0163ional al\u00a0rom\u00e2nilor (n.r. Avram Iancu),autorit\u0103\u0163ile rom\u00e2ne ignor\u00e2nd acest gest.<br \/>\nV\u0103 propun un exerci\u0163iu de imagina\u0163ie: Ce s-ar fi \u00eent\u00e2mplat dac\u0103:<br \/>\n&#8211; un rom\u00e2n ar fi dat foc la Budapesta unei p\u0103pu\u015fi reprezent\u00e2ndu-l pe\u00a0Kosuth Lajos<br \/>\n&#8211; un turist german ar fi incendiat la Tel Aviv o p\u0103pu\u015f\u0103\u00a0reprezent\u00e2ndu-l pe David Ben Gurion (n.r. primul premier al \u00a0Israelului) sau\u00a0pe Golda Meir (n.r. de asemenea premier al Israelului)<br \/>\n&#8211; un ungur din Vojvodina ar fi incendiat la Novi Sad o p\u0103pu\u015f\u0103\u00a0reprezent\u00e2ndu-l pe Milos Obilic, eroul na\u0163ional al s\u00e2rbilor de la\u00a0Kosovopolje.<br \/>\nMeciul Steaua &#8211; Ujpest de acum 3 ani: la intrarea \u00een Rom\u00e2nia,\u00a0suporterii unguri afla\u0163i \u00een tren au afi\u015fat &#8220;Transilvania apar\u0163ine Ungariei&#8221;, iar pe\u00a0stadionul Steaua din Bucure\u015fti au afi\u015fat rom\u00e2nii = \u0163igani.<br \/>\nAcela\u015fi scenariu:<br \/>\n&#8211; ce s-ar fi \u00eent\u00e2mplat dac\u0103\u00a0Ujpest ar fi jucat la Beograd cu Partizan sau Steaua Ro\u015fie.<br \/>\nOare ar fi avut curajul ungurii s\u0103 afi\u015feze mesajele\u00a0&#8220;s\u00e2rbii = \u0163igani sau Vojvodina apar\u0163ine Ungariei&#8221;? Nu, nu ar fi \u00eendr\u0103znit, iar dac\u0103 ar fi\u00a0fost at\u00e2t de t\u00e2mpi\u0163i s\u0103 o fac\u0103, \u00een aceea\u015fi sear\u0103 ar fi cinat \u00een Infern.<br \/>\nDe ce \u00ee\u015fi permit asta \u00een Rom\u00e2nia? De ce nu \u00ee\u015fi permit acela\u015fi lucru \u00een\u00a0celelalte \u0163\u0103ri unde au minorit\u0103\u0163i maghiare \u015fi\u00a0revendic\u0103ri revizioniste, adic\u0103 Slovacia , Serbia ,Ucraina?<br \/>\nSimplu, pentru c\u0103 ei \u015ftiu (a\u015fa cum au men\u0163ionat \u00een &#8220;Traseul\u00a0Legendelor S\u0103tm\u0103rene)&#8221; c\u0103 rom\u00e2nii sunt &#8220;un\u00a0popor pa\u015fnic, binevoitor \u015fi primitiv&#8221; \u015fi, completez\u00a0eu, un popor &#8220;imbecil de tolerant&#8221;.<\/p>\n<p style=\"text-align: justify;\">Totodat\u0103 ei \u015ftiu c\u0103 slavii (din Slovacia, Serbia, Ucraina) nu sunt a\u015fa. \u015ei nu \u00ee\u015fi permit.<br \/>\nAfirm cu t\u0103rie c\u0103 nu exist\u0103 nic\u0103ieri \u00een lumea civilizat\u0103 o \u0163ar\u0103 care s\u0103 acorde at\u00e2tea drepturi unei minorit\u0103\u0163i alogene cum acord\u0103 Rom\u00e2nia minorit\u0103\u0163ii maghiare.<\/p>\n<p style=\"text-align: justify;\">\u015ei totu\u015fi nu vor fi mul\u0163umi\u0163i niciodat\u0103, s\u00e2c\u00e2indu-v\u0103 perpetuu (ca un \u0163\u00e2n\u0163ar \u00een miezul nop\u0163ii)<br \/>\ncu aceea\u015fi preten\u0163ie imbecil\u0103: autonomie. Tupeul lor se manifest\u0103 \u015fi prin faptul c\u0103 ei consider\u0103 ca fiind\u00a0similar\u0103 preten\u0163ia lor de autonomie teritorial\u0103 \u00een Rom\u00e2nia cu cea a catalanilor din Spania, ignor\u00e2nd cu\u00a0bun\u0103 \u015ftiin\u0163\u0103 marea\u00a0diferen\u0163\u0103: catalanii sunt b\u0103\u015ftina\u015fi \u00een Spania, pe\u00a0c\u00e2nd maghiarii sunt alogeni asiatici \u00een Rom\u00e2nia.<br \/>\nGazda mea mi-a spus c\u0103, pe l\u00e2ng\u0103\u00a0&#8220;valahi puturo\u015fi&#8221; maghiarii v\u0103 mai numesc \u015fi\u00a0&#8220;m\u0103m\u0103ligari&#8221;.<\/p>\n<p style=\"text-align: justify;\">\u00a0\u00ce\u015fi permit asta \u00een \u0163ara\u00a0voastr\u0103. Sunt derutat \u015fi confuz, neput\u00e2nd \u00een\u0163elege cum\u00a0este posibil s\u0103 nu existe \u00een r\u00e2ndurile poporului rom\u00e2n,\u00a0&#8220;pa\u015fnic, binevoitor \u015fi primitiv&#8221; un profesor de\u00a0istorie altruist care s\u0103 explice ungurilor ABC-ul istoriei\u00a0lor efemere:<br \/>\n&#8211; \u00een anul 700 sunt\u00a0men\u0163iona\u0163i \u00een cronicile coreene ca fiind ni\u015fte nomazi\u00a0primitivi care jefuiau prin nordul Coreei \u015fi estul\u00a0Chinei<br \/>\n&#8211; \u00een 896, \u015fapte triburi maghiare\u00a0\u015fi trei triburi de turci khazari, fug\u0103rite din stepele\u00a0Asiei de c\u0103tre pecenegi, se stabilesc \u00een Panonia (locuit\u0103\u00a0atunci de slavi, valahi, avari, germanici), \u00een total\u00a0225.000 de nomazi sub conducerea lui Arpad.<br \/>\nPrima lor\u00a0preocupare dup\u0103 stabilirea \u00een Panonia a fost jaful\u00a0(logic).<br \/>\nIncursiunile\u00a0lor s\u00e2ngeroase s-au desf\u0103\u015furat \u00een toat\u0103 Europa\u00a0ajung\u00e2nd p\u00e2n\u0103 \u00een Spania, p\u00e2n\u0103 c\u00e2nd Otto I cel Mare\u00a0i-a umilit la Lechfeld \u00een 955.<br \/>\n&#8211; \u015etefan\u00a0cel Sf\u00e2nt (997 &#8211; 1038)unific\u0103 triburile ungure\u015fti \u015fi \u00eei\u00a0cre\u015ftineaz\u0103.<br \/>\nTotodat\u0103\u00a0\u00eencepe \u015fi procesul de maghiarizare agresiv\u0103 a\u00a0popula\u0163iilor din jur: germanici,valahi, slavi, acest\u00a0proces fiind de fapt esen\u0163a strategiei de supravie\u0163uire a\u00a0acestui mic popor migrator asiatic \u00een Europa.<br \/>\nPersonalit\u0103\u0163ile\u00a0proeminente ale istoriei lor nu au fost unguri: Matei\u00a0Corvin, Petofi Sandor (Petrovici Alexandar &#8211; s\u00e2rb,\u00a0p\u0103rin\u0163ii lui nu cuno\u015fteau limba maghiar\u0103), Kosuth Lajos\u00a0&#8211; slovac, precum \u015fi majoritatea regilor Ungariei. \u00cen1910\u00a0un istoric maghiar recunoa\u015fte c\u0103 doar 10% din unguri sunt\u00a0urma\u015fii celor \u015fapte triburi maghiare stabilite \u00een Europa\u00a0\u00een 896, restul fiind popula\u0163ii maghiarizate de-a lungul\u00a0timpului (valahi, germanici, slavi).<\/p>\n<p style=\"text-align: justify;\">\u00a0De fapt cum ar putea un\u00a0ungur blond din zilele noastre s\u0103 fie urma\u015ful cetelor\u00a0mongoloide venite \u00een Europa \u00een secolul IX?<br \/>\nCeea ce\u00a0trebuie accentuat este faptul c\u0103 \u00eencep\u00e2nd de la \u015etefan\u00a0cel Sf\u00e2nt \u015fi p\u00e2n\u0103 la dispari\u0163ia regatului ungar \u00een\u00a01526, Transilvania nu a f\u0103cut parte niciodat\u0103 din regatul\u00a0ungar, fiind \u00eentotdeauna voievodat autonom.<br \/>\n&#8211; \u00cenfr\u00e2ngerea de la Mohacs din1526 \u00een fa\u0163a\u00a0turcilor \u015fi cucerirea capitalei Buda \u00een 1541 are ca urmare\u00a0dispari\u0163ia de pe harta Europei a regatului ungar. Partea\u00a0occidental\u0103 a Ungariei este anexat\u0103 de Imperiul\u00a0Habsburgic, iar restul, inclusiv Buda, devine pa\u015fal\u00e2c\u00a0turcesc. Transilvania r\u0103m\u00e2ne principat independent sub\u00a0suveranitate otoman\u0103.<br \/>\n&#8211; Dup\u0103 respingerea\u00a0asediului otoman asupra Vienei (1683),Imperiul Habsburgic\u00a0ocup\u0103 teritoriul fostului regat ungar \u015fi Transilvania,\u00a0anexiuni recunoscute prin tratatul de la Karlowitz\u00a0(1699).<br \/>\n&#8211; \u00cen 1849 Kosuth Lajos proclam\u0103\u00a0Ungaria stat\u00a0 independent, dar\u00a0interven\u0163ia habsburgic\u0103 \u015fi \u0163arist\u0103 \u00een\u0103bu\u015f\u0103\u00a0aceast\u0103 preten\u0163ie.<br \/>\n&#8211; \u00cen urma pactului\u00a0dualist din 1867,Ungaria devine regat \u00een cadrul imperiului\u00a0Habsburgic (numit din acel moment imperiul Austro-Ungar),\u00a0av\u00e2nd constitu\u0163ie proprie \u015fi o oarecare autonomie.<br \/>\n&#8211; \u00cen 1918, \u00een urma \u00eenfr\u00e2ngerii din primul\u00a0r\u0103zboi mondial, imperiul Austro-Ungar se destram\u0103, Ungaria\u00a0devine stat independent iar Transilvania alege s\u0103 se\u00a0uneasc\u0103 cu Rom\u00e2nia.<br \/>\nTrebuie s\u0103\u00a0subliniez imbecilitatea revizioni\u015ftilor unguri. Cum pot\u00a0sus\u0163ine c\u0103 Transilvania a apar\u0163inut Ungariei 1000 de ani,\u00a0c\u00e2nd regatul Ungariei a disp\u0103rut din 1541 p\u00e2n\u0103 \u00een 1867,<br \/>\nperioad\u0103 \u00een care a fost pa\u015fal\u00e2c sau provincie\u00a0habsburgic\u0103, \u00een timp ce Transilvania a fost voievodat\u00a0autonom de la \u015etefan cel Sf\u00e2nt (997 &#8211; 1038) p\u00e2n\u0103 \u00een\u00a01699 c\u00e2nd devine provincie austriac\u0103 (ca \u015fi Ungaria de\u00a0altfel). Deci Transilvania \u015fi-a pierdut independen\u0163a \u00een\u00a01699 \u015fi a apar\u0163inut p\u00e2n\u0103 \u00een 1918 Imperiului Habsburgic,\u00a0nicidecum Ungariei (care din 1526 p\u00e2n\u0103 \u00een\u00a01867 nu a existat).<br \/>\n&#8211; \u00cen 1940,\u00a0\u00een urma Dictatului de la Viena, o parte a Transilvaniei\u00a0este cedat\u0103 (pentru prima dat\u0103 \u00een istorie) Ungariei.<br \/>\nP\u00e2n\u0103 \u00een 1944, c\u00e2nd revine Rom\u00e2niei, ce fac ungurii \u00een\u00a0Transilvania? Ce \u015ftiu mai bine: ucid valahi \u015fi evrei,\u00a0considera\u0163i\u00a0rase inferioare. Gena lor asiatic\u0103 i-a ajutat pe unguri\u00a0s\u0103 devin\u0103 cei mai zelo\u015fi executan\u0163i ai teoriilor rasiale\u00a0naziste, golind practic Transilvania de evrei. \u00cen\u00a0perioada 1940 &#8211; 1944, timp \u00een care\u00a0Transilvania a apar\u0163inut Ungariei, popula\u0163ia evreiasc\u0103 de\u00a0aici a sc\u0103zut cu 90%, marea majoritate fiind trimis\u0103 de\u00a0c\u0103tre autorit\u0103\u0163ile maghiare c\u0103tre lag\u0103rele de\u00a0exterminare naziste. La fel s-au purtat \u015fi \u00een Serbia\u00a0odat\u0103 cu invadarea al\u0103turi de germani a Iugoslaviei \u00een\u00a01941.<br \/>\n\u00cen\u00a0\u00eencheiere, ca s\u0103 sintetizez rela\u0163ia dintre b\u0103\u015ftina\u015fii\u00a0valahi \u015fi alogenii unguri, \u00eemi \u00eeng\u0103dui un scenariu: un\u00a0ungur pribeag bate la u\u015fa unui valah.<br \/>\nAcesta,\u00a0ospitalier, \u00eel prime\u015fte \u00een cas\u0103. \u00cei \u00eentinde masa,\u00a0oferindu-i ce are mai bun \u00een c\u0103mar\u0103. Ungurul, \u00een timp ce\u00a0se osp\u0103teaz\u0103, pune ochii pe nevasta valahului (frumoas\u0103,\u00a0bine\u00een\u0163eles) consider\u00e2nd c\u0103 ar fi normal ca dup\u0103\u00a0osp\u0103\u0163 valahul s\u0103 \u00eei ofere \u015fi un desert, adic\u0103 nevasta.<br \/>\nIndignat de faptul c\u0103 dup\u0103 ce s-a s\u0103turat, valahul nu-i\u00a0ofer\u0103 \u015fi nevasta, ungurul \u00eei trage o palm\u0103 zdrav\u0103n\u0103\u00a0valahului \u015fi \u00eenc\u0103 una.<br \/>\n\u00cenainte ca\u00a0m\u0103m\u0103ligarul s\u0103 se dezmeticeasc\u0103, ungurul fuge pe uli\u0163\u0103\u00a0strig\u00e2nd din to\u0163i r\u0103runchii: &#8220;s\u0103ri\u0163i, oameni buni,\u00a0c\u0103 m\u0103 omoar\u0103 valahul, sunt o victim\u0103!&#8221;. A\u015fa c\u0103,\u00a0valahi, fi\u0163i \u00een\u0163eleg\u0103tori \u015fi da\u0163i-le \u015fi nevasta, dar\u00a0v\u0103 avertizez c\u0103 nu le va ajunge. Urm\u0103toarea lor dorin\u0163\u0103\u00a0va fi casa voastr\u0103.&#8221;<\/p>\n<p style=\"text-align: justify;\"><em>Scrisoarea istoricului Miodrag Stanojevic a fost publicat\u0103 integral de Gazeta de nord-vest, ca r\u0103spuns la un articol intitulat \u201cAfront adus rom\u00e2nilor pe bani europeni\u201d.<\/em><\/p>\n<p style=\"text-align: justify;\">de Nicoleta B\u0103lan \u00a0Sectiunea \u00a0Social \u00a0Etichete<\/p>\n<p>Eu subscriu \u00een totalitate pentru urm\u0103toarele\u00a0motive:<br \/>\n1. restaurarea\u00a0adev\u0103rului istoric;<br \/>\n2.\u00a0speran\u0163a de trezire a politicienilor rom\u00e2ni din\u00a0&#8220;somnul ra\u0163iunii&#8221;.<\/p>\n<p>Rom\u00e2nul rabd\u0103 multe, dar&#8230; dac\u0103 e nevoie,\u00a0vor regreta deopotriv\u0103 \u015fi imbecilii politicieni unguri,\u00a0\u015fi incapabilii politicieni rom\u00e2ni.<\/p>\n<p><strong><\/strong>Mai mult<a href=\"http:\/\/www.rbnpress.info\/wp\/ecouri-din-serbia-la-afrontul-adus-romanilor-pe-bani-europeni-o-lectie-de-demnitate-din-partea-unui-profesor-sarb-de-istorie-din-voivodina\/\"> :\u00a0 http:\/\/www.rbnpress.info\/wp\/ecouri-din-serbia-la-afrontul-adus-romanilor-pe-bani-europeni-o-lectie-de-demnitate-din-partea-unui-profesor-sarb-de-istorie-din-voivodina\/<\/a><\/p>\n<p>&nbsp;<\/p>\n","protected":false},"excerpt":{"rendered":"<p>Miodrag Stanojevic Un profesor de\u00a0istorie s\u00e2rb din Voivodina, aflat zilele trecute la Satu\u00a0Mare, a transmis redac\u0163iei o reac\u0163ie pe marginea\u00a0articolului [&#038;hellip<\/p>\n","protected":false},"author":1,"featured_media":0,"comment_status":"closed","ping_status":"closed","sticky":false,"template":"","format":"standard","meta":{"footnotes":""},"categories":[3,6],"tags":[],"class_list":["post-18129","post","type-post","status-publish","format-standard","hentry","category-articole","category-linkuri-externe"],"_links":{"self":[{"href":"https:\/\/www.marianagurza.ro\/blog\/wp-json\/wp\/v2\/posts\/18129","targetHints":{"allow":["GET"]}}],"collection":[{"href":"https:\/\/www.marianagurza.ro\/blog\/wp-json\/wp\/v2\/posts"}],"about":[{"href":"https:\/\/www.marianagurza.ro\/blog\/wp-json\/wp\/v2\/types\/post"}],"author":[{"embeddable":true,"href":"https:\/\/www.marianagurza.ro\/blog\/wp-json\/wp\/v2\/users\/1"}],"replies":[{"embeddable":true,"href":"https:\/\/www.marianagurza.ro\/blog\/wp-json\/wp\/v2\/comments?post=18129"}],"version-history":[{"count":5,"href":"https:\/\/www.marianagurza.ro\/blog\/wp-json\/wp\/v2\/posts\/18129\/revisions"}],"predecessor-version":[{"id":18132,"href":"https:\/\/www.marianagurza.ro\/blog\/wp-json\/wp\/v2\/posts\/18129\/revisions\/18132"}],"wp:attachment":[{"href":"https:\/\/www.marianagurza.ro\/blog\/wp-json\/wp\/v2\/media?parent=18129"}],"wp:term":[{"taxonomy":"category","embeddable":true,"href":"https:\/\/www.marianagurza.ro\/blog\/wp-json\/wp\/v2\/categories?post=18129"},{"taxonomy":"post_tag","embeddable":true,"href":"https:\/\/www.marianagurza.ro\/blog\/wp-json\/wp\/v2\/tags?post=18129"}],"curies":[{"name":"wp","href":"https:\/\/api.w.org\/{rel}","templated":true}]}}