{"id":18145,"date":"2014-04-16T12:08:42","date_gmt":"2014-04-16T12:08:42","guid":{"rendered":"http:\/\/www.marianagurza.ro\/blog\/?p=18145"},"modified":"2014-04-16T12:10:37","modified_gmt":"2014-04-16T12:10:37","slug":"%e2%80%9ccartea-cu-dumnezeu%e2%80%9d-magda-ursache-despre-albumul-parintele-justin-marturisitorul-viata-suferinta-dragostea-si-jertfa-de-sine-a-duhovnicului-neamului-la-10-luni-de-la-plecarea-sa","status":"publish","type":"post","link":"https:\/\/www.marianagurza.ro\/blog\/2014\/04\/16\/%e2%80%9ccartea-cu-dumnezeu%e2%80%9d-magda-ursache-despre-albumul-parintele-justin-marturisitorul-viata-suferinta-dragostea-si-jertfa-de-sine-a-duhovnicului-neamului-la-10-luni-de-la-plecarea-sa\/","title":{"rendered":"\u201cCartea cu Dumnezeu\u201d. Magda Ursache despre albumul P\u0103rintele Justin M\u0103rturisitorul, via\u021ba, suferin\u021ba, dragostea \u0219i jertfa de sine a Duhovnicului Neamului, la 10 luni de la plecarea sa la Domnul"},"content":{"rendered":"<p style=\"text-align: center;\"><a href=\"http:\/\/www.marianagurza.ro\/blog\/wp-content\/uploads\/2014\/04\/Parintele-Justin-Marturisitorul-Album-foto-de-Cristina-Nichitus-Roncea-13.jpg\"><img loading=\"lazy\" decoding=\"async\" class=\"size-medium wp-image-18146\" title=\"Parintele Justin Marturisitorul - Album foto de Cristina Nichitu\" src=\"http:\/\/www.marianagurza.ro\/blog\/wp-content\/uploads\/2014\/04\/Parintele-Justin-Marturisitorul-Album-foto-de-Cristina-Nichitus-Roncea-13-300x200.jpg\" alt=\"\" width=\"300\" height=\"200\" srcset=\"https:\/\/www.marianagurza.ro\/blog\/wp-content\/uploads\/2014\/04\/Parintele-Justin-Marturisitorul-Album-foto-de-Cristina-Nichitus-Roncea-13-300x200.jpg 300w, https:\/\/www.marianagurza.ro\/blog\/wp-content\/uploads\/2014\/04\/Parintele-Justin-Marturisitorul-Album-foto-de-Cristina-Nichitus-Roncea-13.jpg 702w\" sizes=\"auto, (max-width: 300px) 100vw, 300px\" \/><\/a><\/p>\n<div id=\"stcpDiv\">\n<p>&nbsp;<\/p>\n<div id=\"stcpDiv\">\n<p style=\"text-align: justify;\">,,Dac\u0103 ar fi s\u0103 aleg un chip de cre\u015ftin rom\u00e2n care s\u0103-l figureze pe Dumnezeu, l-a\u015f alege pe P\u0103rintele Justin P\u00e2rvu. E frumos P\u0103rintele ca Domnul, e bl\u00eend, e luminos, e smerit cu inima, e ocrotitor. E cel mai aproape prea cucernicul P\u0103rinte de ce-a f\u0103urit Dumnezeu dup\u0103 chip \u015fi asem\u0103nare, <em>ad imaginem suam<\/em>. Dup\u0103 cum, imaginea cea mai drag\u0103 mie e din literatura oral\u0103: cei doi drume\u0163i, mo\u015fneagul f\u0103r\u0103 aur\u0103 \u00eenso\u0163it de Petru, veni\u0163i s\u0103-i \u00eencerce pe oameni dac\u0103-s buni sau r\u0103i, gospodari cu respectul r\u00eenduielii sau nu.<\/p>\n<p style=\"text-align: justify;\">Cum crezi, cum \u00ee\u0163i este credin\u0163a, a\u015fa tr\u0103ie\u015fti: d\u0103ruie\u015fti, aju\u0163i, aperi, binecuv\u00eentezi, dar \u015fi cer\u0163i cu asprime pe cei f\u0103r\u0103 con\u015ftiin\u0163\u0103 de etnie, orienta\u0163i spre chivernisirea trupului, nu a sufletului, s\u0103raci spiritual.<\/p>\n<p style=\"text-align: justify;\">P\u0103rintele Justin a fost, este tr\u0103itor \u00eentru Biseric\u0103, pentru c\u0103 n-a murit, doar a ie\u015fit \u00een ve\u015fnicie. Pe durata monahiceasc\u0103 a existen\u0163ei sale cu trezie \u00een zori \u015fi cu trezvie la mezonoptic\u0103, de veghe pentru ceilal\u0163i, s\u00eerguind pentru Neam, ca parte din oastea lui: \u201eEu a\u015fa am mers, cu Evanghelia \u00een frunte \u015fi cu na\u0163iunea \u00een spate\u201d. Cultul sfin\u0163ilor \u015fi al eroilor tragici ai \u00eenchisorilor comuniste a fost, este grija dint\u00eei a Marelui Duhovnic. Iar usc\u0103ciunile din cinul monahal nu-s iertate: \u201eNu ierarhii \u015fi preo\u0163ii au \u0163inut ortodoxia rom\u00e2neasc\u0103, ci mucenicii din \u00eenchisori \u015fi mamele cre\u015ftine care \u015fi-au crescut copiii \u00een duhul acesta al adev\u0103rului ortodox\u201d.<\/p>\n<p style=\"text-align: justify;\">\u00cent\u00eemplarea a f\u0103cut (m\u0103 corijez: nu \u00eent\u00eemplarea ci Altcineva, mai de sus) s\u0103 \u00eencep anul 2014 deschiz\u00eend albumul Cristinei Nichitu\u015f Roncea, <em>P\u0103rintele Justin-M\u0103rturisitorul<\/em>, cu subtitlul <em>Fotografii \u015fi vorbe de duh<\/em>. Dumnezeu i-a d\u0103ruit P\u0103rintelui cuv\u00eent <em>bogat<\/em>. Bogat ca \u015fi inima lui, despre care putea spune ca \u015fi Sf\u00eentul Augustin: \u201euria\u015fa \u00eenc\u0103pere a inimii mele\u201d. A practicat firesc empatia, ascult\u00eend nevoin\u0163ele pelerinilor, cu bun\u0103tate \u015fi cu r\u0103bdare, pentru optimizarea lor uman\u0103 prin spovedanie, pentru zidire prin m\u0103rturisire. Albumul, tip\u0103rit de editura Mica Valahie, se deschide cu un autograf pentru cre\u015ftinul nostru: \u201e\u00cendemn spre tot lucrul bun\u201d \u015fi-i semnat Arhim. Justin.<\/p>\n<p style=\"text-align: center;\"><a href=\"http:\/\/www.marianagurza.ro\/blog\/wp-content\/uploads\/2014\/04\/Parintele-Justin-Marturisitorul-Album-foto-de-Cristina-Nichitus-Roncea-pag-164-165.jpg\"><img loading=\"lazy\" decoding=\"async\" title=\"Parintele Justin Marturisitorul - Album foto de Cristina Nichitu\" src=\"http:\/\/www.marianagurza.ro\/blog\/wp-content\/uploads\/2014\/04\/Parintele-Justin-Marturisitorul-Album-foto-de-Cristina-Nichitus-Roncea-pag-164-165-300x137.jpg\" alt=\"\" width=\"300\" height=\"137\" \/><\/a><\/p>\n<div id=\"stcpDiv\">\n<p style=\"text-align: justify;\">C\u00eend am ajuns prima oar\u0103 \u00een satul Petru-Vod\u0103, unde a fost n\u0103scut P\u0103rintele, \u015fi de acolo la M\u0103n\u0103stirea Sfin\u0163ii Arhangheli Mihail \u015fi Gavril, a c\u0103rei temelie e pus\u0103 \u00een 1991, am \u015ftiut c\u0103 locul e benefic. La Petru-Vod\u0103 e casa lui Dumnezeu, e biserica <em>vie<\/em>, unde intri \u00een comuniune <em>vie<\/em> cu cerescul. Ne-am sim\u0163it \u015fi eu, \u015fi Petru U. ridica\u0163i \u00een gra\u0163ia divin\u0103, cuprin\u015fi de o anume beatitudine, ca rev\u0103rsat\u0103 din fiin\u0163a P\u0103rintelui Justin. Dac\u0103 ajungi \u00een vreun loc la pacea sufletului, asta se \u00eent\u00eempl\u0103 \u00een aerul plin de lumin\u0103 al poienii cu un farmec indelebil al culorilor. Acolo te po\u0163i atinge pu\u0163in, cu sufletul, de o arip\u0103 de \u00eenger. Hulim, ponegrim, ironiz\u0103m spa\u0163iul mioritic, dar gurile de rai exist\u0103. Una: m\u0103n\u0103stirea de la poalele Ceahl\u0103ului, unde odihnesc Radu \u015fi Flora Gyr, iar din 2006, P\u0103rintele Calciu-Dumitreasa.<\/p>\n<p style=\"text-align: justify;\">\u00cen cuv\u00eentul de \u00eenso\u0163ire, Aspazia O\u0163el Petrescu afirm\u0103 cu credin\u0163\u0103 c\u0103 P\u0103rintele Justin P\u00e2rvu a fost surprins de obiectivul aparatului Cristinei Nichitu\u015f-Roncea a\u015fa cum a fost: \u201ecu privirea \u00een\u0163eleapt\u0103 \u015fi plin\u0103 de c\u0103ldur\u0103\u201d. Cu ochii sublim alba\u015ftri, adaug eu. Da, este minunat felul cum aranjeaz\u0103 lumina fotojurnalista: pe un P\u0103rinte suav, cu barb\u0103 n\u0103valnic\u0103 sau, dimpotriv\u0103, amuzat de un pisoi pufos, cu nasul \u00eembl\u0103nit ridicat spre m\u00eena lui; P\u0103rintele z\u00eembe\u015fte u\u015for \u015f\u0103galnic ori pare \u00eendurerat, \u00eengrijorat: \u201e\u00een jurul Bisericii, s\u0103 facem zid puternic, s\u0103 rezist\u0103m p\u00een\u0103 la ultima pic\u0103tur\u0103 de s\u00eenge pentru c\u0103 n\u0103paste maxime p\u00eendesc asupra noastr\u0103\u201d. Eu prefer fotografia cu capul alb descoperit ori aceea cu privire veghetoare, p\u0103truns\u0103 de taina Euharistiei: \u201eC\u0103lug\u0103rul \u00ee\u015fi are exemplul \u00een lumina \u00eengerului, iar cre\u015ftinul, mireanul, o are \u00een lumina monahului\u201d. De multe ori trebuie specificat: nu-i pictur\u0103, e fotografie \u015fi trimit la paginile 32-33.<\/p>\n<p style=\"text-align: justify;\">Fotografiile din dragoste pentru P\u0103rintele m\u0103rturisitor deschid poarta\/ calea spre mesajul \u201eDuhovnicului Neamului\u201d: s\u0103 nu ne l\u0103s\u0103m sminti\u0163i de \u201evremurile satanice\u201d pe care le travers\u0103m. Moda bisericirii printre guvernan\u0163i nu i-a pl\u0103cut Arhimandritului, cum nu i-au pl\u0103cut nici \u00eencerc\u0103rile repetate de a scoate din sufletul cre\u015ftinului m\u00eendria de neam. \u00cempotriva acestor indemni s-a pronun\u0163at aspru, ap\u0103r\u00eend demnitatea de rom\u00e2n prin apel la patrimoniul cel mai de pre\u0163: martirii din avu\u0163ia noastr\u0103 spiritual\u0103. \u201eSigur c\u0103 sunt vremurile acestea a\u015fa \u00eensp\u0103im\u00eent\u0103toare, pentru c\u0103 \u015fi noi suntem supu\u015fi firii c\u0103zute, \u015fi de aceea nu noi ci firea omeneasc\u0103 din noi se teme, dar aceste greut\u0103\u0163i ce sunt puse \u00eenaintea noastr\u0103 sunt spre rezisten\u0163a \u015fi \u00eent\u0103rirea sufletului nostru\u201d.<\/p>\n<div id=\"stcpDiv\">\n<p style=\"text-align: justify;\">Grele \u00eencerc\u0103ri, Doamne! Arestat la 14 mai \u201945, pentru propagand\u0103 religioas\u0103, eliberat la 16 mai 1964. Sentin\u0163a de 12 ani (\u201ed\u0103deau cu cincinalul\u201d, a f\u0103cut haz de necaz P\u0103rintele) a sporit cu 4 ani pentru o replic\u0103. \u00centrebat ce-o s\u0103 fac\u0103 la eliberare, a r\u0103spuns neted c\u0103 va face exact ce-a f\u0103cut: slujirea Bisericii. Dup\u0103 ce a fost anchetat\/ torturat la Suceava, condamnatul cu num\u0103rul 267, devenit bandit \u015fi \u201edu\u015fman al poporului (precizare: termenul l-a inventat Lenin; dup\u0103 <em>Tutankalmucul <\/em>Ilici, preo\u0163ii fiind \u201econtrarevolu\u0163ionari \u00een sutan\u0103\u201d, au urmat Aiudul, p\u00een\u0103 \u00een \u201951, munca silnic\u0103 la Baia Sprie, p\u00een\u0103 \u00een \u201954, pe urm\u0103 Gherla, Periprava\u2026 S\u0103 fii b\u0103gat la gherl\u0103 pentru c\u0103 vrei binele neamului t\u0103u \u015fi s\u0103 crezi c\u0103 temni\u0163a a dus la eliberare sufleteasc\u0103, la \u00eemplinire de sine este \u00eenv\u0103\u0163\u0103tura clar\u0103 ca lumina lin\u0103 a mult\u00eencercatului P\u0103rinte. Temni\u0163a elibereaz\u0103? Da, spune cel claustrat sever aproape 17 ani. Temni\u0163a a dus la sporire (vreau s\u0103 evit vocabula <em>c\u00ee\u015ftig<\/em>) pentru rug\u0103ciune. Sf\u00eentul \u00eenchisorilor, cum i-a spus monahul Nicolae Steinhardt lui Valeriu Gafencu, s-a rugat \u00een zarc\u0103 pentru \u00eemplinirea de sine, s-a rezidit curat prin suferin\u0163\u0103. Rug\u0103ciunea cre\u015fte din jertf\u0103. Durerea este esen\u0163ial\u0103 pentru rug\u0103.<\/p>\n<p style=\"text-align: justify;\">S\u0103 ai \u00een temni\u0163\u0103 revela\u0163ia libert\u0103\u0163ii cre\u015ftine\u015fti nu-i u\u015for. Aspra ascez\u0103 <em>intra muros<\/em> e calea spre \u00eendumnezeire, spre unirea cu Dumnezeu \u015fi totodat\u0103 o d\u0103ruire pentru m\u00eentuirea fiin\u0163ei noastre ca popor. \u201eAcelea erau zile de sacrificiu \u015fi jertf\u0103: extraordinare \u015fi unice\u201d. \u015ei-mi amintesc ce povestea cardinalul Todea: cum un de\u0163inut lovit a zis tor\u0163ionarului: \u201ePentru Domnul!\u201d \u201cS\u0103 iert\u0103m ca Dumnezeu s\u0103 \u00eentoarc\u0103 privirea spre \u0163ara asta\u201d, a conchis Todea.<\/p>\n<p style=\"text-align: justify;\">Arhimandritul Justin P\u00e2rvu a intrat \u00een \u00eenchisoare \u201eom liber moral, desp\u0103timit\u201d \u015fi a ie\u015fit \u00eent\u0103rit, purificat, conform triadei isihaste: purificare-iluminare-des\u0103v\u00eer\u015fire. \u201eDoamne, iart\u0103 Rom\u00e2nia pentru p\u0103catele fiilor ei!\u201d st\u0103 inscrip\u0163ionat pe lespedea de morm\u00eent a episcopului Dionisie Romano.<\/p>\n<div id=\"stcpDiv\">\n<p style=\"text-align: justify;\">P\u0103rintele Justin nu s-a temut de jertfa pentru cele dou\u0103 valori supreme: Dumnezeu \u015fi Patria (da, cu majuscul\u0103 \u00een scrisul s\u0103u). Un rom\u00e2n grozav de rom\u00e2n P\u0103rintele! Mereu cu franche\u0163e dezarmant\u0103 \u00een afirma\u0163ii: \u201eParc\u0103 ar fi o dihanie na\u0163ionalistul, cine \u015ftie ce ciud\u0103\u0163enie ar fi\u201d. \u015ei asta c\u00eend na\u0163ionalismul e r\u0103u blamat, ca-n anii \u201950, de fiii cominterni\u015ftilor, c\u00eend asist\u0103m la alt\u0103 fa\u0163\u0103 a theocidului comunist. Presa informeaz\u0103 c\u0103 fo\u015fti profesori de socialism \u015ftiin\u0163ific (ateu) predau ore de religie. Al\u0163ii compun tropare dup\u0103 modelul imnelor ceau\u015fii: dac\u0103 nu preaiubitul Ceau\u015fescu, atunci Sus Hristos! \u00cen momente electorale, Dumnezeu e pesederist ori nu e deloc.<\/p>\n<p style=\"text-align: justify;\">Mesajul s\u0103u tonic ne \u00eenva\u0163\u0103 c\u0103 \u201etotdeauna mai este o b\u0103t\u0103lie pe care n-am pierdut-o\u201d. \u015ei-i negre\u015felnic: \u201enu avem de ce s\u0103 dezn\u0103d\u0103jduim. Pentru c\u0103 M\u00eentuitorul spune foarte limpede: \u00abNu te teme turm\u0103 mic\u0103!\u00bb Noi suntem turma mic\u0103\u201d.<\/p>\n<p style=\"text-align: justify;\">Solu\u0163ia izb\u0103vitoare, f\u0103r\u0103 cusur? Poporului \u00eei cere unitate \u015fi poc\u0103in\u0163\u0103; cinului, cu chemare spre monahism, ascultare \u015fi rug\u0103ciune. Iar puterea sa spiritual\u0103 uluitoare o arat\u0103 efectul benefic asupra pelerinilor veni\u0163i cu mic, cu mare la Petru-Vod\u0103, ca s\u0103 plece de acolo lini\u015fti\u0163i l\u0103untric, \u00eembun\u0103t\u0103\u0163i\u0163i. A speriat pe careva puterea asta, dac\u0103 a fost marginalizat, de\u015fi i s-ar fi cuvenit locul de Patriarh, ca punct de reper al ortodoxiei? O fi speriat, n-a fost un \u201ec\u0103ldicel\u201d Justin P\u00e2rvu. A stat \u00een r\u0103sp\u0103rul noilor doxe, ca rug\u0103ciunea interecumenic\u0103 \u00een mega-soboare, cu t\u0103m\u00eeieri costisitoare, de\u015fi sincretismul religiilor poate duce la \u00eendoial\u0103 privind m\u00eentuirea cre\u015ftin\u0103. S\u0103 fie pacea interecumenic\u0103 mai de pre\u0163 dec\u00eet pacea interioar\u0103? Rug\u0103ciunea comun\u0103 pe stadioane o fi <em>politically correct<\/em> fa\u0163\u0103 de rug\u0103ciunea \u00een singur\u0103tate, \u00een limba ta?<\/p>\n<p style=\"text-align: justify;\">Spune P\u0103rintele: \u201ePoporul rom\u00e2n a avut o \u00eenchegare frumoas\u0103, a fost cuminte, \u00een\u0163elept\u201d.<em> Patericul<\/em> l-a tr\u0103it omul omenos de la \u0163ar\u0103; satul a fost matc\u0103 a ortodoxiei, a mers dup\u0103 rostul cerut de via\u0163a de Biseric\u0103. \u00cen lipsa libert\u0103\u0163ii religioase cu o durat\u0103 de 40-50 de ani, tr\u0103irea sl\u0103vitoare de Dumnezeu s-a \u015fubrezit. \u015ei c\u00eet s-a r\u00ees postsocialist de sacrificiul de sorginte christic\u0103, de generozitatea jertfei \u00een numele lui Iisus!<\/p>\n<p style=\"text-align: justify;\">\u00cenainte de a \u00eenchide ochii, Arhimandritul Justin a binecuv\u00eentat \u00eentreit: neamul din \u0163ar\u0103, neamul de pretutindeni, Rom\u00e2nia lui. Iar puterea s\u0103 fie printre noi, cu noi, are f\u0103r\u0103 nici o \u00eendoial\u0103. E ceea ce vrea s\u0103 probeze \u015fi jurnalismul fotografic al Cristinei Nichitu\u015f Roncea. De pre\u0163uit.&#8221;<\/p>\n<p style=\"text-align: justify;\"><em>Aparut in: <\/em>Contemporanul, An XXV, Nr. 3 (744), <em>Martie 2014<\/em><\/p>\n<p style=\"text-align: justify;\"><em>Sursa:<\/em> <a href=\"http:\/\/www.parintelejustinparvu.ro\/2014\/04\/16\/cartea-cu-dumnezeu-de-magda-ursache-un-omagiu-adus-parintelui-justin-parvu-la-10-luni-de-la-plecarea-sa-la-domnul\/\">ParinteleJustinParvu.Ro<\/a><\/p>\n<\/div>\n<\/div>\n<p><a href=\"http:\/\/roncea.ro\/\" target=\"_blank\">Victor Roncea<\/a><\/p>\n<\/div>\n<\/div>\n<\/div>\n","protected":false},"excerpt":{"rendered":"<p>&nbsp; ,,Dac\u0103 ar fi s\u0103 aleg un chip de cre\u015ftin rom\u00e2n care s\u0103-l figureze pe Dumnezeu, l-a\u015f alege pe P\u0103rintele [&#038;hellip<\/p>\n","protected":false},"author":1,"featured_media":0,"comment_status":"closed","ping_status":"closed","sticky":false,"template":"","format":"standard","meta":{"footnotes":""},"categories":[3,6],"tags":[],"class_list":["post-18145","post","type-post","status-publish","format-standard","hentry","category-articole","category-linkuri-externe"],"_links":{"self":[{"href":"https:\/\/www.marianagurza.ro\/blog\/wp-json\/wp\/v2\/posts\/18145","targetHints":{"allow":["GET"]}}],"collection":[{"href":"https:\/\/www.marianagurza.ro\/blog\/wp-json\/wp\/v2\/posts"}],"about":[{"href":"https:\/\/www.marianagurza.ro\/blog\/wp-json\/wp\/v2\/types\/post"}],"author":[{"embeddable":true,"href":"https:\/\/www.marianagurza.ro\/blog\/wp-json\/wp\/v2\/users\/1"}],"replies":[{"embeddable":true,"href":"https:\/\/www.marianagurza.ro\/blog\/wp-json\/wp\/v2\/comments?post=18145"}],"version-history":[{"count":5,"href":"https:\/\/www.marianagurza.ro\/blog\/wp-json\/wp\/v2\/posts\/18145\/revisions"}],"predecessor-version":[{"id":18149,"href":"https:\/\/www.marianagurza.ro\/blog\/wp-json\/wp\/v2\/posts\/18145\/revisions\/18149"}],"wp:attachment":[{"href":"https:\/\/www.marianagurza.ro\/blog\/wp-json\/wp\/v2\/media?parent=18145"}],"wp:term":[{"taxonomy":"category","embeddable":true,"href":"https:\/\/www.marianagurza.ro\/blog\/wp-json\/wp\/v2\/categories?post=18145"},{"taxonomy":"post_tag","embeddable":true,"href":"https:\/\/www.marianagurza.ro\/blog\/wp-json\/wp\/v2\/tags?post=18145"}],"curies":[{"name":"wp","href":"https:\/\/api.w.org\/{rel}","templated":true}]}}