{"id":18153,"date":"2014-04-17T11:40:47","date_gmt":"2014-04-17T11:40:47","guid":{"rendered":"http:\/\/www.marianagurza.ro\/blog\/?p=18153"},"modified":"2014-04-17T12:24:33","modified_gmt":"2014-04-17T12:24:33","slug":"cuvinte-la-zile-mari-de-la-artur-silvestri","status":"publish","type":"post","link":"https:\/\/www.marianagurza.ro\/blog\/2014\/04\/17\/cuvinte-la-zile-mari-de-la-artur-silvestri\/","title":{"rendered":"Cuvinte la Zile Mari de la Artur Silvestri"},"content":{"rendered":"<p style=\"text-align: center;\"><a href=\"http:\/\/www.marianagurza.ro\/blog\/wp-content\/uploads\/2014\/04\/124314_invierea_domnului.jpg\"><img loading=\"lazy\" decoding=\"async\" class=\"size-medium wp-image-18154\" title=\"124314_invierea_domnului\" src=\"http:\/\/www.marianagurza.ro\/blog\/wp-content\/uploads\/2014\/04\/124314_invierea_domnului-300x230.jpg\" alt=\"\" width=\"300\" height=\"230\" srcset=\"https:\/\/www.marianagurza.ro\/blog\/wp-content\/uploads\/2014\/04\/124314_invierea_domnului-300x230.jpg 300w, https:\/\/www.marianagurza.ro\/blog\/wp-content\/uploads\/2014\/04\/124314_invierea_domnului.jpg 470w\" sizes=\"auto, (max-width: 300px) 100vw, 300px\" \/><\/a><\/p>\n<p style=\"text-align: left;\" align=\"center\"><strong>Cuvinte de folos de la Artur Silvestri<\/strong><\/p>\n<p>&nbsp;<\/p>\n<p style=\"text-align: justify;\">\u00a0\u00a0\u00a0\u00a0\u00a0\u00a0\u00a0\u00a0\u00a0\u00a0\u00a0 \u00cen \u00eent\u00e2mpinarea Marii S\u0103rb\u0103tori a \u00cenvierii Domnului, fiecare dintre noi primeam, nu cu mul\u021bi ani \u00een urm\u0103, un mesaj de suflet, cald, apropiat \u0219i \u00een\u021belept, de\u00a0 la Artur Silvestri, \u00eenso\u021bit \u0219i de c\u00e2te o scriere, mai succint\u0103 sau mai extins\u0103, o \u201ec\u0103rticic\u0103\u201d, cum spunea el, despre o tem\u0103 religioas\u0103, sau despre via\u021ba unui ierarh, sau despre o m\u00e2n\u0103stire. Era darul lui la marile s\u0103rb\u0103tori, dar \u00a0care ne \u00eenso\u021bea trecerea, chiar \u0219i numai pentru pu\u021bin timp, din stresul \u0219i praful cotidianului distrug\u0103tor,\u00a0 c\u0103tre s\u0103rb\u0103toarea spiritual\u0103.<\/p>\n<p style=\"text-align: justify;\">\u00a0\u00a0\u00a0\u00a0\u00a0\u00a0\u00a0\u00a0\u00a0\u00a0\u00a0 \u0218i \u00een S\u0103pt\u0103m\u00e2na Mare a Patimilor 2014, cuvintele lui Artur Silvestri se a\u0219tern \u00eentr-o confesiune \u00a0despre fapta bun\u0103, despre neam, despre limb\u0103, rudenii \u0219i loc, adic\u0103 despre misiune \u0219i despre patrie, despre credin\u021b\u0103 \u0219i introspec\u021bie, despre smerenia cu care noi, oamenii sim\u021bindu-ne \u201ef\u0103pturi mai\u00a0 m\u0103runte dec\u00e2t bobul de nisip\u201d ne \u00eendrept\u0103m c\u0103tre \u00cenvierea Domnului, sper\u00e2nd c\u0103 \u00een cur\u00e2nd, peste numai c\u00e2teva zile, bucuria va \u00eenvia \u0219i sufletele noastre, c\u00e2nd vom spune: <strong>\u201e Hristos a \u00eenviat!\u201d \u0219i vom r\u0103spunde \u00a0\u201eAdev\u0103rat a \u00eenviat\u201d.<\/strong><\/p>\n<p style=\"text-align: justify;\">Ne g\u00e2ndim c\u0103 \u0219i \u00een acest an ne sunt \u00a0de folos cuvintele lui Artur Silvestri, de aceea vi le trimitem, spre reamintire, ad\u0103ug\u00e2nd ur\u0103rile noastre, ale Doamnei Mariana Br\u0103escu \u0219i ale mele:<\/p>\n<p style=\"text-align: justify;\"><strong>S\u0103rb\u0103tori fericite, pline de Lumin\u0103 \u0219i bucurie la auzul Sfintei ve\u0219ti \u201eHristos a \u00eenviat\u201d!<\/strong><\/p>\n<p style=\"text-align: right;\">ASOCIA\u021aIA ROM\u00c2N\u0102 PENTRU PATRIMONIU<\/p>\n<p style=\"text-align: center;\"><a href=\"http:\/\/www.marianagurza.ro\/blog\/wp-content\/uploads\/2014\/04\/1animated_candle_x160.gif\"><img loading=\"lazy\" decoding=\"async\" class=\"size-full wp-image-18155\" title=\"1animated_candle_x160\" src=\"http:\/\/www.marianagurza.ro\/blog\/wp-content\/uploads\/2014\/04\/1animated_candle_x160.gif\" alt=\"\" width=\"160\" height=\"224\" \/><\/a><\/p>\n<p align=\"center\"><strong><em>Cuvinte la zile mari:<\/em><\/strong><\/p>\n<p align=\"center\"><strong><em>Sf.\u00a0 Pa\u015fti 2008<a title=\"\" href=\"#_ftn1\"><strong>[1]<\/strong><\/a><\/em><\/strong><\/p>\n<p><strong>\u00a0<\/strong><\/p>\n<p style=\"text-align: justify;\">\u00a0\u00a0\u00a0\u00a0\u00a0\u00a0\u00a0\u00a0\u00a0\u00a0\u00a0 G\u0103sesc de folos ca, \u00een Zi Mare, s\u0103 recapitulez pentru mine c\u00e2teva din chipurile \u015fi prezen\u0163ele care \u00eemi sunt un reazem \u015fi argument pentru a spune c\u0103 \u00een ceea ce fac nu este o gre\u015feal\u0103 \u015fi c\u0103, dac\u0103 am pornit \u00eentr-acolo unde socoteam c\u0103 trebuie s\u0103 pornim, \u00eenseamn\u0103 c\u0103 a venit timpul s\u0103 recl\u0103dim \u015fi s\u0103 renun\u0163\u0103m la distrugerile sinuciga\u015fe de p\u00e2n\u0103 acum. La aceasta ne \u00eendeamn\u0103 felul \u00eensu\u015fi cum suntem constitui\u0163i\u00a0 \u015fi, deopotriv\u0103, ecourile ce ne vin din vechime \u00een forme \u015fi cuvinte care ne sunt inteligibile \u0219i pe care, la r\u00e2ndul nostru, ne str\u0103duim s\u0103 le facem \u00een\u0163elese \u015fi altora, pentru a fi utile azi, m\u00e2ine \u015fi \u00een timpul nedeslu\u015fit\u00a0 ce ne a\u015fteapt\u0103. C\u0103ci, la drept vorbind, alt\u0103 cale nu ar putea fi. S\u0103 ne facem c\u0103 nu le auzim ar \u00eensemna s\u0103 ne ar\u0103t\u0103m ne-a\u015fezarea \u015fi s\u0103 ne recunoa\u015ftem nevrednici; s\u0103 le uit\u0103m ar fi s\u0103 nu mai avem\u00a0 principiul \u00eensu\u015fi de alc\u0103tuire; s\u0103 le schimonosim nu se poate \u00eenchipui, c\u0103ci am tr\u0103i degeaba. Destul c\u0103 sunt unii, si nu pu\u021bini, care, \u00een indefinitul compozi\u0163iei lor suflete\u015fti m\u0103runte, nici m\u0103car nu mai \u015ftiu de unde vin si unde se duc \u015fi a c\u0103ror \u00eenclina\u021bie c\u0103tre <em>ur\u00e2t<\/em> \u015fi\u00a0 <em>r\u0103u\u00a0 <\/em>st\u0103 nu doar \u00eempotriva celulei originare, neg\u00e2nd \u00eentreaga istorie de unde au ie\u0219it ca \u00eentocmiri, \u00a0ci \u0219i\u00a0 in contra Naturii \u00eens\u0103\u015fi, cu pece\u021bile ei ce le sunt ininteligibile, str\u0103ine si de sens abscons.<\/p>\n<p style=\"text-align: justify;\">\u00a0\u00a0\u00a0\u00a0\u00a0\u00a0\u00a0\u00a0\u00a0\u00a0\u00a0 Noi, \u00eens\u0103, \u00a0avem legitimitatea faptului tr\u0103it \u0219i a lumii de origin\u0103 cu mesajele ei imodificabile, pe care ni le-am \u00eensu\u0219it .<\/p>\n<p style=\"text-align: justify;\">\u00a0\u00a0\u00a0\u00a0\u00a0\u00a0\u00a0\u00a0\u00a0\u00a0\u00a0 In anii de p\u00e2n\u0103 acum, mul\u021bi sau pu\u021bini, a\u0219a cum<strong> <\/strong>o vrea Dumnezeu, nu am avut dec\u00e2t n\u0103zuin\u021ba de a privi \u00een jur cu aten\u021bie \u0219i cu bun\u0103-voire, \u00een\u021beleg\u00e2nd c\u0103, dac\u0103 via\u021ba ne-a fost dat\u0103 ca un mister inexplicabil, nimic nu o face mai bine purt\u0103toare de \u00een\u021beles ireductibil dec\u00e2t rezultatul viu \u0219i definit, <em>Fapta<\/em> de orice greutate.<\/p>\n<p style=\"text-align: justify;\">\u00a0\u00a0\u00a0\u00a0\u00a0\u00a0\u00a0\u00a0\u00a0\u00a0\u00a0 De-aceea, at\u00e2t ieri\u00a0 c\u00e2t \u0219i azi \u2013 \u0219i, dac\u0103 voi avea zile,\u00a0 \u0219i m\u00e2ine \u2013 am sim\u021bit c\u0103,\u00a0 dac\u0103 dincolo de orice prejudec\u0103\u021bi, re\u021binere nep\u0103s\u0103toare \u0219i individualism sterp, voi afla, precum \u00een nisipul r\u00e2urilor\u00a0 mari, pepita de aur si o voi ar\u0103ta \u0219i altora, ajut\u00e2nd, pe c\u00e2t pot, s\u0103 se scoat\u0103 mai l\u0103muritor \u00een eviden\u021b\u0103, nu voi fi tr\u0103it f\u0103r\u0103 rost;<strong> <\/strong>\u0219i n\u0103d\u0103jduiesc c\u0103 nu am gre\u0219it.<\/p>\n<p style=\"text-align: justify;\">\u00a0\u00a0\u00a0\u00a0\u00a0\u00a0\u00a0\u00a0\u00a0\u00a0\u00a0 Mul\u021bi cred \u0219i \u00eemi spun c\u0103 astfel de\u00a0 \u00eendemn\u0103ri,\u00a0 de\u0219i \u00een esen\u021b\u0103 l\u0103udabile \u0219i poate c\u0103 si creatoare de efect pozitiv, nu vor duce dec\u00e2t la suferin\u021b\u0103 \u0219i dezam\u0103gire, c\u0103ci \u0219tergerea din memorie a celor bune ce \u021bi s-au f\u0103cut\u00a0 este o lege ireductibil\u0103 a umanului\u00a0 \u0219i c\u0103 gratitudinea apas\u0103 de obicei ca o boal\u0103 grea \u0219i nu se suport\u0103 dec\u00e2t de c\u0103tre cei cu adev\u0103rat puternici. \u00cens\u0103 dac\u0103 a\u0219 g\u00e2ndi la fel, ar \u00eensemna s\u0103 nu mai pot \u00eenainta cu l\u0103rgime si s\u0103 cad cu totul prad\u0103 dezn\u0103dejdii \u00eenchipuindu-mi c\u0103, \u00een timpul ce va veni, lucrarea noastr\u0103, de oric\u00e2t\u0103 anvergur\u0103, nu va mai \u00eensemna nimic \u0219i c\u0103, \u00een locul sufletelor dedicate, vor exista numai creaturi definite de o stric\u0103ciune insondabil\u0103 unde apuc\u0103turile rele ar fi doar cele mai de \u00eeng\u0103duit. Aceast\u0103 concluzie este de neimaginat. Via\u021ba noastr\u0103 nu se desf\u0103\u0219oar\u0103 \u00een m\u0103suri ce depind de noi mai mult dec\u00e2t de \u00eens\u0103\u015fi <em>Firea <\/em>c\u0103reia \u00eei apar\u0163inem, iar\u00a0 in enigma ei insondabil\u0103\u00a0 nu \u00eencap dec\u00e2t principiile ce conduc la \u00eentocmire, cre\u00e2nd organisme cu sens interior \u015fi nu ar\u0103t\u0103ri necon\u0163inutistice .<\/p>\n<p style=\"text-align: justify;\">\u00a0\u00a0\u00a0\u00a0\u00a0\u00a0\u00a0\u00a0\u00a0\u00a0\u00a0 Suntem, deci, \u00een firea lucrurilor, adic\u0103 acolo unde esen\u0163iale sunt <em>locul<\/em> de unde venim, <em>limba<\/em> ce o vorbim, <em>rudeniile<\/em> ce ni s-au dat, <em>sufletele<\/em>\u00a0 \u00eenso\u0163itoare, \u00eentregul ce ne \u00eenconjoar\u0103 \u015fi p\u00e2n\u0103 la urm\u0103<em> \u2013 P\u0103rin\u0163ii, <\/em>adic\u0103 <em>Neamul<\/em>, alc\u0103tuind o realitate\u00a0\u00a0 nesf\u00e2r\u015fit\u0103 \u015fi inaccesibil\u0103 pentru \u00een\u0163elegerea noastr\u0103,\u00a0 f\u0103pturi mai\u00a0 m\u0103runte dec\u00e2t bobul de nisip .<\/p>\n<p style=\"text-align: right;\" align=\"right\"><em>Hristos a \u00eenviat ! Adev\u0103rat a \u00eenviat<\/em> !<\/p>\n<p style=\"text-align: justify;\"><strong>Artur Silvestri<\/strong><\/p>\n<hr align=\"left\" size=\"1\" width=\"33%\" \/>\n<div>\n<p style=\"text-align: justify;\"><a title=\"\" href=\"#_ftnref1\">[1]<\/a> <strong><em>Cuvinte la zile mari<\/em><\/strong>,\u00a0 <strong><em>Sf.Pa\u015fti 2008<\/em><\/strong>, a fost ultimul mesaj scris \u015fi trimis de Artur Silvestri ca de obicei, prietenilor \u015fi colaboratorilor, \u00a0\u00een ajunul marii S\u0103rb\u0103tori a \u00cenvierii Domnului Iisus Hristos..<\/p>\n<\/div>\n","protected":false},"excerpt":{"rendered":"<p>Cuvinte de folos de la Artur Silvestri &nbsp; \u00a0\u00a0\u00a0\u00a0\u00a0\u00a0\u00a0\u00a0\u00a0\u00a0\u00a0 \u00cen \u00eent\u00e2mpinarea Marii S\u0103rb\u0103tori a \u00cenvierii Domnului, fiecare dintre noi primeam, [&#038;hellip<\/p>\n","protected":false},"author":1,"featured_media":0,"comment_status":"closed","ping_status":"closed","sticky":false,"template":"","format":"standard","meta":{"footnotes":""},"categories":[3,6],"tags":[],"class_list":["post-18153","post","type-post","status-publish","format-standard","hentry","category-articole","category-linkuri-externe"],"_links":{"self":[{"href":"https:\/\/www.marianagurza.ro\/blog\/wp-json\/wp\/v2\/posts\/18153","targetHints":{"allow":["GET"]}}],"collection":[{"href":"https:\/\/www.marianagurza.ro\/blog\/wp-json\/wp\/v2\/posts"}],"about":[{"href":"https:\/\/www.marianagurza.ro\/blog\/wp-json\/wp\/v2\/types\/post"}],"author":[{"embeddable":true,"href":"https:\/\/www.marianagurza.ro\/blog\/wp-json\/wp\/v2\/users\/1"}],"replies":[{"embeddable":true,"href":"https:\/\/www.marianagurza.ro\/blog\/wp-json\/wp\/v2\/comments?post=18153"}],"version-history":[{"count":7,"href":"https:\/\/www.marianagurza.ro\/blog\/wp-json\/wp\/v2\/posts\/18153\/revisions"}],"predecessor-version":[{"id":18157,"href":"https:\/\/www.marianagurza.ro\/blog\/wp-json\/wp\/v2\/posts\/18153\/revisions\/18157"}],"wp:attachment":[{"href":"https:\/\/www.marianagurza.ro\/blog\/wp-json\/wp\/v2\/media?parent=18153"}],"wp:term":[{"taxonomy":"category","embeddable":true,"href":"https:\/\/www.marianagurza.ro\/blog\/wp-json\/wp\/v2\/categories?post=18153"},{"taxonomy":"post_tag","embeddable":true,"href":"https:\/\/www.marianagurza.ro\/blog\/wp-json\/wp\/v2\/tags?post=18153"}],"curies":[{"name":"wp","href":"https:\/\/api.w.org\/{rel}","templated":true}]}}