{"id":18179,"date":"2014-04-24T06:53:10","date_gmt":"2014-04-24T06:53:10","guid":{"rendered":"http:\/\/www.marianagurza.ro\/blog\/?p=18179"},"modified":"2014-04-24T06:53:59","modified_gmt":"2014-04-24T06:53:59","slug":"magdalena-popa-buluc-despre-%e2%80%9cparintele-justin-marturisitorul%e2%80%9d-%e2%80%9cfotografiile-cristinei-nichitus-roncea-sunt-o-invitatie-de-a-pasi-pe-calea-iubirii-si-a-adevarului%e2%80%9d","status":"publish","type":"post","link":"https:\/\/www.marianagurza.ro\/blog\/2014\/04\/24\/magdalena-popa-buluc-despre-%e2%80%9cparintele-justin-marturisitorul%e2%80%9d-%e2%80%9cfotografiile-cristinei-nichitus-roncea-sunt-o-invitatie-de-a-pasi-pe-calea-iubirii-si-a-adevarului%e2%80%9d\/","title":{"rendered":"Magdalena Popa Buluc despre \u201cP\u0103rintele Justin M\u0103rturisitorul\u201d: \u201cFotografiile Cristinei Nichitu\u015f Roncea sunt o invita\u0163ie de a p\u0103\u015fi pe calea iubirii \u015fi a adev\u0103rului\u201d"},"content":{"rendered":"<p style=\"text-align: center;\"><a href=\"http:\/\/www.marianagurza.ro\/blog\/wp-content\/uploads\/2014\/04\/Despre-Parintele-Justin-Marturisitorul-de-Cristina-Nichitus-Roncea-in-Cotidianul-de-Magdalena-Popa-Buluc.jpg\"><img loading=\"lazy\" decoding=\"async\" class=\"size-medium wp-image-18180\" title=\"Despre-Parintele-Justin-Marturisitorul-de-Cristina-Nichitus-Roncea-in-Cotidianul-de-Magdalena-Popa-Buluc\" src=\"http:\/\/www.marianagurza.ro\/blog\/wp-content\/uploads\/2014\/04\/Despre-Parintele-Justin-Marturisitorul-de-Cristina-Nichitus-Roncea-in-Cotidianul-de-Magdalena-Popa-Buluc-300x298.jpg\" alt=\"\" width=\"300\" height=\"298\" srcset=\"https:\/\/www.marianagurza.ro\/blog\/wp-content\/uploads\/2014\/04\/Despre-Parintele-Justin-Marturisitorul-de-Cristina-Nichitus-Roncea-in-Cotidianul-de-Magdalena-Popa-Buluc-300x298.jpg 300w, https:\/\/www.marianagurza.ro\/blog\/wp-content\/uploads\/2014\/04\/Despre-Parintele-Justin-Marturisitorul-de-Cristina-Nichitus-Roncea-in-Cotidianul-de-Magdalena-Popa-Buluc-150x150.jpg 150w, https:\/\/www.marianagurza.ro\/blog\/wp-content\/uploads\/2014\/04\/Despre-Parintele-Justin-Marturisitorul-de-Cristina-Nichitus-Roncea-in-Cotidianul-de-Magdalena-Popa-Buluc.jpg 556w\" sizes=\"auto, (max-width: 300px) 100vw, 300px\" \/><\/a><\/p>\n<p style=\"text-align: justify;\"><em>C\u0103lug\u0103rul \u00ee\u015fi are exemplul \u00een lumina \u00eengerului, iar cre\u015ftinul o are \u00een lumina monahului<\/em><\/p>\n<p style=\"text-align: justify;\">P\u0103rintele Justin a fost un adev\u0103rat osta\u015f al lui Iisus Hristos care a luptat cu spada iubirii \u00een m\u00e2n\u0103 s\u0103 aduc\u0103 biruin\u0163a binelui asupra asupra r\u0103ului absolut.<\/p>\n<p style=\"text-align: justify;\">\u201cTradi\u0163iile noastre populare vestesc Na\u015fterea lui Hristos\u2026 Na\u015fterea Domnului este un dar, o bucurie, dar totodat\u0103 \u015fi o cruce, pentru c\u0103 Hristos se na\u015fte \u00een pe\u015ftera din Betleem spre a se r\u0103stigni pe Golgota ca s\u0103 ia asupra sa p\u0103catele \u00eentregii omeniri. Nu se poate vorbi de R\u0103stignire, de \u00cenviere, dac\u0103 nu plec\u0103m de la Na\u015ftere. Apoi putem admira frumuse\u0163ea unei familii sfinte, a lui Iosif \u015fi a Mariei, ca un model de vie\u0163uire cre\u015ftin\u0103\u201d.<\/p>\n<p style=\"text-align: justify;\">\u201c\u00cen 1954, noi am s\u0103rb\u0103torit \u00cenvierea lui Hristos la 800 de metri sub p\u0103m\u00e2nt, \u00eentr-o min\u0103 de sare. Cum puteam s\u0103 s\u0103rb\u0103torim Pa\u015ftele? Am luat toate buc\u0103\u0163ile metalice, de la frezele pentru roc\u0103, \u015fi le-am pus pe o sfoar\u0103. F\u0103ceau un zgomot minunat. Le-am b\u0103tut pe toate cu o tij\u0103 metalic\u0103 de la un cap\u0103t la cel\u0103lalt al sforii. Timpul de adunare a fost 2.30. Acesta a fost momentul c\u00e2nd am intrat \u00een ascensor \u015fi c\u00e2nd cu to\u0163ii am \u00eenceput s\u0103 facem zgomot. A fost momentul vie\u0163ii noastre c\u00e2nd am sim\u0163it o ad\u00e2nc\u0103, duhovniceasc\u0103 t\u0103iere a respira\u0163iei. Noi, preo\u0163ii, am c\u00e2ntat tot ce \u015ftiam tare, profund, cu tot riscul. Eram cumva \u00een afara noastr\u0103. Nimeni nu se temea de pericol. Era atunci sau niciodat\u0103. C\u00e2nd am intrat \u00een ascensor am intrat c\u00e2nt\u00e2nd Hristos a \u00eenviat! Apoi, am auzit pe cei care coborau de la suprafa\u0163\u0103 \u00een min\u0103, \u00een locul nostru. Am putut auzi c\u00e2ntecul lor \u00een ad\u00e2ncime, \u00een min\u0103. C\u00e2ntecul a \u00eenceput jos sub p\u0103m\u00e2nt, a continuat \u00een ascensor \u015fi la suprafa\u0163\u0103\u201d.<\/p>\n<p style=\"text-align: center;\"><a href=\"http:\/\/www.marianagurza.ro\/blog\/wp-content\/uploads\/2014\/04\/inarmati-va_cu_rugaciuni.jpg\"><img loading=\"lazy\" decoding=\"async\" class=\"size-medium wp-image-18181\" title=\"Parintele Justin Marturisitorul - Album foto de Cristina Nichitu\" src=\"http:\/\/www.marianagurza.ro\/blog\/wp-content\/uploads\/2014\/04\/inarmati-va_cu_rugaciuni-300x200.jpg\" alt=\"\" width=\"300\" height=\"200\" srcset=\"https:\/\/www.marianagurza.ro\/blog\/wp-content\/uploads\/2014\/04\/inarmati-va_cu_rugaciuni-300x200.jpg 300w, https:\/\/www.marianagurza.ro\/blog\/wp-content\/uploads\/2014\/04\/inarmati-va_cu_rugaciuni.jpg 702w\" sizes=\"auto, (max-width: 300px) 100vw, 300px\" \/><\/a><\/p>\n<p><em>\u00cenarma\u0163i-v\u0103 cu rug\u0103ciuni<\/em><\/p>\n<p style=\"text-align: justify;\">\u201cTocmai atunci c\u00e2nd e vorba s\u0103 nu se vorbeasc\u0103, s\u0103 nu se \u015ftie, s\u0103 nu se spun\u0103, monahul trebuie s\u0103 strige mai mult. El e \u00eempotriva firii mereu. Asta-i via\u0163a monahal\u0103. Monahul st\u0103 de veghe acolo la miezul nop\u0163ii. Se aude un clopot, bate o toac\u0103, se c\u00e2nt\u0103 Sf\u00e2nta Liturghie \u015fi e tot timpul treaz ca un ap\u0103r\u0103tor al vie\u0163ii noastre cre\u015ftin ortodoxe\u201d.<\/p>\n<p style=\"text-align: justify;\">Albumul Cristinei Nichitu\u015f Roncea, \u201cP\u0103rintele Justin M\u0103rturisitorul\u201d, ap\u0103rut \u00een condi\u0163ii grafice excep\u0163ionale, la Editura \u201c<a href=\"http:\/\/micavalahie.ro\/\">Mica Valahie<\/a>\u201d, prilejuie\u015fte o c\u0103l\u0103torie prin lumea ortodox\u0103 rom\u00e2neasc\u0103, dar \u015fi un elogiu adus P\u0103rintelui Justin, un elogiu adus frumuse\u0163ii divine.<\/p>\n<p style=\"text-align: justify;\">\u201cM\u00e2n\u0103stirile sunt locuri care pentru mul\u0163i par rupte de realitate. Dar nu este deloc a\u015fa. \u00cen m\u00e2n\u0103stiri sunt oameni bine ancora\u0163i \u00een prezent \u015fi determina\u0163i pentru viitor mai ales pentru c\u0103 \u00ee\u015fi cunosc trecutul. Am v\u0103zut \u015fi am tr\u0103it minuni. Sunt c\u0103lug\u0103ri \u2013 st\u00e2nci de credin\u0163\u0103, sunt m\u0103icu\u0163e \u2013 ml\u0103di\u0163e ale adev\u0103rului, sunt oameni care par a fi sfin\u0163i cobor\u00e2\u0163i pe p\u0103m\u00e2nt. Privi\u0163i la chipurile lor: c\u00e2t\u0103 bl\u00e2nde\u0163e, c\u00e2t\u0103 c\u0103ldur\u0103!\u201d<\/p>\n<p style=\"text-align: center;\"><a href=\"http:\/\/www.marianagurza.ro\/blog\/wp-content\/uploads\/2014\/04\/parintele_justin_marturisitorul.jpg\"><img loading=\"lazy\" decoding=\"async\" class=\"size-medium wp-image-18182\" title=\"parintele_justin_marturisitorul\" src=\"http:\/\/www.marianagurza.ro\/blog\/wp-content\/uploads\/2014\/04\/parintele_justin_marturisitorul-300x274.jpg\" alt=\"\" width=\"300\" height=\"274\" srcset=\"https:\/\/www.marianagurza.ro\/blog\/wp-content\/uploads\/2014\/04\/parintele_justin_marturisitorul-300x274.jpg 300w, https:\/\/www.marianagurza.ro\/blog\/wp-content\/uploads\/2014\/04\/parintele_justin_marturisitorul.jpg 702w\" sizes=\"auto, (max-width: 300px) 100vw, 300px\" \/><\/a><\/p>\n<p><em>P\u0103rintele Justin M\u0103rturisitorul<\/em><\/p>\n<p style=\"text-align: justify;\">Cristina Nichitu\u015f Roncea \u015fi-a dorit ca fotografiile sale s\u0103 fie privite cu sufletul. Fotografiile ei sunt o invita\u0163ie a\u015fadar de a p\u0103\u015fi pe calea iubirii \u015fi a adev\u0103rului.<\/p>\n<p style=\"text-align: justify;\">Dup\u0103 expozi\u0163ia \u201cPrecum \u00een cer\u201d, deschis\u0103 la Palatul \u015eu\u0163u, \u00een care autoarea ne-a propus s\u0103 tr\u0103im \u00eentr-o expozi\u0163ie de fotografii ce te \u00eenal\u0163\u0103 \u015fi care te duc spre o lume \u00een care cuvintele sunt de prisos, ea m\u0103rturisea: \u201cPentru mine, vizita la m\u00e2n\u0103stirea Petru Vod\u0103 a fost o experien\u0163\u0103 \u00een\u0103l\u0163\u0103toare, o ocazie f\u0103r\u0103 precedent de a \u00eenv\u0103\u0163a c\u0103 po\u0163i s\u0103 fii mai fericit prin simplitate, str\u0103duindu-te s\u0103 \u00eendep\u0103rtezi influen\u0163ele nefaste, s\u0103 te bucuri de frumuse\u0163ea din jur, pe care o g\u0103se\u015fti \u00een natur\u0103, dar \u015fi \u00een oameni. Credin\u0163a te \u00eenva\u0163\u0103 s\u0103 fii bun \u015fi astfel ajungi s\u0103 fii fericit prin tine \u00eensu\u0163i, f\u0103r\u0103 s\u0103 a\u015ftep\u0163i neap\u0103rat ceva de la cei din jur. Dincolo de situa\u0163ia politic\u0103, de agita\u0163ia din ora\u015f sau de problemele personale, oamenii pot afla c\u0103 monahii din m\u00e2n\u0103stirile Rom\u00e2niei se roag\u0103 pentru fiecare suflet de rom\u00e2n, c\u0103 exist\u0103 oaze \u015fi fort\u0103re\u0163e ale credin\u0163ei \u015fi c\u0103 Dumnezeu nu ne las\u0103. Avem tendin\u0163a s\u0103 uit\u0103m asta din cauza greut\u0103\u0163ilor care ne apas\u0103, \u00eens\u0103 credin\u0163a chiar ne ajut\u0103 s\u0103 dep\u0103\u015fim situa\u0163iile dificile \u015fi mai ales ne \u00eenva\u0163\u0103 s\u0103-i ajut\u0103m \u015fi pe cei din jur, atunci c\u00e2nd putem. A fost o minune, \u00een primul r\u00e2nd. \u00cen sensul c\u0103 aceast\u0103 poart\u0103 mi-a fost deschis\u0103 de P\u0103rintele Justin, \u00eentr-o sear\u0103 de Cr\u0103ciun, c\u00e2nd eram la u\u015fa chiliei sfin\u0163iei sale al\u0103turi de pelerini, maici \u015fi c\u0103lug\u0103ri, c\u00e2nt\u00e2ndu-i colinde. Este \u015fi prima fotografie f\u0103cut\u0103 cu P\u0103rintele, cu care de altfel am deschis expozi\u0163ia.<\/p>\n<p style=\"text-align: center;\"><a href=\"http:\/\/www.marianagurza.ro\/blog\/wp-content\/uploads\/2014\/04\/parintele_justin_a_mers_cu_evanghelia_in_fata_ramanand_ochiul_de_veghe_al_crestinatatii.jpg\"><img loading=\"lazy\" decoding=\"async\" class=\"size-medium wp-image-18183\" title=\"parintele_justin_a_mers_cu_evanghelia_in_fata,_ramanand_ochiul_de_veghe_al_crestinatatii\" src=\"http:\/\/www.marianagurza.ro\/blog\/wp-content\/uploads\/2014\/04\/parintele_justin_a_mers_cu_evanghelia_in_fata_ramanand_ochiul_de_veghe_al_crestinatatii-300x199.jpg\" alt=\"\" width=\"300\" height=\"199\" srcset=\"https:\/\/www.marianagurza.ro\/blog\/wp-content\/uploads\/2014\/04\/parintele_justin_a_mers_cu_evanghelia_in_fata_ramanand_ochiul_de_veghe_al_crestinatatii-300x199.jpg 300w, https:\/\/www.marianagurza.ro\/blog\/wp-content\/uploads\/2014\/04\/parintele_justin_a_mers_cu_evanghelia_in_fata_ramanand_ochiul_de_veghe_al_crestinatatii.jpg 708w\" sizes=\"auto, (max-width: 300px) 100vw, 300px\" \/><\/a><\/p>\n<p><em>P\u0103rintele Justin a mers cu Evanghelia \u00een fa\u0163\u0103, r\u0103m\u00e2n\u00e2nd ochiul de veghe al cre\u015ftin\u0103t\u0103\u0163ii<\/em><\/p>\n<p style=\"text-align: justify;\">M-am str\u0103duit s\u0103 percep cu sufletul ceea ce vedeam \u00een jurul meu. M\u0103 bucur c\u0103 obiectivul aparatului de fotografiat a reu\u015fit s\u0103 surprind\u0103 ceea ce eu vedeam cu ochii min\u0163ii, ceea ce atingeam cu sufletul, ceea ce sim\u0163eam cu inima \u00een acele momente\u201d.<\/p>\n<p style=\"text-align: justify;\">\u00cen acest splendid \u015fi impresionant album cu fotografii radiind frumuse\u0163e \u015fi emo\u0163ie \u015fi cu texte pline de \u00een\u0163elepciune \u00eel descoperim pe P\u0103rintele Justin \u2013 M\u0103rturisitorul, ultimul arhanghel al rom\u00e2nismului, care \u00eentr-o diminea\u0163\u0103 \u00een zori \u015fi-a ridicat u\u015for capul \u015fi bunecuv\u00e2nt\u00e2nd \u00een v\u0103zduh a rostit cu putere \u015fi har: \u201cDoamne, binecuv\u00e2nteaz\u0103 pe to\u0163i rom\u00e2nii din aceast\u0103 \u0163ar\u0103, apoi a rostit a doua oar\u0103: Doamne, binecuv\u00e2nteaz\u0103 pe to\u0163i rom\u00e2nii de pretutindeni, apoi a rostit a treia oar\u0103: Doamne, bunecuv\u00e2nteaz\u0103 aceast\u0103 \u0163ar\u0103, Rom\u00e2nia!\u201d.<\/p>\n<p style=\"text-align: justify;\">Cristina Nichitu\u015f ne descrie biografia unei biruin\u0163e. P\u0103rintele Justin P\u00e2rvu s-a n\u0103scut \u00een 1919 \u00een satul Petru Vod\u0103, la 10 februarie, \u00eentr-o familie de rom\u00e2ni orotdoc\u015fi foarte evlavio\u015fi. A iubit de mic frumuse\u0163ea credin\u0163ei cre\u015ftine, s-a \u00eenchinoviat \u00een 1936 \u00een M\u00e2n\u0103stirea Dur\u0103u \u015fi a fost c\u0103lug\u0103rit \u00een 1939, dup\u0103 care \u00eencepe studiile la Seminarul Cernica, unde deprinde dogmele t\u00e2lcuite patristic \u00een formele r\u00e2nduite pentru liturgic\u0103, tipic, psaltic\u0103, iconografie, apologetic\u0103, \u00eentotdeauna \u00eentr-o des\u0103v\u00e2r\u015fit\u0103 \u00eempreun\u0103-gl\u0103suire cu Biserica. Niciodat\u0103 nu s-a oprit din s\u00e2rguin\u0163a de a \u00eenv\u0103\u0163a, astfel c\u0103 la 94 de ani citea nu doar toate c\u0103r\u0163ile patristice care ap\u0103reau, dar \u015fi pe cele de cultur\u0103, istorie, filosofie \u015fi politic\u0103, p\u0103trunz\u00e2nd idei complexe pe care, cu memoria sa extraordinar\u0103, le sintetiza uluitor de repede \u015fi deplin, de o senin\u0103tate milos\u00e2rdnic\u0103 ce se pot numi cu adev\u0103rat drept apoftegmele cele mai reprezentative ale spiritului cre\u015ftin al acestui popor.<\/p>\n<p style=\"text-align: center;\"><a href=\"http:\/\/www.marianagurza.ro\/blog\/wp-content\/uploads\/2014\/04\/iubea_animalele.jpg\"><img loading=\"lazy\" decoding=\"async\" class=\"size-medium wp-image-18184\" title=\"Parintele Justin Marturisitorul - Album foto de Cristina Nichitu\" src=\"http:\/\/www.marianagurza.ro\/blog\/wp-content\/uploads\/2014\/04\/iubea_animalele-200x300.jpg\" alt=\"\" width=\"200\" height=\"300\" srcset=\"https:\/\/www.marianagurza.ro\/blog\/wp-content\/uploads\/2014\/04\/iubea_animalele-200x300.jpg 200w, https:\/\/www.marianagurza.ro\/blog\/wp-content\/uploads\/2014\/04\/iubea_animalele.jpg 469w\" sizes=\"auto, (max-width: 200px) 100vw, 200px\" \/><\/a><\/p>\n<p><em>Iubea animalele<\/em><\/p>\n<p style=\"text-align: justify;\">\u201c\u015ei-a f\u0103cut un ideal de a \u00eemplini toate poruncile Noului Testament, \u00eentre care dragostea este cea mai mare, \u015fi Dumnezeu i-a ajutat s\u0103-\u015fi \u00eemplineasc\u0103 acest dor, astfel c\u0103 dragostea de Dumnezeu \u015fi de oameni a devenit tr\u0103s\u0103tura sa fundamental\u0103. A priceput Botezul ca pe o chemare de a \u00eemplini Evanghelia prin slujirea tuturor nevoilor de m\u00e2ntuire, fie a Cet\u0103\u0163ii, fie a m\u00e2n\u0103stirii, ca pe o armonie unitar\u0103 \u00eentre toate m\u0103dularele trupului lui Hristos, Biserica\u201d.<\/p>\n<p style=\"text-align: justify;\">A avut colegi pe mul\u0163i dintre marii p\u0103rin\u0163i \u015fi arhierei, precum Patriarhul Teoctist, Mitropolitul Bartolomeu Anania, Arhimandri\u0163ii Sofian Boghiu, Grigore B\u0103bu\u015f, Gherasim Iscu. Dup\u0103 desfiin\u0163area Seminarului Cernica de c\u0103tre mare\u015falul Antonescu, P\u0103rintele continu\u0103 studiile la Seminarul de la R\u00e2mnicu V\u00e2lcea, iar din 1941, la Ia\u015fi. Este hirotonit preot de Arhiereul Valerie Moglan, Vicar al Mitropoliei Ia\u015filor. \u00cen 1942 se \u00eenroleaz\u0103 ca preot misionar pe frontul de R\u0103s\u0103rit, de unde se \u00eentoarce cu Armata Rom\u00e2n\u0103 \u00een care sluje\u015fte Sf\u00e2nta Liturghie. \u00cencep\u00e2nd cu 1946 \u00ee\u015fi continu\u0103 studiile la Seminarul din Roman. Faptul c\u0103 nu a subscris niciuneia dintre ini\u0163iativele bol\u015fevice cerute de ocupan\u0163i, ci a f\u0103cut lec\u0163ii de educa\u0163ie cre\u015ftin\u0103 \u015fi na\u0163ional\u0103, a dus la arestarea sa \u00een 1948 \u015fi la condamnarea la 12 ani de \u00eenchisoare. Despre aceasta a scris \u00een 2008: \u201cLegionarismul nu a fost o sect\u0103. El s-a supus \u00eentru totul Bisericii Apostolice\u2026\u201d.<\/p>\n<p style=\"text-align: center;\"><a href=\"http:\/\/www.marianagurza.ro\/blog\/wp-content\/uploads\/2014\/04\/parintele_justin.jpg\"><img loading=\"lazy\" decoding=\"async\" class=\"size-medium wp-image-18185\" title=\"parintele_justin\" src=\"http:\/\/www.marianagurza.ro\/blog\/wp-content\/uploads\/2014\/04\/parintele_justin-181x300.jpg\" alt=\"\" width=\"181\" height=\"300\" srcset=\"https:\/\/www.marianagurza.ro\/blog\/wp-content\/uploads\/2014\/04\/parintele_justin-181x300.jpg 181w, https:\/\/www.marianagurza.ro\/blog\/wp-content\/uploads\/2014\/04\/parintele_justin-620x1024.jpg 620w, https:\/\/www.marianagurza.ro\/blog\/wp-content\/uploads\/2014\/04\/parintele_justin.jpg 700w\" sizes=\"auto, (max-width: 181px) 100vw, 181px\" \/><\/a><\/p>\n<p><em>P\u0103rintele Justin<\/em><\/p>\n<p style=\"text-align: justify;\">Anii de deten\u0163ie au fost ani de permanent\u0103 mucenicie pentru Hristos, cu toate mijloacele folosite de regim: foame, frig, tortur\u0103, b\u0103t\u0103i, umilin\u0163e, privare de somn, de lumin\u0103, de aer, de comunicare. \u201cT\u0103c\u00e2nd \u015fi ascult\u00e2ndu-i pe fiecare, P\u0103rintele a \u00eenv\u0103\u0163at mai ales s\u0103 pl\u00e2ng\u0103 \u00een taina inimii sale \u015fi s-a pogor\u00e2t \u00eentr-un ad\u00e2nc de smerenie despre care graiul nostru nu \u015ftie m\u0103rturisi\u201d. Periplul s\u0103u prin temni\u0163ele anticre\u015ftine a fost uimitor. A fost torturat \u015fi anchetat p\u00e2n\u0103 \u00een august \u201949 la \u00eenchisoarea din Suceava, de unde a fost transferat la Aiud, \u00eenchisoare comunist\u0103 pentru intelectuali. A r\u0103mas acolo p\u00e2n\u0103 \u00een 1951, c\u00e2nd a fost trimis \u00een lag\u0103rul de munc\u0103 silnic\u0103 de la Baia Sprie, apoi la Gherla \u015fi \u00een alte \u00eenchisori. \u201cNu mai eram o persoan\u0103, eram un num\u0103r: 267. Nici nu ne d\u0103deau voie s\u0103 ne strig\u0103m pe nume; to\u0163i purtam numere. Pute\u0163i s\u0103 v\u0103 imagina\u0163i aceasta?\u201d<\/p>\n<p style=\"text-align: justify;\">\u00cen 1960, la expirarea pedepsei pentru a fi crezut \u00een Hristos, a fost \u00eentrebat ce va face \u015fi a r\u0103spuns: \u201cO iau de unde am l\u0103sat-o cu slujirea Bisericii\u201d.<\/p>\n<p style=\"text-align: justify;\">M\u00e2n\u0103stirea Petru Vod\u0103 a devenit \u00een 1992 o adev\u0103rat\u0103 vatr\u0103 de \u00eenalt\u0103 tr\u0103ire \u015fi cugetare ce a primenit \u015fi a \u00eensufle\u0163it \u00eentreaga via\u0163\u0103 rom\u00e2neasc\u0103.<\/p>\n<p style=\"text-align: justify;\">Minunile dumnezeie\u015fti ar\u0103tate prin P\u0103rintele Justin sunt nenum\u0103rate, de la frecventele cazuri de cancer vindecate la dezlegarea na\u015fterii de prunci, la exorcizarea cazurilor celor mai grave, la izb\u0103virea de patimi \u00eendelungate \u015fi grele, la schimbarea total\u0103 a celor mai nefericite caractere, la obi\u015fnuitele dovezi de str\u0103vedere.<\/p>\n<p style=\"text-align: center;\"><a href=\"http:\/\/www.marianagurza.ro\/blog\/wp-content\/uploads\/2014\/04\/Parintele-Justin-Marturisitorul-Album-foto-de-Cristina-Nichitus-Roncea-131.jpg\"><img loading=\"lazy\" decoding=\"async\" class=\"size-medium wp-image-18186\" title=\"Parintele Justin Marturisitorul - Album foto de Cristina Nichitu\" src=\"http:\/\/www.marianagurza.ro\/blog\/wp-content\/uploads\/2014\/04\/Parintele-Justin-Marturisitorul-Album-foto-de-Cristina-Nichitus-Roncea-131-300x200.jpg\" alt=\"\" width=\"300\" height=\"200\" srcset=\"https:\/\/www.marianagurza.ro\/blog\/wp-content\/uploads\/2014\/04\/Parintele-Justin-Marturisitorul-Album-foto-de-Cristina-Nichitus-Roncea-131-300x200.jpg 300w, https:\/\/www.marianagurza.ro\/blog\/wp-content\/uploads\/2014\/04\/Parintele-Justin-Marturisitorul-Album-foto-de-Cristina-Nichitus-Roncea-131.jpg 702w\" sizes=\"auto, (max-width: 300px) 100vw, 300px\" \/><\/a><\/p>\n<p><em>Fiecare are datoria s\u0103 m\u0103rturiseasc\u0103 dup\u0103 puterea lui<\/em><\/p>\n<p style=\"text-align: justify;\">Adeseori, P\u0103rintele Justin m\u0103rturisea: \u201cCre\u015ftinul n-are de ce s\u0103 se team\u0103 dac\u0103 are pe M\u00e2ntuitorul Hristos l\u00e2ng\u0103 el, St\u0103p\u00e2n \u015fi \u00cemp\u0103rat. Merge\u0163i cu El \u00eenainte \u015fi nu v\u0103 teme\u0163i de ce v\u0103 vor spune vou\u0103, nu v\u0103 teme\u0163i deloc. Vor veni vremuri grele asupra ortodoc\u015filor, dar s\u0103 nu ne \u00eensp\u0103im\u00e2nt\u0103m, s\u0103 nu ne uit\u0103m la str\u00e2mtorile ce le vom suferi vremelnic, ci s\u0103 privim cu n\u0103dejde la darurile cele ve\u015fnice, la dragostea M\u00e2ntuitorului care ne a\u015fteapt\u0103 s\u0103 fim al\u0103turi de El \u00een ceruri, al\u0103turi de to\u0163i sfin\u0163ii m\u0103rturisitori ai adev\u0103rului Lui. \u0162ara Rom\u00e2neasc\u0103 este o \u0163ar\u0103 sf\u00e2nt\u0103, cu un popor sf\u00e2nt. Noi nu suntem consecin\u0163a nim\u0103nui politic sau a altor st\u0103ri de lucruri, dar noi suntem \u0163inta multor r\u0103zbun\u0103ri vr\u0103jma\u015fe, de 2000 de ani; a\u015fa cum M\u00e2ntuitorul a fost v\u00e2ndut de la un neam la altul, a\u015fa \u015fi poporul rom\u00e2n de la un st\u0103p\u00e2n la altul. Posturile, rug\u0103ciunile, nevoin\u0163ele noastre sunt mijloace ca s\u0103 ajungem la biruin\u0163a \u00cenvierii M\u00e2ntuitorului Iisus Hristos\u201d.<\/p>\n<p style=\"text-align: justify;\">\u00cen perioada plin\u0103 de lumin\u0103 dintre s\u0103rb\u0103toarea \u00cen\u0103l\u0163\u0103rii Domnului la Cer \u015fi s\u0103rb\u0103toarea Pogor\u00e2rii Sf\u00e2ntului Duh a anului 2013 a trecut la cele ve\u015fnice P\u0103rintele Arhimandrit Justin P\u00e2rvu, duhovnic apreciat de numero\u015fii s\u0103i fii duhovnice\u015fti. P\u0103rintele Justin a fost un Luceaf\u0103r \u00eentre P\u0103rin\u0163i. A str\u0103lucit cu sufletul, cu inima, cu dragostea, cu \u00een\u0163elepciunea, cu cuv\u00e2ntul at\u00e2t de m\u00e2ng\u00e2ietor \u015fi plin de putere al lui Dumnezeu.<\/p>\n<p><a href=\"http:\/\/www.cotidianul.ro\/spiritualitate-si-istorie-236139\/\">Magdalena Popa Buluc \/ Cotidianul<\/a><\/p>\n<p>Sursa: <a href=\"http:\/\/www.parintelejustinparvu.ro\/2014\/04\/22\/magdalena-popa-buluc-despre-parintele-justin-marturisitorul-fotografiile-cristinei-nichitus-roncea-sunt-o-invitatie-de-a-pasi-pe-calea-iubirii-si-a-adevarului\/\">ParinteleJustinParvu.Ro<\/a><\/p>\n<p>&nbsp;<\/p>\n<p>via <a href=\"http:\/\/roncea.ro\/\" target=\"_blank\">Victor Roncea<\/a><\/p>\n","protected":false},"excerpt":{"rendered":"<p>C\u0103lug\u0103rul \u00ee\u015fi are exemplul \u00een lumina \u00eengerului, iar cre\u015ftinul o are \u00een lumina monahului P\u0103rintele Justin a fost un adev\u0103rat [&#038;hellip<\/p>\n","protected":false},"author":1,"featured_media":0,"comment_status":"closed","ping_status":"closed","sticky":false,"template":"","format":"standard","meta":{"footnotes":""},"categories":[3,6],"tags":[],"class_list":["post-18179","post","type-post","status-publish","format-standard","hentry","category-articole","category-linkuri-externe"],"_links":{"self":[{"href":"https:\/\/www.marianagurza.ro\/blog\/wp-json\/wp\/v2\/posts\/18179","targetHints":{"allow":["GET"]}}],"collection":[{"href":"https:\/\/www.marianagurza.ro\/blog\/wp-json\/wp\/v2\/posts"}],"about":[{"href":"https:\/\/www.marianagurza.ro\/blog\/wp-json\/wp\/v2\/types\/post"}],"author":[{"embeddable":true,"href":"https:\/\/www.marianagurza.ro\/blog\/wp-json\/wp\/v2\/users\/1"}],"replies":[{"embeddable":true,"href":"https:\/\/www.marianagurza.ro\/blog\/wp-json\/wp\/v2\/comments?post=18179"}],"version-history":[{"count":3,"href":"https:\/\/www.marianagurza.ro\/blog\/wp-json\/wp\/v2\/posts\/18179\/revisions"}],"predecessor-version":[{"id":18188,"href":"https:\/\/www.marianagurza.ro\/blog\/wp-json\/wp\/v2\/posts\/18179\/revisions\/18188"}],"wp:attachment":[{"href":"https:\/\/www.marianagurza.ro\/blog\/wp-json\/wp\/v2\/media?parent=18179"}],"wp:term":[{"taxonomy":"category","embeddable":true,"href":"https:\/\/www.marianagurza.ro\/blog\/wp-json\/wp\/v2\/categories?post=18179"},{"taxonomy":"post_tag","embeddable":true,"href":"https:\/\/www.marianagurza.ro\/blog\/wp-json\/wp\/v2\/tags?post=18179"}],"curies":[{"name":"wp","href":"https:\/\/api.w.org\/{rel}","templated":true}]}}