{"id":18207,"date":"2014-04-25T12:05:33","date_gmt":"2014-04-25T12:05:33","guid":{"rendered":"http:\/\/www.marianagurza.ro\/blog\/?p=18207"},"modified":"2014-04-25T13:02:52","modified_gmt":"2014-04-25T13:02:52","slug":"dan-boanta-interviu-cu-doamna-ecaterina-cimpean-%e2%80%93-director-general-al-postului-de-radio-%e2%80%9eprodiaspora%e2%80%9d","status":"publish","type":"post","link":"https:\/\/www.marianagurza.ro\/blog\/2014\/04\/25\/dan-boanta-interviu-cu-doamna-ecaterina-cimpean-%e2%80%93-director-general-al-postului-de-radio-%e2%80%9eprodiaspora%e2%80%9d\/","title":{"rendered":"Dan BOAN\u0162\u0102: Interviu cu doamna Ecaterina C\u00eempean, director general al postului Radio ,,ProDiaspora\u201d"},"content":{"rendered":"<p style=\"text-align: center;\"><strong><a href=\"http:\/\/www.marianagurza.ro\/blog\/wp-content\/uploads\/2014\/04\/poza-cathy.png\"><img loading=\"lazy\" decoding=\"async\" title=\"poza-cathy\" src=\"http:\/\/www.marianagurza.ro\/blog\/wp-content\/uploads\/2014\/04\/poza-cathy-243x300.png\" alt=\"\" width=\"243\" height=\"300\" \/><\/a><\/strong><\/p>\n<p style=\"text-align: justify;\">\u00cen urm\u0103 cu cinci ani s-a n\u0103scut un proiect la care doi oameni au rezonat din plin. \u015ei vorba poetului, \u201eacesta trebuia s\u0103 poarte un nume\u201d, a\u015fa c\u0103 i s-a spus \u201eRadio ProDiaspora\u201d. Jurnalistul <strong>Dan Boan\u0163\u0103<\/strong> a stat de vorba cu <strong>Ecaterina C\u00eempean<\/strong>, directorul general al postului <strong>Radio ProDiaspora<\/strong> si ne ofera amanunte despre acest proiect indrazne\u0163.<\/p>\n<p style=\"text-align: justify;\"><strong>Dan BOAN\u0162\u0102<\/strong>: <em>\u00cen urm\u0103 cu cinci ani s-a n\u0103scut un proiect la care doi oameni au rezonat din plin. \u015ei vorba poetului, \u201eacesta trebuia s\u0103 poarte un nume\u201d, a\u015fa c\u0103 i s-a spus \u201eRadio ProDiaspora\u201d.<\/em><\/p>\n<p style=\"text-align: justify;\"><em>De ce \u201eRadio ProDiaspora\u201d?<\/em><\/p>\n<p style=\"text-align: justify;\"><strong>Ecaterina C\u00ceMPEAN<\/strong>: Da! Trebuia s\u0103 poarte un nume&#8230; vorba poetului Marin Sorescu! Acest post de radio, numit \u201eProDiaspora\u201d, dup\u0103 cum \u00eei spune \u015fi numele, s-a n\u0103scut din dorin\u0163a de a aduce clipe de bucurie \u00een sufletul rom\u00e2nilor de peste hotare, a rom\u00e2nilor oriunde s-ar afla ei, dar \u015fi celor de acas\u0103. Radio ProDiaspora \u015fi-a propus sa-i apropie pe rom\u00e2nii r\u0103sp\u00e2ndi\u0163i prin toate col\u0163urile lumii c\u0103l\u0103uzi\u0163i de dragostea fa\u0163\u0103 de aproapele s\u0103u \u015fi cu \u00eencredere \u00een propriile for\u0163e \u015fi, de ce nu, cu ajutorul celor care \u00eendr\u0103gesc \u015fi apreciaz\u0103 proiectul nostru, sper\u0103m s\u0103 reu\u015fim.<\/p>\n<p style=\"text-align: justify;\"><strong>Dan BOAN\u0162\u0102<\/strong>: <em>Cum s-a n\u0103scut acest proiect? De unde ideea de a creea un post pentru rom\u00e2nii din diaspora?<\/em><\/p>\n<p style=\"text-align: justify;\"><strong>Ecaterina C\u00ceMPEAN<\/strong>: \u00cempreun\u0103 cu domnul Robert Landmann din Germania, \u00een anul 2009, am dorit crearea unui spa\u0163iu informa\u0163ional \u015fi cultural unic \u00een care valorile s\u0103 circule nestingherit, av\u00e2nd obliga\u0163ia s\u0103 p\u0103str\u0103m tradi\u0163iile \u015fi obiceiurile care sunt tezaurul sufletului rom\u00e2nesc, s\u0103 le p\u0103str\u0103m \u015fi s\u0103 le ducem mai departe fiindc\u0103 doar a\u015fa vom fi demni s\u0103 vie\u0163uim pe plaiurile unde s-a z\u0103mislit neasemuita alc\u0103tuire de cuvinte romane\u015fti. Planurile noastre erau \u00een 2009, de a cuceri Mapamondul&#8230; \u015fi col\u0163urile cele mai \u00eendep\u0103rtate ale acestuia unde locuiesc cona\u0163ionali rom\u00e2ni! Este o glum\u0103, dar dac\u0103 stau bine s\u0103 m\u0103 g\u00e2ndesc ar putea fi \u015fi un lucru serios. Ceea ce ne dorim noi, ca post de radio, este doar s\u0103 intr\u0103m \u00een casele oamenilor, \u00een sufletul rom\u00e2nilor afla\u0163i \u00een diaspora s\u0103-i facem s\u0103 se bucure, s\u0103 ne plac\u0103, s\u0103 rezoneze al\u0103turi noi, s\u0103 ne caute, s\u0103 fie al\u0103turi de emisiunile noastre, s\u0103-i facem mai buni, mai iubitori&#8230;<\/p>\n<p style=\"text-align: justify;\"><strong>Dan BOAN\u0162\u0102<\/strong>: <em>Personal, pentru dumneavoastr\u0103, ce \u00eenseamn\u0103 Radio ProDiaspora?<\/em><\/p>\n<p style=\"text-align: justify;\"><strong>Ecaterina C\u00ceMPEAN<\/strong>: Grea \u00eentrebare&#8230; Oare cum a\u015f putea s\u0103 \u00ee\u0163i r\u0103spund \u00een c\u00e2teva cuvinte? Radio ProDiaspora a devenit pentru mine un mod de via\u0163\u0103. Radio reprezint\u0103 motivul pentru care realitatea mea este minunat\u0103! M\u0103 g\u00e2ndesc cum ar fi s\u0103 rup pentru o zi radio din via\u0163a mea \u015fi constat cu stupoare c\u0103 mi se arat\u0103 un vid sufletesc. E greu dup\u0103 at\u00e2ta timp \u00eenvestit, at\u00e2tea emo\u0163ii \u015fi tr\u0103iri s\u0103 mai fac diferen\u0163a \u00eentre via\u0163a mea obi\u015fnuit\u0103, \u00eenainte de 2009, \u015fi prezent. Momentan sunt prins\u0103 \u00een \u00eentregime, \u00een acest proiect, din cap p\u00e2n\u0103-n picioare, din inima p\u00e2n\u0103-n creier, din instinctele cele mai joase p\u00e2n\u0103 \u00een \u00een\u0103l\u0163imile sufletului.<\/p>\n<p style=\"text-align: justify;\"><strong>Dan BOAN\u0162\u0102<\/strong>: <em>C\u0103rui segment de public v\u0103 adresa\u0163i?<\/em><\/p>\n<p style=\"text-align: justify;\"><strong>Ecaterina C\u00ceMPEAN<\/strong>: Ne adres\u0103m tuturor vorbitorilor de limb\u0103 roman\u0103! \u015ei nu numai! C\u0103ci o muzic\u0103 bun\u0103 rom\u00e2neasc\u0103 poate s\u0103 asculte \u015fi s\u0103 \u00eel bucure \u015fi pe un pakistanez, un fijian, un aborigen australian, un venezuelean sau pe un englez de pe malul Tamisei!!! Cu mic, cu mare! T\u00e2n\u0103r sau \u00een v\u00e2rst\u0103&#8230; Acest post de radio s-a n\u0103scut din dorin\u0163a de a aduce clipe de bucurie \u00een special \u00een sufletele rom\u00e2nilor de peste hotare. Radio ProDiaspora emite, on-line, muzic\u0103, \u015ftiri, informa\u0163ii \u00een limba rom\u00e2n\u0103, pentru a suplini imposibilitatea celor pleca\u0163i din \u0163ar\u0103 de a asculta melodiile rom\u00e2ne\u015fti de acas\u0103. Acest radio este destinat cu prec\u0103dere rom\u00e2nilor din diaspora&#8230; Este n\u0103scut din dorin\u0163a de a mic\u015fora distan\u0163ele dintre rom\u00e2ni, oriunde s-ar afla ace\u015ftia. Ini\u0163iativa are ca scop promovarea imaginii Rom\u00e2niei, a rom\u00e2nilor, a tradi\u0163iilor, a culturii na\u0163ionale \u00een afara grani\u0163elor \u0163\u0103rii, \u00een cadrul comunit\u0103\u0163ilor de rom\u00e2ni din lumea \u00eentreag\u0103. \u015ei nu uita\u0163i! \u00cen timp ce se ascut\u0103 muzic\u0103, o emisiune de \u015ftiri sau o dezbatere, se poate citi on-line \u015fi o revist\u0103 de calitate numit\u0103 \u201eProLitera\u201d!<\/p>\n<p style=\"text-align: justify;\"><strong>Dan BOAN\u0162\u0102<\/strong>: <em>Cu ce emisiuni v\u0103 prezenta\u0163i publicului din diaspora?<\/em><\/p>\n<p style=\"text-align: justify;\"><strong>Ecaterina C\u00ceMPEAN<\/strong>: Oferta grilei de programe Radio Pro Diaspora este variat\u0103: emisiuni de divertisment, cultur\u0103, s\u0103n\u0103tate, muzic\u0103 de diverse genuri \u2013 \u00eencadrate \u00een c\u00e2teva tran\u015fe orare \u00een func\u0163ie de preferin\u0163ele ascult\u0103torilor \u015fi de disponibilitatea realizatorilor. \u00cen afara emisiunilor, muzica de bun\u0103 calitate (at\u00e2t din repertoriul rom\u00e2nesc c\u00e2t \u015fi din cel interna\u0163ional) ocup\u0103 un spa\u0163iu generos de emisie.<\/p>\n<p style=\"text-align: justify;\">Prin emisiunile variate ale postului ProDiaspora, ne dorim c\u0103 distan\u0163ele dintre noi s\u0103 ne uneasc\u0103 \u015fi s\u0103 ne apropie c\u00e2t mai mult unii de al\u0163ii \u015fi \u00eempreun\u0103 s\u0103 nu uit\u0103m nici m\u0103car pentru o clip\u0103, limba rom\u00e2neasc\u0103, cultura, tradi\u0163iile \u015fi obiceiurile mo\u015ftenite de la str\u0103mo\u015fii no\u015ftri. Orice VIS are un \u00eenceput&#8230; a\u015fa s-a \u00eent\u00e2mplat \u015fi pe data de 1 mai 2009 c\u00e2nd Radio ProDiaspora a \u00eenceput s\u0103 emit\u0103 online pentru ascult\u0103torii din \u00eentreaga lume. Vis, Iubire, Speran\u0163\u0103&#8230; pentru rom\u00e2nii din \u0163ar\u0103 \u015fi diaspora, care-\u015fi duc dorurile \u00een cele patru col\u0163uri de lume. Suntem \u00een totalitate apolitici. Dac\u0103 unii dintre membrii echipei au preferin\u0163e politice, le \u0163in pentru ei. Nu avem niciun fel de emisiune cu caracter politic \u015fi nici \u201c\u015ftirile de senza\u0163ie\u201d nu ne intereseaz\u0103. Sunt destule alte posturi de televiziune, radio \u015fi ziare care \u015fi-au f\u0103cut un \u201ecredo\u201d din scandaluri de tot felul. Noi dorim s\u0103 cre\u0103m o punte de leg\u0103tur\u0103 \u00eentre rom\u00e2nii care, dintr-un motiv sau altul au p\u0103r\u0103sit \u0163ara, dar se simt \u00een continuare romani. Pe noi cei de la radio ProDiaspora ne intereseaz\u0103 mai degrab\u0103 limitele bunului-sim\u0163 \u015fi a lucrului bine f\u0103cut ca prin emisiunile noastre s\u0103 aducem bucurie \u00een sufletul ascult\u0103torilor.<\/p>\n<p style=\"text-align: justify;\"><strong>Dan BOAN\u0162\u0102<\/strong>: <em>A\u015f vrea s\u0103-mi vorbi\u0163i despre echipa din jurul dumneavoastr\u0103. Cine sunt ace\u015fti oameni \u015fi cum a\u0163i reu\u015fit s\u0103-i aduna\u0163i \u00eentr-un proiect de voluntariat?<\/em><\/p>\n<p style=\"text-align: justify;\"><strong>Ecaterina C\u00ceMPEAN<\/strong>: Momentan, staff-ul Radio ProDiaspora este format din 37 de redactori \u015fi 7 colaboratori. Echipa Radio Pro Diaspora este alc\u0103tuit\u0103 din rom\u00e2ni pasiona\u0163i de ideea de a face ceva pentru diaspora, unii dintre ei cu experien\u0163\u0103 \u00een jurnalism, dar cei mai mul\u0163i f\u0103r\u0103. Efortul lor este unul voluntar, activitatea lor nu este remunerat\u0103. Printre realizatori se num\u0103r\u0103 absolven\u0163i de Conservator, interpre\u0163i de muzic\u0103 folk, popular\u0103, country modern, precum \u015fi ziari\u015fti, scriitori, profesori, dar \u015fi oameni cu meserii obi\u015fnuite. Fiind un radio online poate fi ascultat oriunde \u00een lume. Ne str\u0103duim s\u0103 g\u0103sim sponsori, de\u015fi nu e deloc u\u015for. Suntem interesa\u0163i s\u0103 facem publicitate pentru a putea sus\u0163ine totu\u015fi anumite taxe care trebuie pl\u0103tite &#8211; licen\u0163a de radio \u00een Germania, plata domeniilor de internet. P\u00e2n\u0103 acum mai degrab\u0103 am fost noi sponsori ori parteneri media pentru diverse evenimente, campanii de promovare a s\u0103n\u0103t\u0103\u0163ii, a luptei contra fumatului, a drogurilor, lans\u0103ri de carte etc.<\/p>\n<p style=\"text-align: justify;\"><strong>Dan BOAN\u0162\u0102<\/strong>: <em>Cum \u00eei motiva\u0163i pe cei care realizeaz\u0103 emisiunile postului care trebuie s\u0103 recunosc, nu sunt pu\u0163ine.<\/em><\/p>\n<p style=\"text-align: justify;\"><strong>Ecaterina C\u00ceMPEAN<\/strong>: To\u0163i au s-au apropiat de noi din dragoste pentru acest post de radio! Au vrut s\u0103 se implice, s\u0103 ajute, s\u0103 realizeze un \u201evis\u201d, un vis care de fapt era \u015fi al lor \u015fi al nostru&#8230; \u015ei apoi, nu uita\u0163i c\u0103 este un loc unde te sim\u0163i \u00eemplinit, un loc unde \u00ee\u0163i po\u0163i promova ideile \u015fi sufletul, un loc unde po\u0163i comunica cu mii de oameni-ascult\u0103tori. A face voluntariat nu \u00eenseamn\u0103 \u00eentotdeauna o corvoad\u0103, \u00eenseamn\u0103 o munc\u0103 pl\u0103cut\u0103, o comunicare, o ie\u015fire din anonimat, un mod de exprimare, mod de-a demonstra ceea ce po\u0163i \u015fi \u015ftii s\u0103 faci bine&#8230; Un loc unde aplauzele vin de la sine&#8230; prin faptul c\u0103 \u00ee\u0163i cre\u015fte audien\u0163a, popularitatea, c\u0103 e\u015fti apreciat de ascult\u0103tori, c\u0103 \u00ee\u0163i faci prieteni, c\u0103 \u00ee\u0163i \u00eemp\u0103rt\u0103\u015fe\u015fti ideile \u015fi g\u00e2ndurile cu oameni care te admira \u015fi te apreciaz\u0103.<\/p>\n<p style=\"text-align: justify;\"><strong>Dan BOAN\u0162\u0102<\/strong>: <em>Varietatea este unul dintre punctele forte ale acestui post?<\/em><\/p>\n<p style=\"text-align: justify;\"><strong>Ecaterina C\u00ceMPEAN<\/strong>: Desigur! Altfel ascult\u0103torul se plictise\u015fte \u015fi pleac\u0103&#8230; Dispare! \u015ei nu mai vine! \u015ei atunci&#8230; c\u0103utam s\u0103-l atragem cu o varietate de produse. Muzica bun\u0103 &#8211; pe toate gusturile, comentarii pertinente dar interesante, genuri muzicale, emisiuni care se adreseaz\u0103 ascult\u0103torilor din diferite perioade ale zilei&#8230; Exemplu, diminea\u0163\u0103 trebuie s\u0103 fii mai alert, mai vesel, iar seara \u015fi noaptea s\u0103 prezin\u0163i ceva mai lini\u015ftitor&#8230; Apoi vin dedica\u0163iile muzicale, \u00een comunicare direct\u0103 cu cei care ne acceseaz\u0103&#8230; prin forum sau prin e-mail. Aici se \u00eencadreaz\u0103 \u015fi dolean\u0163e, cerin\u0163e sau propuneri.<\/p>\n<p style=\"text-align: justify;\"><strong>Dan BOAN\u0162\u0102<\/strong>: <em>Pentru c\u0103 \u00een ultima perioad\u0103 multe dintre institu\u0163iile media au fost politizate, nu pot s\u0103 nu v\u0103 \u00eentreb care este politica editorial\u0103 a postului pe care \u00eel conduce\u0163i?<\/em><\/p>\n<p style=\"text-align: justify;\"><strong>Ecaterina C\u00ceMPEAN<\/strong>: Dup\u0103 cum v-am mai spus, nu facem politica \u015fi nu o promov\u0103m! Desigur c\u0103 avem o linie de mijloc \u00een prezentarea \u015ftirilor pentru a nu sup\u0103ra pe nimeni \u015fi a da posibilitate ascult\u0103torului s\u0103 r\u0103m\u00e2n\u0103 relaxat. C\u0103utam s\u0103 nu afect\u0103m auditoriul cu \u015ftiri senza\u0163ionale, sau cu \u201ebombe\u201d. Nu facem atac la persoan\u0103, na\u0163ionalism de linie dura&#8230; sau prezentarea tenden\u0163ioas\u0103 a unor evenimente.<\/p>\n<p style=\"text-align: justify;\"><strong>Dan BOAN\u0162\u0102<\/strong>: <em>\u00cen rela\u0163ia cu autorit\u0103tile, v\u0103 sprijin\u0103 cineva \u00een demersul dumneavoastr\u0103 de a-i aduce mai aproape pe rom\u00e2nii din str\u0103in\u0103tate?<\/em><\/p>\n<p style=\"text-align: justify;\"><strong>Ecaterina C\u00ceMPEAN<\/strong>: R\u0103spunsul este scurt! A\u015fteptam cu bra\u0163ele deschise ca \u201eautorit\u0103\u0163ile de specialitate\u201d s\u0103 se implice&#8230;<\/p>\n<p style=\"text-align: justify;\"><strong>Dan BOAN\u0162\u0102<\/strong>: <em>Din media rom\u00e2neasca din \u0163ar\u0103 \u015fi str\u0103in\u0103tate cu cine colabora\u0163i?<\/em><\/p>\n<p style=\"text-align: justify;\"><strong>Ecaterina C\u00ceMPEAN<\/strong>: Colabor\u0103rile sunt pe diferite niveluri&#8230; De la jurnali\u015fti priva\u0163i, p\u00e2n\u0103 la diferite organiza\u0163ii (romane\u015fti) similare. Exemple: \u201eRadio Metafora\u201d din California, Rexlibris Media Group din Australia, Revista \u201eConfluente Literare\u201d din Bucure\u015fti, RoArt din Belgia, Clubul Presei Translantice, Hora Tv, North American Roamnian Press Association \u015f.a.<\/p>\n<p style=\"text-align: justify;\"><strong>Dan BOAN\u0162\u0102<\/strong>: <em>C\u00e2teva cuvinte despre revista \u201eProLitera\u201d<\/em><\/p>\n<p style=\"text-align: justify;\"><strong>Ecaterina C\u00ceMPEAN<\/strong>: Dup\u0103 cum am specificat mai sus, dorim s\u0103 oferim ascult\u0103torilor no\u015ftri (virtuali) mai multe mijloace de informare \u015fi divertisment. Pe l\u00e2ng\u0103 fondul sonor, \u00eei atragem \u015fi cu o revist\u0103 scris\u0103&#8230; unde iubitorul de \u201eaudio\u201d are posibilitatea de a lua cuno\u015ftin\u0163\u0103 de litera scris\u0103, oferidu-i o revist\u0103 (consider!) de valoare, unde va \u00eent\u00e2lni articole cu semn\u0103turi cunoscute ale literaturii rom\u00e2ne contemporane. Prezentam eseuri, poezie, informa\u0163ii complexe, evenimente, interviuri&#8230; Literatura de bun\u0103 calitate. Literatura care \u00eenc\u00e2nt\u0103 ochiul, atrage \u015fi cultiv\u0103 mintea cititorului. \u015ei astfel aceast\u0103 literatur\u0103 moderat\u0103 \u00eembinat\u0103 cu muzica pe care o ascult\u0103, d\u0103 accesatorului site-ului \u201eProDiaspora\u201d o senzatie de bine, de \u00eemplinire \u015fi de relaxare. \u015ei fi\u0163i convins c\u0103 mai revine la \u201enoi\u201d! De revista \u201eProLitera\u201d se ocupa scriitorul George Roca din Australia, redactorul \u015fef.<\/p>\n<p style=\"text-align: justify;\"><strong>Dan BOAN\u0162\u0102<\/strong>: <em>Vreau s\u0103 ne vorbi\u0163i pu\u0163in despre spectacolul aniversar care v-a avea loc pe 16 mai la Petro\u015fani. \u015ei evident de ce a\u0163i ales aceast\u0103 loca\u0163ie? Are o semnifica\u0163ie anume?<\/em><\/p>\n<p style=\"text-align: justify;\"><strong>Ecaterina C\u00ceMPEAN<\/strong>: \u00centr-adev\u0103r, spectacolul aniversar \u201eRadio ProDiaspora\u201d va avea loc pe data de 16 mai 2014, orele 20:00, \u00een municipiul Vulcan &#8211; jude\u0163ul Hunedoara. Un loc minunat \u2013 din punct de vedere turistic \u2013 un col\u0163 de rai pe care \u00eel cunosc din copil\u0103rie. Nu este pentru prima dat\u0103 c\u00e2nd \u201etruditorii\u201d de la \u201eProDiaspora\u201d se \u00eent\u00e2lnesc pe acele meleaguri. Vin cu pl\u0103cere de fiecare dat\u0103, unii \u201emustr\u00e2nd\u201d organizatorii c\u0103 evenimentele nu sunt mai dese! C\u00e2t despre ce se va \u00eent\u00e2mpla acolo, v\u0103 dau c\u00e2tva am\u0103nunte&#8230; Dorim s\u0103 facem un spectacol de calitate. Sunt convins\u0103 c\u0103 vom avea \u015fi un public bogat ca num\u0103r. De scenariul \u015fi regia spectacolului se va ocupa Constantin Bahrin, grafica afi\u015fului va fi f\u0103cut\u0103 de Rodica Micu din Timi\u015foara. Nu am prea multe detalii, deocamdat\u0103. Colegul nostru Cornel Buc\u015fa trebuie s\u0103 se \u00eent\u00e2lneasc\u0103 cu primarul municipiului Vulcan, dl. Gheorghe Ile, pentru a discuta \u015fi celelalte am\u0103nunte. Invit\u0103m deci, pe data de 16 mai, orele 20:00 pe to\u0163i ascult\u0103torii \u015fi cititorii acestui interviu (care au posibilitatea s\u0103 fie prin preajm\u0103) la spectacolul aniversar organizat de Radio ProDiaspora, la Cinematograful Luceaf\u0103rul, din Municipiul Vulcan, jude\u0163ul Hunedoara. La acest spectacol vor fi prezen\u0163i, urm\u0103torii arti\u015fti: Dan Helciug (Invitat Special), Constantin Bahrin, Cornel Buc\u015fa, Florin Tutuianu, Maria Filip, SSIA (Anastasia), Liviu Iulian R\u0103dulescu, Ileana Berki, Trupa \u201eColor\u201d. V\u0103 a\u015fteptam cu drag s\u0103 fi\u0163i al\u0103turi de noi!<\/p>\n<p style=\"text-align: justify;\"><strong>Dan BOAN\u0162\u0102<\/strong>: <em>A\u015fadar \u00een luna mai se \u00eemplinesc cinci ani de c\u00e2nd exista\u0163i \u00een online. Cinci ani \u00een care acest proiect a rezistat \u015fi trebuie s\u0103 v\u0103 m\u0103rturisesc c\u0103 este un efort l\u0103udabil. Ce v\u0103 dori\u0163i pentru viitor? Mai exact, cum crede\u0163i c\u0103 va ar\u0103ta acest post peste al\u0163i cinci ani?<\/em><\/p>\n<p style=\"text-align: justify;\"><strong>Ecaterina C\u00ceMPEAN<\/strong>: Cert este ca \u00een fiecare zi ce vine avem mai mul\u0163i ascultatori, mai mul\u0163i iubitori ai postului nostru de radio. Acest lucru ne bucur\u0103 \u015fi ne \u00eencurajeaz\u0103. \u00censeamn\u0103 c\u0103 nu facem eforturi dejeaba \u015fi c\u0103 munca noastr\u0103 este benefic\u0103 romanilor din diaspora. Ce-mi doresc pe viitor? S\u0103 ne auzim \u015fi s\u0103 ne citim de bine!!! Iar peste cinci ani s\u0103 facem un nou interviu \u015fi s\u0103 v\u0103 spun cu acela\u015fi entuziasm ca Radio ProDiaspora este viu \u015fi accesibil tuturor romanilor r\u0103sp\u00e2ndi\u0163i prin toate col\u0163urile lumii&#8230;<\/p>\n<p style=\"text-align: justify;\"><strong>Dan BOAN\u0162\u0102<\/strong>: <em>Ce dori\u0163i s\u0103 transmite\u0163i publicului Radio ProDiaspora odat\u0103 cu aniversarea a cinci ani de existen\u0163\u0103?<\/em><\/p>\n<p style=\"text-align: justify;\"><strong>Ecaterina C\u00ceMPEAN<\/strong>: C\u00e2nd sunte\u0163i sup\u0103ra\u0163i, plictisi\u0163i sau blaza\u0163i de intemperiile vie\u0163ii cotidiene c\u0103uta\u0163i-ne pe net \u015fi refugia\u0163i-v\u0103 la Radio ProDiaspora. C\u00e2nd sunte\u0163i veseli, bucuro\u015fi \u015fi relaxa\u0163i, a\u015fijderea! V\u0103 a\u015fteptam cu bra\u0163ele deschise. Vom deveni astfel o mare familie cu suflet bun \u015fi mintea lini\u015ftit\u0103&#8230; Cu iubire \u00een suflet&#8230;<\/p>\n<p style=\"text-align: right;\"><strong>Dan BOAN\u0162\u0102<\/strong><\/p>\n<p style=\"text-align: right;\">Chicago, Illinois, SUA<\/p>\n<p style=\"text-align: right;\">25 aprilie 2014<\/p>\n<p style=\"text-align: center;\"><a href=\"http:\/\/www.marianagurza.ro\/blog\/wp-content\/uploads\/2014\/04\/1601549_10203469246273334_327169196_n-150x150.jpg\"><img loading=\"lazy\" decoding=\"async\" class=\"size-full wp-image-18216\" title=\"1601549_10203469246273334_327169196_n-150x150\" src=\"http:\/\/www.marianagurza.ro\/blog\/wp-content\/uploads\/2014\/04\/1601549_10203469246273334_327169196_n-150x150.jpg\" alt=\"\" width=\"150\" height=\"150\" \/><\/a><\/p>\n<p><a href=\"http:\/\/amronews.com\/?p=2175\">http:\/\/amronews.com\/?p=2175<\/a><\/p>\n<p><a href=\"http:\/\/www.prodiaspora.de\/prodiasporav3\/index.php\/stiri\/2364-dan-boanta-interviu-cu-doamna-ecaterina-cimpean-director-general-al-postului-de-radio-prodiaspora\">http:\/\/www.prodiaspora.de\/prodiasporav3\/index.php\/stiri\/2364-dan-boanta-interviu-cu-doamna-ecaterina-cimpean-director-general-al-postului-de-radio-prodiaspora<\/a><\/p>\n<p>&nbsp;<\/p>\n","protected":false},"excerpt":{"rendered":"<p>\u00cen urm\u0103 cu cinci ani s-a n\u0103scut un proiect la care doi oameni au rezonat din plin. \u015ei vorba poetului, [&#038;hellip<\/p>\n","protected":false},"author":1,"featured_media":0,"comment_status":"closed","ping_status":"closed","sticky":false,"template":"","format":"standard","meta":{"footnotes":""},"categories":[3,6],"tags":[],"class_list":["post-18207","post","type-post","status-publish","format-standard","hentry","category-articole","category-linkuri-externe"],"_links":{"self":[{"href":"https:\/\/www.marianagurza.ro\/blog\/wp-json\/wp\/v2\/posts\/18207","targetHints":{"allow":["GET"]}}],"collection":[{"href":"https:\/\/www.marianagurza.ro\/blog\/wp-json\/wp\/v2\/posts"}],"about":[{"href":"https:\/\/www.marianagurza.ro\/blog\/wp-json\/wp\/v2\/types\/post"}],"author":[{"embeddable":true,"href":"https:\/\/www.marianagurza.ro\/blog\/wp-json\/wp\/v2\/users\/1"}],"replies":[{"embeddable":true,"href":"https:\/\/www.marianagurza.ro\/blog\/wp-json\/wp\/v2\/comments?post=18207"}],"version-history":[{"count":9,"href":"https:\/\/www.marianagurza.ro\/blog\/wp-json\/wp\/v2\/posts\/18207\/revisions"}],"predecessor-version":[{"id":18210,"href":"https:\/\/www.marianagurza.ro\/blog\/wp-json\/wp\/v2\/posts\/18207\/revisions\/18210"}],"wp:attachment":[{"href":"https:\/\/www.marianagurza.ro\/blog\/wp-json\/wp\/v2\/media?parent=18207"}],"wp:term":[{"taxonomy":"category","embeddable":true,"href":"https:\/\/www.marianagurza.ro\/blog\/wp-json\/wp\/v2\/categories?post=18207"},{"taxonomy":"post_tag","embeddable":true,"href":"https:\/\/www.marianagurza.ro\/blog\/wp-json\/wp\/v2\/tags?post=18207"}],"curies":[{"name":"wp","href":"https:\/\/api.w.org\/{rel}","templated":true}]}}