{"id":18219,"date":"2014-04-25T17:00:29","date_gmt":"2014-04-25T17:00:29","guid":{"rendered":"http:\/\/www.marianagurza.ro\/blog\/?p=18219"},"modified":"2014-04-28T21:23:04","modified_gmt":"2014-04-28T21:23:04","slug":"vavila-popovici-uta-uta-cu-barcuta","status":"publish","type":"post","link":"https:\/\/www.marianagurza.ro\/blog\/2014\/04\/25\/vavila-popovici-uta-uta-cu-barcuta\/","title":{"rendered":"Vavila Popovici: U\u021ba-u\u021ba cu b\u0103rcu\u021ba!"},"content":{"rendered":"<p style=\"text-align: justify;\">\u00a0\u00a0 <a href=\"http:\/\/www.marianagurza.ro\/blog\/wp-content\/uploads\/2014\/04\/images6.jpg\"><img loading=\"lazy\" decoding=\"async\" class=\"size-full wp-image-18220 alignleft\" title=\"images[6]\" src=\"http:\/\/www.marianagurza.ro\/blog\/wp-content\/uploads\/2014\/04\/images6.jpg\" alt=\"\" width=\"300\" height=\"168\" \/><\/a>Celebrul vals <em>\u201eValurile Dun\u0103rii\u201d<\/em> care s-a bucurat de un enorm succes la sf\u00e2r\u015fitul anilor 1800, a fost inspirat de o frumoas\u0103 poveste de dragoste petrecut\u0103 \u00een ora\u0219ul Lugoj, din Rom\u00e2nia. Autorul celebrei melodii care s-a c\u00e2ntat \u00een deschiderea Expozi\u0163iei Universale de la Paris \u00een anul 1899, \u00een aranjamentul pianistului francez Emile Waldteufel, era Iosif Ivanovici, un b\u0103n\u0103\u0163ean h\u0103r\u0103zit cu mare talent muzical, instrumentist, dirijor de coruri, fanfare \u015fi compozitor. Crea\u0163ia sa a \u00eensumat valsuri, cadriluri, polci, mazurci, piese de inspira\u0163ie popular\u0103, mar\u015furi militare, dar \u015fi piese pentru pian, sau pentru voce cu acompaniament de pian. Iosif Ivanovici \u015fi-a f\u0103cut un nume \u00een lumea muzical\u0103 mai ales prin str\u0103lucitoarea compozi\u0163ie <em>\u201eValurile Dun\u0103rii\u201d.<\/em> Datorit\u0103 popularit\u0103\u021bii, inclusiv \u00een epoca \u00een care a fost creat, la sf\u00e2r\u0219itul secolului XIX, celebrul vals a fost adesea atribuit gre\u0219it lui Johann Strauss \u2013 fiul,\u00a0 care compusese o alt\u0103 pies\u0103 celebr\u0103 \u2013 <em>\u201eDun\u0103rea albastr\u0103\u201d,<\/em> l\u0103s\u00e2nd \u00een urma lui un vals nemuritor, cunoscut \u00een toat\u0103 lumea..<\/p>\n<p style=\"text-align: justify;\">\u00a0\u00a0 <em>\u201eValurile Dun\u0103rii\u201d<\/em> a fost publicat \u0219i \u00een Statele Unite ale Americii, c\u00e2\u021biva ani mai t\u00e2rziu. Marlene Dietrich \u00eel c\u00e2nta la pian \u00eentr-un film de mare succes al anilor 1930. C\u00e2\u021biva ani mai t\u00e2rziu\u00a0 piesa a ap\u0103rut cu versuri adaptate \u00een englez\u0103 <em>\u201eOh, how we danced on the night we were wed!\u201d<\/em> \u0219i cu un nou nume, <em>\u201eThe Anniversary Song\u201d,<\/em> \u00een filmul <em>\u201eThe Jolson Story\u201d<\/em> din 1946.<\/p>\n<p style=\"text-align: justify;\">\u00a0\u00a0 <em>\u201eThe Anniversary Song\u201d<\/em> sau \u201e<em>Danube Waves\u201d<\/em> a mai ap\u0103rut de-a lungul anilor pe coloana sonor\u0103 a multor filme celebre. \u00cen Rom\u00e2nia <em>\u201eValurile Dun\u0103rii\u201d<\/em> a fost auzit\u0103 pentru prima oar\u0103 \u00eentr-un film rom\u00e2nesc \u00een 1959, \u00een pelicula eponim\u0103 semnat\u0103 de regizorul Liviu Ciulei, dar era cunoscut\u0103 din vremea adolescen\u021bei mele \u0219i c\u00e2ntat\u0103 la diferite instrumente. \u00cel c\u00e2ntam la pian \u0219i fredonam cuvintele: <em>\u201eBarca pe valuri plute\u0219te u\u0219or\/ inima \u2013mi salt\u0103 plin\u0103 de dor\u2026\u201d<\/em><\/p>\n<p style=\"text-align: justify;\">\u00a0\u00a0 Iat\u0103, am ajuns \u00een zilele noastre s\u0103 vedem imagini cu reprezentan\u021bi de seam\u0103 ai \u021b\u0103rii noastre \u00een barca ce plutea pe uli\u0163ele unui sat, din jude\u021bul Teleorman, \u00een scopul inspect\u0103rii inunda\u0163iilor din acel jude\u021b. Ca-n filme! U\u021ba-u\u021ba cu b\u0103rcu\u021ba! \u0218i barca \u00eempins\u0103 de \u201esclavii\u201d acestor timpuri, av\u00e2ndu-i pe \u201e\u00eemp\u0103ra\u021bi\u201d \u00een barc\u0103, ferindu-i de apa care le-ar fi putut intra, deh Doamne!, \u00een cizmele noi, curate, elegante.<\/p>\n<p style=\"text-align: justify;\">\u00a0\u00a0 86 de comune fuseser\u0103 inundate, 250 de persoane r\u0103mase f\u0103r\u0103 un acoperi\u015f deasupra capului \u015fi trei vie\u0163i omene\u015fti pierdute, reprezenta bilan\u0163ul celei de a doua zi al inunda\u0163iilor, eveniment care are loc, de cele mai multe ori \u00een luna aprilie a anului, cu intensit\u0103\u021bi diferite de la an la an, dup\u0103 cantit\u0103\u021bile de ap\u0103 c\u0103zute. Se pare c\u0103 ar fi trebuit s\u0103 se fi construit un baraj, pentru evitarea acestor catastrofe. Nu s-a f\u0103cut la timpul potrivit \u0219i acum &#8211; consecin\u021bele. Despre necesitatea unor astfel de baraje s-a tot auzit \u00een decursul anilor, dar nu s-a f\u0103cut nimic pentru evitarea catastrofelor, nu din comoditate, ci mereu din lips\u0103 de bani.\u00a0 Nu s-a luat \u00een considera\u021bie faptul c\u0103 eventualele pagubele vor costa mult mai mul\u021bi bani. Ce au f\u0103cut politicienii cu promisiunile lor din timpul campaniilor electorale? Dar de ce s\u0103 ne mai \u00eentreb\u0103m, c\u00e2nd a\u0219a cum am mai spus-o c\u00e2ndva, cele mai multe \u201egogonele\u201d se \u201em\u0103n\u00e2nc\u0103\u201d \u00een timpul campaniilor electorale.<\/p>\n<p style=\"text-align: justify;\">\u00a0\u00a0 \u00cen zadar s-au emis avertiz\u0103ri de c\u0103tre meteorologi, pentru ploile \u0219i v\u00e2ntul care a suflat, \u00een zadar ele se vor repeta \u00een urm\u0103toarele zile! Vizitele de lucru f\u0103cute \u00een acest mod nu \u00eenc\u0103lzesc cu nimic inimile \u0219i suferin\u021bele oamenilor care \u0219i-au au pierdut membri de familie sau agonisirea de-o via\u0163\u0103 sub ape. O plimbare cu <em>barca pe valuri<\/em> tras\u0103 de ni\u0219te vasali, chiar dac\u0103 apa-i de c\u00e2\u021biva centimetri ad\u00e2ncime, este pl\u0103cut\u0103, se poate \u0219i fredona \u00een g\u00e2nd frumosul vals scris din amor&#8230; Trebuie c\u0103 a fost pl\u0103cut, nu-i a\u0219a? <em>\u201eBarca pe valuri plute\u0219te u\u0219or, ce-mi pas\u0103 mie de necazul lor \u2026\u201d<\/em>. Compasiune? S\u0103 fim serio\u0219i! Spectacol grotesc!<\/p>\n<p style=\"text-align: justify;\">\u00a0\u00a0 <em>\u201eTu ce faci f\u0103\/m\u0103 Doina, aicea? Aveai chef de ni\u0219te inunda\u021bii?\u201d<\/em> Suna cam a\u0219a: <em>F\u0103, Doina, \u021bi s-a f\u0103cut de o inunda\u021bie? <\/em>\u201eF\u0103\u201d- apelativ cu care s-ar fi adresat unui ministru \u0219i ministrul probabil a fost flatat c\u0103 i s-a acordat aten\u021bie \u00een acele momente. A fost real sau nu, oricum, ne putem a\u0219tepta de la oamenii needuca\u021bi sau, cum am mai spus-o, de la copiii care zburdau pe maidanul cartierelor reziden\u021biale, nesupraveghea\u021bi de p\u0103rin\u021bi \u0219i \u00eenv\u0103\u021b\u00e2nd unii de la al\u021bii aceste apelative lipsite de respect. Copiii maidanezi de ieri, investi\u021bi ast\u0103zi \u00een func\u021bii \u00eenalte\u2026 Fiindc\u0103, spun, o mam\u0103 nu se poate adresa niciodat\u0103 copilului s\u0103u cu \u201ef\u0103, b\u0103iatule!\u201d, dragostea de mam\u0103 exist\u00e2nd \u00een sufletul fiec\u0103rei femei. Un limbaj ca acesta, \u015fmecheresc, este u\u0219or accesibil \u0219i firesc a fi luat ca exemplu de c\u0103tre aceea\u0219i categorie de oameni needuca\u021bi. Se \u00eentip\u0103re\u0219te u\u0219or \u00een memorie \u0219i iese cu greu, devenind obi\u0219nuin\u021b\u0103. \u0218i p\u00e2n\u0103 la urm\u0103 nu intereseaz\u0103 at\u00e2t de mult cine a spus, dac\u0103 chiar s-a spus, sau, s-ar fi putut spune, c\u00e2t intereseaz\u0103 gestul prostesc, lipsit de responsabilitate, aventurier, de a te plimba \u00eentr-o barc\u0103 printre oamenii n\u0103p\u0103stui\u021bi, \u00een loc s\u0103 pui m\u00e2na s\u0103 aju\u021bi cu ceva\u2026<\/p>\n<p style=\"text-align: justify;\">\u00a0 \u00a0N-a avut nimeni curajul s\u0103 le spun\u0103, celor doi, vreo c\u00e2teva vorbe pe care le meritau\u2026 M\u0103car s\u0103 fi avut barca \u0219i ni\u0219te v\u00e2sle, s\u0103-i fi v\u0103zut oamenii f\u0103c\u00e2nd ceva, d\u00e2nd din m\u00e2ini\u2026 Dar nu! St\u0103teau ca ni\u0219te belferi, tra\u0219i de ni\u0219te slugi. Unde le era bunul sim\u021b?<\/p>\n<p style=\"text-align: justify;\">\u00a0\u00a0\u00a0Chiar dac\u0103 unii consider\u0103 <em>bunul-sim\u0163 <\/em>a fi un atribut biologic nativ, Einstein spunea c\u0103 <em>\u201eBunul sim\u021b este o colec\u021bie de prejudec\u0103\u021bi dob\u00e2ndite p\u00e2n\u0103 la v\u00e2rsta de 18 ani\u201d.<\/em> Pe scurt, de aici \u00eenainte, le ai sau nu le ai! \u0218i dac\u0103 nu ai dob\u00e2ndit bunul sim\u021b p\u00e2n\u0103 la v\u00e2rsta adolescen\u021bei \u0219i nu-l dovede\u0219ti \u00een rela\u021biile cu oamenii, \u00eenseamn\u0103 c\u0103 nu ai pic de \u00een\u021belepciune s\u0103 po\u021bi \u00een\u021belege \u0219i respecta pe cei din jurul t\u0103u. Pentru ap\u0103rarea propriului eu, arma ta devine b\u0103\u0219c\u0103lia, lu\u00e2nd totul \u00een der\u00e2dere. Nu s-a g\u0103sit nimeni s\u0103 le r\u0103stoarne barca, tot a\u0219a\u2026 \u00een der\u00e2dere?<\/p>\n<p style=\"text-align: right;\"><em><strong>Vavila Popovici<\/strong> \u2013 Carolina de Nord<\/em><em><\/em><\/p>\n","protected":false},"excerpt":{"rendered":"<p>\u00a0\u00a0 Celebrul vals \u201eValurile Dun\u0103rii\u201d care s-a bucurat de un enorm succes la sf\u00e2r\u015fitul anilor 1800, a fost inspirat de [&#038;hellip<\/p>\n","protected":false},"author":1,"featured_media":0,"comment_status":"closed","ping_status":"closed","sticky":false,"template":"","format":"standard","meta":{"footnotes":""},"categories":[3],"tags":[],"class_list":["post-18219","post","type-post","status-publish","format-standard","hentry","category-articole"],"_links":{"self":[{"href":"https:\/\/www.marianagurza.ro\/blog\/wp-json\/wp\/v2\/posts\/18219","targetHints":{"allow":["GET"]}}],"collection":[{"href":"https:\/\/www.marianagurza.ro\/blog\/wp-json\/wp\/v2\/posts"}],"about":[{"href":"https:\/\/www.marianagurza.ro\/blog\/wp-json\/wp\/v2\/types\/post"}],"author":[{"embeddable":true,"href":"https:\/\/www.marianagurza.ro\/blog\/wp-json\/wp\/v2\/users\/1"}],"replies":[{"embeddable":true,"href":"https:\/\/www.marianagurza.ro\/blog\/wp-json\/wp\/v2\/comments?post=18219"}],"version-history":[{"count":5,"href":"https:\/\/www.marianagurza.ro\/blog\/wp-json\/wp\/v2\/posts\/18219\/revisions"}],"predecessor-version":[{"id":18222,"href":"https:\/\/www.marianagurza.ro\/blog\/wp-json\/wp\/v2\/posts\/18219\/revisions\/18222"}],"wp:attachment":[{"href":"https:\/\/www.marianagurza.ro\/blog\/wp-json\/wp\/v2\/media?parent=18219"}],"wp:term":[{"taxonomy":"category","embeddable":true,"href":"https:\/\/www.marianagurza.ro\/blog\/wp-json\/wp\/v2\/categories?post=18219"},{"taxonomy":"post_tag","embeddable":true,"href":"https:\/\/www.marianagurza.ro\/blog\/wp-json\/wp\/v2\/tags?post=18219"}],"curies":[{"name":"wp","href":"https:\/\/api.w.org\/{rel}","templated":true}]}}