{"id":18230,"date":"2014-04-27T15:25:24","date_gmt":"2014-04-27T15:25:24","guid":{"rendered":"http:\/\/www.marianagurza.ro\/blog\/?p=18230"},"modified":"2014-04-27T17:51:13","modified_gmt":"2014-04-27T17:51:13","slug":"dan-tanasa-oare-din-prea-mult-nationalism-am-ajuns-aici","status":"publish","type":"post","link":"https:\/\/www.marianagurza.ro\/blog\/2014\/04\/27\/dan-tanasa-oare-din-prea-mult-nationalism-am-ajuns-aici\/","title":{"rendered":"Dan Tanas\u0103: Oare din prea mult na\u0163ionalism am ajuns aici?"},"content":{"rendered":"<p style=\"text-align: justify;\"><img loading=\"lazy\" decoding=\"async\" class=\"alignleft\" title=\"Oare din prea mult na\u021bionalism am ajuns aici?\" src=\"http:\/\/www.dantanasa.ro\/wp-content\/uploads\/2014\/03\/dan_tanasa-300x300.png\" alt=\"dan tanasa 300x300 Oare din prea mult na\u021bionalism am ajuns aici?\" width=\"177\" height=\"177\" \/>Observ tot mai multe voci \u00een spa\u021biul public rom\u00e2nesc care au alergie la na\u021bionalism. \u00cen viziunea multora dintre acestea na\u021bionalismul e ceva retrograd, mizer chiar, ceva ce trebuie c\u00e2t mai repede condamnat, poate chiar \u0219i pedepsit. Marea majoritate sunt incapabili (sau pur \u0219i simplu nu vor)\u00a0s\u0103 fac\u0103 diferen\u021ba \u00eentre na\u021bionalism\/patriotism, pe care-l sus\u021bin, \u0219i \u0219ovinism\/na\u021bionalism extremist\/xenofobie, pe care le condamn ferm.<\/p>\n<p style=\"text-align: justify;\">Evident, ceea ce le miroase ur\u00e2t intelectualilor rafina\u021bi este na\u021bionalismul rom\u00e2nesc, pentru c\u0103 na\u021bionalismul maghiar, care este extremist \u0219i \u0219ovin, propagat de elita politic\u0103 \u0219i intelectual\u0103 a maghiarilor din Rom\u00e2nia, e ceva benefic, este o simpl\u0103 expresie a dorin\u021bei lor de p\u0103strare a identit\u0103\u021bii. Dac\u0103 un rom\u00e2n vrea s\u0103 fie rom\u00e2n \u00een Covasna atunci el e extremist. Dac\u0103 un secui vrea s\u0103 fie secui \u00een Covasna el e automat european pentru c\u0103 vrea s\u0103-\u0219i p\u0103streze identitatea.<\/p>\n<p style=\"text-align: justify;\">Un ultim caz pe care l-am remarcat este cel al redactorului-\u0219ef al Revistei 22, publica\u021bie a Grupului de Dialog Social. Armand Go\u0219u \u00eei ia un interviu pre\u0219edintelui UDMR Kelemen Hunor \u00een care \u00eel face extremist \u0219i na\u021bionalist pe deputatul Bogdan Diaconu. Evident, nici Go\u0219u \u0219i nici Kelemen nu remarc\u0103 situa\u021bia ridicol\u0103 \u00een care s-au plasat vorbind despre na\u021bionalismul rom\u00e2nesc \u00een condi\u021biile \u00een care la Budapesta partidul neo-fascist \u0219i\u00a0anti-semit Jobbik, de care este speriat\u0103 \u00eentreaga Europ\u0103, are peste 20% \u00een Parlamentul Ungariei.<\/p>\n<p style=\"text-align: justify;\">\u00cen martie eram contrariat de igoran\u021ba \u00eenfior\u0103toare a realizatorului TV Moise Guran, care f\u0103cea o compara\u021bie stupid\u0103 \u00eentre steagul secuiesc \u0219i un steag al Olteniei. Guran \u00eencerca s\u0103 fac\u0103 pe intelectualul rafinat \u0219i european compar\u00e2nd mere cu pere pe o tem\u0103 la care nu doar c\u0103 nu se pricepe dar se \u0219i complace \u00eentr-o ignoran\u021b\u0103 cras\u0103.<\/p>\n<p style=\"text-align: justify;\">\u00a0A\u0219 \u00eendr\u0103zni s\u0103-i \u00eentreb pe ace\u0219ti intelectuali, pe cei de la Grupul de Dialog Social sau pe Moise Guran spre exemplu,\u00a0c\u0103rora le pute na\u021bionalismul rom\u00e2nesc, dac\u0103 au cumva impresia c\u0103 Rom\u00e2nia se zbate \u00een acest marasm care dureaz\u0103 de aproape un sfert de secol din prea mult na\u021bionalism. Oare din prea mult na\u021bionalism am ajuns datori v\u00e2ndu\u021bi la FMI \u0219i la alte institu\u021bii financiare? Oare din prea mult na\u021bionalism am ajuns s\u0103 cump\u0103r\u0103m usturoi din China \u0219i cartofi din Fran\u021ba \u00een magazinele\u00a0noastre? Oare din prea mult na\u021bionalism a clasei politice rom\u00e2ne\u0219ti peste trei milioane de rom\u00e2ni au luat calea str\u0103in\u0103t\u0103\u021bii \u00een ultimii 25 de ani \u00een c\u0103utarea unui trai mai bun? Oare excesul de patriotism al politicienilor care ne conduc de 25 de ani\u00a0a distrus unit\u0103\u021bile de produc\u021bie pe care Rom\u00e2nia le avea la momentul decembrie 1989 de am ajuns acum s\u0103 import\u0103m cuie \u0219i s\u00e2rm\u0103 ghimpat\u0103, carne \u0219i gr\u00e2u? Oare patriotimsul rom\u00e2nesc al politicienilor no\u0219tri \u00eei \u00eendeamn\u0103 pe ace\u0219tia s\u0103 tolereze arborarea drapelului Ungariei \u00een Transilvania sau tolerarea cultului personalit\u0103\u021bii scriitorului fascist Nyiro Jozsef \u00een zonele controlate de UDMR \u0219i PCM?<\/p>\n<p style=\"text-align: justify;\"><strong>Dan Tanas\u0103<\/strong><\/p>\n<p style=\"text-align: justify;\"><em>Sursa : Dan Tanas\u0103 \u2013 www.dantanasa.ro<\/em><\/p>\n","protected":false},"excerpt":{"rendered":"<p>Observ tot mai multe voci \u00een spa\u021biul public rom\u00e2nesc care au alergie la na\u021bionalism. \u00cen viziunea multora dintre acestea na\u021bionalismul [&#038;hellip<\/p>\n","protected":false},"author":1,"featured_media":0,"comment_status":"closed","ping_status":"closed","sticky":false,"template":"","format":"standard","meta":{"footnotes":""},"categories":[3,6],"tags":[],"class_list":["post-18230","post","type-post","status-publish","format-standard","hentry","category-articole","category-linkuri-externe"],"_links":{"self":[{"href":"https:\/\/www.marianagurza.ro\/blog\/wp-json\/wp\/v2\/posts\/18230","targetHints":{"allow":["GET"]}}],"collection":[{"href":"https:\/\/www.marianagurza.ro\/blog\/wp-json\/wp\/v2\/posts"}],"about":[{"href":"https:\/\/www.marianagurza.ro\/blog\/wp-json\/wp\/v2\/types\/post"}],"author":[{"embeddable":true,"href":"https:\/\/www.marianagurza.ro\/blog\/wp-json\/wp\/v2\/users\/1"}],"replies":[{"embeddable":true,"href":"https:\/\/www.marianagurza.ro\/blog\/wp-json\/wp\/v2\/comments?post=18230"}],"version-history":[{"count":4,"href":"https:\/\/www.marianagurza.ro\/blog\/wp-json\/wp\/v2\/posts\/18230\/revisions"}],"predecessor-version":[{"id":18232,"href":"https:\/\/www.marianagurza.ro\/blog\/wp-json\/wp\/v2\/posts\/18230\/revisions\/18232"}],"wp:attachment":[{"href":"https:\/\/www.marianagurza.ro\/blog\/wp-json\/wp\/v2\/media?parent=18230"}],"wp:term":[{"taxonomy":"category","embeddable":true,"href":"https:\/\/www.marianagurza.ro\/blog\/wp-json\/wp\/v2\/categories?post=18230"},{"taxonomy":"post_tag","embeddable":true,"href":"https:\/\/www.marianagurza.ro\/blog\/wp-json\/wp\/v2\/tags?post=18230"}],"curies":[{"name":"wp","href":"https:\/\/api.w.org\/{rel}","templated":true}]}}