{"id":18239,"date":"2014-04-28T09:00:24","date_gmt":"2014-04-28T09:00:24","guid":{"rendered":"http:\/\/www.marianagurza.ro\/blog\/?p=18239"},"modified":"2014-04-28T09:00:24","modified_gmt":"2014-04-28T09:00:24","slug":"maria-diana-popescu-avionul-radar-de-deasupra-romaniei-si-lectica-trasa-de-ofiteri-editorial-stuttgart","status":"publish","type":"post","link":"https:\/\/www.marianagurza.ro\/blog\/2014\/04\/28\/maria-diana-popescu-avionul-radar-de-deasupra-romaniei-si-lectica-trasa-de-ofiteri-editorial-stuttgart\/","title":{"rendered":"Maria Diana Popescu: Avionul-radar  de deasupra Rom\u00e2niei \u015fi lectica tras\u0103 de ofi\u0163eri, Editorial, Stuttgart"},"content":{"rendered":"<p style=\"text-align: justify;\"><a href=\"http:\/\/www.marianagurza.ro\/blog\/wp-content\/uploads\/2014\/04\/MDP-Editorial-poza-noua3.jpg\"><img loading=\"lazy\" decoding=\"async\" class=\"size-medium wp-image-18240 alignleft\" title=\"MDP - Editorial poza noua\" src=\"http:\/\/www.marianagurza.ro\/blog\/wp-content\/uploads\/2014\/04\/MDP-Editorial-poza-noua3-174x300.jpg\" alt=\"\" width=\"174\" height=\"300\" srcset=\"https:\/\/www.marianagurza.ro\/blog\/wp-content\/uploads\/2014\/04\/MDP-Editorial-poza-noua3-174x300.jpg 174w, https:\/\/www.marianagurza.ro\/blog\/wp-content\/uploads\/2014\/04\/MDP-Editorial-poza-noua3.jpg 385w\" sizes=\"auto, (max-width: 174px) 100vw, 174px\" \/><\/a>Ce minuni au f\u0103cut juc\u0103torii cu experien\u0163\u0103 ai scenei politice la inunda\u0163iile de Pa\u015fti? C\u00eend \u015fuvoaiele au luat pe nepreg\u0103tite 27 de localit\u0103\u0163i teleorm\u0103nene, au afi\u015fat profilul de autoritate para\u015futat\u0103 din interese pur politice, f\u0103r\u0103 leg\u0103tur\u0103 cu dezastrele, pierderile \u015fi n\u0103zuin\u0163ele localnicilor. S-au costumat asemenea lui Kim Giong-un \u015fi s-au plimbat ca faraonii cu o \u015falup\u0103-lectic\u0103, tras\u0103 de pompieri \u015fi ofi\u0163eri de la I.S.U. prin m\u00eelul de pe uli\u0163e. Asaltat de blitz-urile televiziunilor, alaiul a \u00eenaintat cu greu prin locurile acoperite de ape, care vor fi \u00eens\u0103m\u00een\u0163ate pentru campaniile viitoare, evident, nu agricole, ci electorale. Care s\u0103 fie diagnosticul lor? Rog un medic specialist \u00een bolile capetelor politice s\u0103-mi r\u0103spund\u0103. De c\u00eete ori se isc\u0103 furtuni sau ploi din senin, \u00een locuri ha\u015furate de Putere, m\u0103 g\u00eendesc cu dragoste la tehnologia HAARP, instalat\u0103 cu teatral\u0103 cumsec\u0103denie pe teritoriul \u0162\u0103rii noastre. Bravo! Avem \u015fi scut la Deveselu! S\u00eentem dota\u0163i dup\u0103 ultima mod\u0103 cu utilaje f\u0103c\u0103toare de dezastre! Cu toate acestea, e musai s\u0103 fim indulgen\u0163i \u015fi s\u0103 nu uit\u0103m c\u0103 unul dintre ocupan\u0163ii b\u0103rcii pneumatice a f\u0103cut mari minuni la referendumul din 29 iulie, 2012. A reu\u015fit s\u0103 \u00eenvie mai mul\u0163i mor\u0163i pe care i-a teleportat la urne. Asta da, realizare! Ce diguri de protec\u0163ie? La ce bun s\u0103 cheltuiasc\u0103 ei bani cu \u00a0redirec\u0163ionarea albiilor periculoase? Este extraordinar s\u0103 fii vinovat, dar s\u0103 nu \u0163i se poat\u0103 imputa nimic. Regret nespus efectele inunda\u0163iilor suferite de rom\u00e2nii din Teleorman, dar, plimbarea premierului, a vicepremierului \u015fi a \u015fefei apelor din guvern cu barca pe uli\u0163e, \u00eenso\u0163i\u0163i de agen\u0163i S.P.P. \u015fi care de televizie, este cel mai ridicol num\u0103r de circ electoral, prin care au \u00eencercat s\u0103 arate c\u0103 le pas\u0103 de suferin\u0163ele n\u0103p\u0103stui\u0163ilor. Cu to\u0163ii \u015ftim c\u0103 estimarea dezastrelor produse de ape se face de la \u00een\u0103l\u0163ime, din elicopter.<\/p>\n<p style=\"text-align: justify;\">\n<p style=\"text-align: justify;\"><strong>Un avion-radar francez efectueaz\u0103 misiuni de patrulare deasupra Rom\u00e2niei<\/strong><\/p>\n<p style=\"text-align: justify;\">\n<p style=\"text-align: justify;\">Oare, dac\u0103, Doamne fere\u015fte, ar veni un r\u0103zboi, ce-ar face autorit\u0103\u0163ile \u00a0de la Bucure\u015fti care mint non-stop, dau vina unii pe al\u0163ii \u015fi se prezint\u0103 costuma\u0163i \u00een mari democra\u0163i? Dinspre Ucraina vine miros de praf de pu\u015fc\u0103, Putin Cuceritorul a b\u0103gat \u00een fibrila\u0163ii S.U.A. \u015fi U.E. Un avion-radar francez efectueaz\u0103 misiuni de patrulare deasupra Rom\u00e2niei din trei \u00een trei zile, ca m\u0103sur\u0103 de \u201ereasigurare\u201d a membrilor est-europeni ai N.A.T.O., iar alte patru avioane de v\u00een\u0103toare, pe care Fran\u0163a le-a pus la dispozi\u0163ia N.A.T.O., vor participa la poli\u0163ia cerului deasupra \u0163\u0103rilor baltice. Duminic\u0103, 27 aprilie, vor decola de la o baz\u0103 aerian\u0103 din Polonia, a anun\u0163at generalul Pierre de Villiers, \u015fef al statului major al armatelor franceze, aflat \u00eentr-o vizit\u0103 la Washington (A.F.P.). M\u0103 rog, m\u0103surile s\u00eent puse pe seama ac\u0163iunilor Rusiei \u00een Ucraina. De, a\u015fa ne trebuie! Avia\u0163ie militar\u0103 nu prea mai avem, armat\u0103, doar cu numele, flota noastr\u0103 a disp\u0103rut cu dosare cu tot, noroc cu fregatele cump\u0103rate din resturile flotei britanice. Iat\u0103, dup\u0103 un sfert de veac de la lovitura de stat, un deceniu de la integrarea \u00een N.A.T.O. \u015fi 7 ani de Uniune European\u0103, <strong>rom\u00e2nilor le trec avioane de r\u0103zboi pe deasupra capetelor.<\/strong> Ce-am c\u0103utat am g\u0103sit. Tr\u0103im via\u0163a pe care am dorit-o! Te ui\u0163i la exemplarele Puterii \u015fi te \u00eentrebi dac\u0103 au vreo alt\u0103 leg\u0103tur\u0103 cu \u0162ara, \u00een afara celei de v\u00eenz\u0103tor de neam!<\/p>\n<p style=\"text-align: justify;\">\n<p style=\"text-align: justify;\"><strong>De astfel de declara\u0163ii te \u00eendr\u0103goste\u015fti pe loc<\/strong><\/p>\n<p style=\"text-align: justify;\">\n<p style=\"text-align: justify;\">\u015ei fostul pre\u015fedinte ceh Vaclav Klaus, eurosceptic declarat, a afirmat \u00eentr-un interviu acordat televiziunii cehe CT24: <em>\u201eS.U.A. \u015fi Occidentul poart\u0103 \u00eentreaga responsabilitate a crizei care love\u015fte Ucraina de c\u00eeteva luni. Rusia trebuie l\u0103sat\u0103 s\u0103-\u015fi contureze singur\u0103 viitorul, f\u0103r\u0103 ingerin\u0163e str\u0103ine, Ucraina, urm\u00eend s\u0103 aleag\u0103 dac\u0103 dore\u015fte sprijinul Occidentului sau al Rusiei. Nu cred c\u0103 Rusia este vinovat\u0103 de ceea ce s-a \u00eent\u00e2mplat \u00een Maidan (Pia\u0163a Independen\u0163ei din centrul Kievului).\u201d<\/em> Vaclav Klaus a criticat dur pozi\u0163ia S.U.A. \u015fi a Uniunii Europene cu privire la valoarea asisten\u0163ei financiare acordate Ucrainei. Vicepre\u015fedintele american Joe Biden a promis Ucrainei, cu prilejul vizitei sale la Kiev, un ajutor de 50 de milioane de dolari pentru <em>\u201edezvoltarea reformelor politice \u015fi economice \u015fi consolidarea parteneriatului cu SUA.\u201d<\/em> <em>\u201eNu sunt un adept al distribuirii interna\u0163ionale de bani, iar aceast\u0103 sum\u0103 meschin\u0103 \u015fi amuzant\u0103 constituie doar 0,06% din PIB-ul ucrainean \u015fi m\u0103 \u00eentreb c\u00e2t a costat zborul vicepre\u015fedintelui Joe Bidden \u00een Ucraina? Nu se apropie cu aproxima\u0163ie de aceast\u0103 sum\u0103?\u201d,<\/em> a declarat Vaclav Klaus. De astfel de declara\u0163ii te \u00eendr\u0103goste\u015fti pe loc.<\/p>\n<p style=\"text-align: justify;\">\n<p style=\"text-align: justify;\"><strong>Oameni buni, ce ave\u0163i cu femeia dac\u0103 e liber\u0103, frumoas\u0103 \u015fi pe tocuri ro\u015fii?<\/strong><\/p>\n<p style=\"text-align: justify;\">\n<p style=\"text-align: justify;\">Complet\u0103m lista minunilor din S\u0103pt\u0103m\u00eena Luminat\u0103 cu Ileana! Cos\u00eenzeana care, din fotoliul de ministru, a semnat doar felicit\u0103rile de Cr\u0103ciun \u015fi de Pa\u015fti, a t\u0103iat panglici, a c\u0103l\u0103rit ponei \u015fi biciclete \u015fi a luat, scrie presa, pe l\u00eeng\u0103 altele, bonusul cel mare din spatele Galei Bute! Oameni buni, ce ave\u0163i cu femeia dac\u0103 e liber\u0103, simpatic\u0103 \u015fi pe tocuri ro\u015fii de 15 cm \u00een buc\u0103t\u0103rie? C\u0103 nu prea \u015ftie ce \u00eenseamn\u0103 frumuse\u0163ea tradi\u0163ional\u0103 \u015fi cre\u015ftin\u0103 a Bucovinei, care merit\u0103 respect, e o alt\u0103 poveste. Pu\u0163in\u0103 obiectivitate nu stric\u0103! \u015ei-a f\u0103cut \u015fi ea campanie electoral\u0103 cu buget redus \u015fi tupeu de calitate, p\u00een\u0103 la br\u00eeu popular\u0103, \u00een jos, p.m.p., \u00een blugi. E treaba ei cu cine, pe unde pozeaz\u0103 \u015fi \u00een ce buc\u0103t\u0103rie se bag\u0103! Mai degrab\u0103 a fost o campanie pentru m\u0103ritat, credibilitatea politic\u0103 nu mai are, oricum. Priceput\u0103 la toate, la alegerile trecute a f\u0103cut sarmale, acuma a fr\u0103m\u00eentat cozonaci, i-a pus \u00een cuptor, s-a plimbat cu moc\u0103ni\u0163a la Moldovi\u0163a. De ce s\u00eente\u0163i invidio\u015fi? \u015etie s\u0103 se insinueze \u00een mul\u0163ime costumat\u0103 tradi\u0163ional, uit\u00eend c\u0103 cinstea, sinceritatea, moralitatea (s\u0103 nu furi, s\u0103 nu min\u0163i, s\u0103 nu \u00een\u015feli) s\u00eent paragrafe ale legii cre\u015ftine. Trebuie s\u0103 recunoa\u015ftem,\u00a0 singurul care a reu\u015fit s-o \u00eengenuncheze a fost cuptorul, precum arat\u0103 imaginile video.\u00a0 Demonstra\u0163iile sale nu mai mi\u015fc\u0103 popular dec\u00eet pe cei cu mintea \u00een concediu permanent. Pentru c\u0103 institu\u0163iile statului au devenit spectatoare fidele, toate exemplarele Puterii de la 1989 \u00eencoace trebuie deferite unui tribunal al poporului pentru vina de a fi ruinat \u0162ara din temelii \u015fi pentru instituirea acestui haos na\u0163ional, ca alchimie protectoare a jafului \u015fi corup\u0163iei, intrate ireversibil \u00een alc\u0103tuirea lor.<\/p>\n<p style=\"text-align: justify;\">\n<p style=\"text-align: justify;\">Maria Diana Popescu, Agero<\/p>\n<p style=\"text-align: justify;\"><a href=\"http:\/\/www.agero-stuttgart.de\/\"> www.agero-stuttgart.de<\/a><\/p>\n","protected":false},"excerpt":{"rendered":"<p>Ce minuni au f\u0103cut juc\u0103torii cu experien\u0163\u0103 ai scenei politice la inunda\u0163iile de Pa\u015fti? C\u00eend \u015fuvoaiele au luat pe nepreg\u0103tite [&#038;hellip<\/p>\n","protected":false},"author":1,"featured_media":0,"comment_status":"closed","ping_status":"closed","sticky":false,"template":"","format":"standard","meta":{"footnotes":""},"categories":[3,6],"tags":[],"class_list":["post-18239","post","type-post","status-publish","format-standard","hentry","category-articole","category-linkuri-externe"],"_links":{"self":[{"href":"https:\/\/www.marianagurza.ro\/blog\/wp-json\/wp\/v2\/posts\/18239","targetHints":{"allow":["GET"]}}],"collection":[{"href":"https:\/\/www.marianagurza.ro\/blog\/wp-json\/wp\/v2\/posts"}],"about":[{"href":"https:\/\/www.marianagurza.ro\/blog\/wp-json\/wp\/v2\/types\/post"}],"author":[{"embeddable":true,"href":"https:\/\/www.marianagurza.ro\/blog\/wp-json\/wp\/v2\/users\/1"}],"replies":[{"embeddable":true,"href":"https:\/\/www.marianagurza.ro\/blog\/wp-json\/wp\/v2\/comments?post=18239"}],"version-history":[{"count":2,"href":"https:\/\/www.marianagurza.ro\/blog\/wp-json\/wp\/v2\/posts\/18239\/revisions"}],"predecessor-version":[{"id":18242,"href":"https:\/\/www.marianagurza.ro\/blog\/wp-json\/wp\/v2\/posts\/18239\/revisions\/18242"}],"wp:attachment":[{"href":"https:\/\/www.marianagurza.ro\/blog\/wp-json\/wp\/v2\/media?parent=18239"}],"wp:term":[{"taxonomy":"category","embeddable":true,"href":"https:\/\/www.marianagurza.ro\/blog\/wp-json\/wp\/v2\/categories?post=18239"},{"taxonomy":"post_tag","embeddable":true,"href":"https:\/\/www.marianagurza.ro\/blog\/wp-json\/wp\/v2\/tags?post=18239"}],"curies":[{"name":"wp","href":"https:\/\/api.w.org\/{rel}","templated":true}]}}