{"id":18245,"date":"2014-04-29T07:26:29","date_gmt":"2014-04-29T07:26:29","guid":{"rendered":"http:\/\/www.marianagurza.ro\/blog\/?p=18245"},"modified":"2014-05-02T17:44:13","modified_gmt":"2014-05-02T17:44:13","slug":"george-astalos-plecat-in-marea-calatorie","status":"publish","type":"post","link":"https:\/\/www.marianagurza.ro\/blog\/2014\/04\/29\/george-astalos-plecat-in-marea-calatorie\/","title":{"rendered":"George Astalo\u015f, plecat \u00een marea c\u0103l\u0103torie&#8230;"},"content":{"rendered":"<p style=\"text-align: center;\"><a href=\"http:\/\/www.marianagurza.ro\/blog\/wp-content\/uploads\/2014\/04\/george-astalos.jpg\"><img loading=\"lazy\" decoding=\"async\" class=\"size-medium wp-image-18246\" title=\"george-astalos\" src=\"http:\/\/www.marianagurza.ro\/blog\/wp-content\/uploads\/2014\/04\/george-astalos-238x300.jpg\" alt=\"\" width=\"238\" height=\"300\" srcset=\"https:\/\/www.marianagurza.ro\/blog\/wp-content\/uploads\/2014\/04\/george-astalos-238x300.jpg 238w, https:\/\/www.marianagurza.ro\/blog\/wp-content\/uploads\/2014\/04\/george-astalos.jpg 450w\" sizes=\"auto, (max-width: 238px) 100vw, 238px\" \/><\/a><\/p>\n<p style=\"text-align: center;\"><strong>George Astalo<\/strong><strong>\u0219<\/strong><\/p>\n<p style=\"text-align: center;\"><em>4 Octombrie 1933 &#8211; 27 Aprilie 2014<\/em><\/p>\n<p style=\"text-align: justify;\"><strong>,,Dramaturgul, poetul <\/strong><strong>\u0219<\/strong><strong>i prozatorul George Astalo<\/strong><strong>\u0219<\/strong><strong> a murit luni la v\u00e2rsta de 80 de ani. Piesele marelui dramaturg, care a fost <\/strong><strong>\u0219<\/strong><strong>i redactor-<\/strong><strong>\u0219<\/strong><strong>ef al publica<\/strong><strong>\u021b<\/strong><strong>iei \u201dNouvelle Europe\u201d din 1972, au fost jucate \u00een toate marile teatre din str\u0103in\u0103tate, iar c\u0103r<\/strong><strong>\u021b<\/strong><strong>ile sale au fost traduse cu regularitate \u00een Europa Occidental\u0103 <\/strong><strong>\u0219<\/strong><strong>i America de Nord. Bucure<\/strong><strong>\u0219<\/strong><strong>teanul n\u0103scut \u00een data de 4 octombrie 1933 a devenit cet\u0103<\/strong><strong>\u021b<\/strong><strong>ean francez \u00een 1976 <\/strong><strong>\u0219<\/strong><strong>i a fost inclus \u00een numeroase antologii de piese de teatru <\/strong><strong>\u0219<\/strong><strong>i de poezie \u00een Europa <\/strong><strong>\u0219<\/strong><strong>i peste Ocean, fiind considerat de acela<\/strong><strong>\u0219<\/strong><strong>i calibru ca Samuel Beckett, ori Eugen Ionesco.\u00cen vara anului trecut a fost onorat cu titlul de Cavaler al Ordinului Artelor \u015fi Literelor, \u00een Fran<\/strong><strong>\u021b<\/strong><strong>a, una dintre cele mai prestigioase decora<\/strong><strong>\u021b<\/strong><strong>ii culturale acordate de autorit\u0103<\/strong><strong>\u021b<\/strong><strong>ilor de la Paris, iar \u00een 2011 a fost nominalizat la Premiul Nobel pentru Literatur\u0103. \u00cen ultimii ani de via<\/strong><strong>\u021b<\/strong><strong>\u0103 a tr\u0103it, al\u0103turi de so<\/strong><strong>\u021b<\/strong><strong>ia sa, H\u00e9l\u00e8ne, aproape de Parcul Ci\u015fmigiu.&#8221; <\/strong>George Anca.<strong><br \/>\n<\/strong><\/p>\n<p><strong><em>\u00a0\u00a0\u00a0 Exil<\/em><\/strong><\/p>\n<p><em>e timpul sa plecam<\/em><br \/>\n<em>iubito<\/em><br \/>\n<em>sa parasim aceste ape tulburi<\/em><br \/>\n<em>cu pestii lor retorici<\/em><br \/>\n<em>ce pretind<\/em><br \/>\n<em>c-ar fi chemati<\/em><br \/>\n<em>sa balbaie destine<\/em><\/p>\n<p><em>si sa ne raspandim<\/em><br \/>\n<em>in lungi migratii<\/em><br \/>\n<em>exod bogat spre alte rivere<\/em><br \/>\n<em>cu ape dulci<\/em><\/p>\n<p><em>si pesti esentiali<\/em><\/p>\n<p>&nbsp;<\/p>\n<p><strong>\u00a0\u00a0\u00a0\u00a0\u00a0 George Astalo\u015f<\/strong><\/p>\n","protected":false},"excerpt":{"rendered":"<p>George Astalo\u0219 4 Octombrie 1933 &#8211; 27 Aprilie 2014 ,,Dramaturgul, poetul \u0219i prozatorul George Astalo\u0219 a murit luni la v\u00e2rsta [&#038;hellip<\/p>\n","protected":false},"author":1,"featured_media":0,"comment_status":"closed","ping_status":"closed","sticky":false,"template":"","format":"standard","meta":{"footnotes":""},"categories":[3],"tags":[],"class_list":["post-18245","post","type-post","status-publish","format-standard","hentry","category-articole"],"_links":{"self":[{"href":"https:\/\/www.marianagurza.ro\/blog\/wp-json\/wp\/v2\/posts\/18245","targetHints":{"allow":["GET"]}}],"collection":[{"href":"https:\/\/www.marianagurza.ro\/blog\/wp-json\/wp\/v2\/posts"}],"about":[{"href":"https:\/\/www.marianagurza.ro\/blog\/wp-json\/wp\/v2\/types\/post"}],"author":[{"embeddable":true,"href":"https:\/\/www.marianagurza.ro\/blog\/wp-json\/wp\/v2\/users\/1"}],"replies":[{"embeddable":true,"href":"https:\/\/www.marianagurza.ro\/blog\/wp-json\/wp\/v2\/comments?post=18245"}],"version-history":[{"count":4,"href":"https:\/\/www.marianagurza.ro\/blog\/wp-json\/wp\/v2\/posts\/18245\/revisions"}],"predecessor-version":[{"id":18248,"href":"https:\/\/www.marianagurza.ro\/blog\/wp-json\/wp\/v2\/posts\/18245\/revisions\/18248"}],"wp:attachment":[{"href":"https:\/\/www.marianagurza.ro\/blog\/wp-json\/wp\/v2\/media?parent=18245"}],"wp:term":[{"taxonomy":"category","embeddable":true,"href":"https:\/\/www.marianagurza.ro\/blog\/wp-json\/wp\/v2\/categories?post=18245"},{"taxonomy":"post_tag","embeddable":true,"href":"https:\/\/www.marianagurza.ro\/blog\/wp-json\/wp\/v2\/tags?post=18245"}],"curies":[{"name":"wp","href":"https:\/\/api.w.org\/{rel}","templated":true}]}}