{"id":18260,"date":"2014-04-29T18:32:42","date_gmt":"2014-04-29T18:32:42","guid":{"rendered":"http:\/\/www.marianagurza.ro\/blog\/?p=18260"},"modified":"2014-04-29T18:42:08","modified_gmt":"2014-04-29T18:42:08","slug":"%e2%80%9cne-vom-intoarce-intr-o-zi%e2%80%9d-parintele-justin-despre-marturisitorul-radu-gyr","status":"publish","type":"post","link":"https:\/\/www.marianagurza.ro\/blog\/2014\/04\/29\/%e2%80%9cne-vom-intoarce-intr-o-zi%e2%80%9d-parintele-justin-despre-marturisitorul-radu-gyr\/","title":{"rendered":"\u201cNe vom \u00eentoarce \u00eentr-o zi\u201d. P\u0103rintele Justin despre M\u0103rturisitorul Radu Gyr"},"content":{"rendered":"<p style=\"text-align: center;\"><a href=\"http:\/\/www.marianagurza.ro\/blog\/wp-content\/uploads\/2014\/04\/radu-gyr.jpg\"><img loading=\"lazy\" decoding=\"async\" class=\"size-medium wp-image-18261\" title=\"radu gyr\" src=\"http:\/\/www.marianagurza.ro\/blog\/wp-content\/uploads\/2014\/04\/radu-gyr-220x300.jpg\" alt=\"\" width=\"220\" height=\"300\" srcset=\"https:\/\/www.marianagurza.ro\/blog\/wp-content\/uploads\/2014\/04\/radu-gyr-220x300.jpg 220w, https:\/\/www.marianagurza.ro\/blog\/wp-content\/uploads\/2014\/04\/radu-gyr.jpg 702w\" sizes=\"auto, (max-width: 220px) 100vw, 220px\" \/><\/a><\/p>\n<p style=\"text-align: center;\"><strong>(2 martie 1905 \u2013 29 aprilie 1975)<\/strong><\/p>\n<p><strong>IMN\u00a0 MOR\u0162ILOR<\/strong><\/p>\n<p><strong>\u00a0<\/strong><\/p>\n<p>&nbsp;<\/p>\n<p><em>Morminte dragi, lumin\u0103 vie,<\/em><br \/>\n<em>sporite-ntruna an de an,<\/em><br \/>\n<em>noi v-auzim curg\u00e2nd sub glie<\/em><br \/>\n<em>ca un \u015fuvoi subp\u0103m\u00e2ntean.<\/em><br \/>\n<em>A<\/em><em>\u021bi luminat cu jertfe sfinte<\/em><br \/>\n<em>p\u0103m\u00e2ntul p\u00e2n\u0103-n temelii,<\/em><br \/>\n<em>c\u0103 <\/em><em>\u021bara arde de morminte<\/em><br \/>\n<em>cum arde cerul de f\u0103clii.<\/em><\/p>\n<p>&nbsp;<\/p>\n<p><em>Ascunse-n lut ca o comoar\u0103,<\/em><br \/>\n<em>morminte vechi, morminte noi,<\/em><br \/>\n<em>de vi se pierde urma-n <\/em><em>\u021bar\u0103,<\/em><br \/>\n<em>v-o reg\u0103sim mereu \u00een noi.<\/em><br \/>\n<em>De vi s-au smuls \u015fi flori, \u015fi cruce,<\/em><br \/>\n<em>\u015fi dac\u0103 locul nu vi-l \u015ftim,<\/em><br \/>\n<em>tot g\u00e2ndul nostru-n veac v-aduce<\/em><br \/>\n<em>\u00eengenunchieri de heruvim.<\/em><\/p>\n<p>&nbsp;<\/p>\n<p><em>Mor<\/em><em>\u021bi sfin<\/em><em>\u021bi \u00een temni<\/em><em>\u021bi \u015fi prigoane,<\/em><br \/>\n<em>mor<\/em><em>\u021bi sfin<\/em><em>\u021bi \u00een lupte \u015fi furtuni,<\/em><br \/>\n<em>noi ne-am f\u0103cut din voi icoane<\/em><br \/>\n<em>\u015fi v\u0103 purt\u0103m pe frun<\/em><em>\u021bi cununi.<\/em><br \/>\n<em>Nu pl\u00e2ngem lacrim\u0103 de s\u00e2nge,<\/em><br \/>\n<em>ci ne m\u00e2ndrim cu-at\u00e2<\/em><em>\u021bi eroi.<\/em><br \/>\n<em>Nu, neamul nostru nu v\u0103 pl\u00e2nge,<\/em><br \/>\n<em>ci se cuminec\u0103 prin voi.<\/em><\/p>\n<p><em>\u00a0<\/em><\/p>\n<p><em><strong>Radu Gyr<\/strong><\/em><\/p>\n<p>&nbsp;<\/p>\n<p>&nbsp;<\/p>\n<p>Integral la <strong><a href=\"http:\/\/www.marturisitorii.ro\/2014\/03\/02\/fericitul-radu-gyr-poetul-mucenic-care-l-a-coborat-pe-iisus-in-celula-pentru-camarazii-sai-de-suferinta-2-martie-1905-29-aprilie-1975\/\">MARTURISITORII: Fericitul Radu Gyr, poetul-mucenic care l-a cobor\u00e2t pe Iisus \u00een celul\u0103 pentru camarazii s\u0103i de suferin\u021b\u0103 (2 martie 1905 \u2013 29 aprilie 1975)<\/a><\/strong><\/p>\n<p><a href=\"http:\/\/manastirea.petru-voda.ro\/2014\/04\/29\/la-pomenirea-lui-radu-gyr-apostol-si-evanghelist-in-inchisorile-antihriste-2-03-1905-29-04-1975\/\">http:\/\/manastirea.petru-voda.ro\/2014\/04\/29\/la-pomenirea-lui-radu-gyr-apostol-si-evanghelist-in-inchisorile-antihriste-2-03-1905-29-04-1975\/<\/a><\/p>\n<p>Via <a href=\"http:\/\/roncea.ro\/\" target=\"_blank\">Victor Roncea<\/a><strong><\/strong><\/p>\n","protected":false},"excerpt":{"rendered":"<p>(2 martie 1905 \u2013 29 aprilie 1975) IMN\u00a0 MOR\u0162ILOR \u00a0 &nbsp; Morminte dragi, lumin\u0103 vie, sporite-ntruna an de an, noi [&#038;hellip<\/p>\n","protected":false},"author":1,"featured_media":0,"comment_status":"closed","ping_status":"closed","sticky":false,"template":"","format":"standard","meta":{"footnotes":""},"categories":[3,6],"tags":[],"class_list":["post-18260","post","type-post","status-publish","format-standard","hentry","category-articole","category-linkuri-externe"],"_links":{"self":[{"href":"https:\/\/www.marianagurza.ro\/blog\/wp-json\/wp\/v2\/posts\/18260","targetHints":{"allow":["GET"]}}],"collection":[{"href":"https:\/\/www.marianagurza.ro\/blog\/wp-json\/wp\/v2\/posts"}],"about":[{"href":"https:\/\/www.marianagurza.ro\/blog\/wp-json\/wp\/v2\/types\/post"}],"author":[{"embeddable":true,"href":"https:\/\/www.marianagurza.ro\/blog\/wp-json\/wp\/v2\/users\/1"}],"replies":[{"embeddable":true,"href":"https:\/\/www.marianagurza.ro\/blog\/wp-json\/wp\/v2\/comments?post=18260"}],"version-history":[{"count":5,"href":"https:\/\/www.marianagurza.ro\/blog\/wp-json\/wp\/v2\/posts\/18260\/revisions"}],"predecessor-version":[{"id":18264,"href":"https:\/\/www.marianagurza.ro\/blog\/wp-json\/wp\/v2\/posts\/18260\/revisions\/18264"}],"wp:attachment":[{"href":"https:\/\/www.marianagurza.ro\/blog\/wp-json\/wp\/v2\/media?parent=18260"}],"wp:term":[{"taxonomy":"category","embeddable":true,"href":"https:\/\/www.marianagurza.ro\/blog\/wp-json\/wp\/v2\/categories?post=18260"},{"taxonomy":"post_tag","embeddable":true,"href":"https:\/\/www.marianagurza.ro\/blog\/wp-json\/wp\/v2\/tags?post=18260"}],"curies":[{"name":"wp","href":"https:\/\/api.w.org\/{rel}","templated":true}]}}