{"id":18267,"date":"2014-04-30T17:52:28","date_gmt":"2014-04-30T17:52:28","guid":{"rendered":"http:\/\/www.marianagurza.ro\/blog\/?p=18267"},"modified":"2014-04-30T17:56:09","modified_gmt":"2014-04-30T17:56:09","slug":"voluntarii-ardeleni-si-bucovineni-pregatindu-se-pentru-ceasul-cel-mare-pentru-unitatea-sufleteasca-a-romanilor-din-1918","status":"publish","type":"post","link":"https:\/\/www.marianagurza.ro\/blog\/2014\/04\/30\/voluntarii-ardeleni-si-bucovineni-pregatindu-se-pentru-ceasul-cel-mare-pentru-unitatea-sufleteasca-a-romanilor-din-1918\/","title":{"rendered":"Voluntarii ardeleni \u015fi bucovineni, preg\u0103tindu-se pentru ceasul cel mare: Marea Unire din 1918"},"content":{"rendered":"<p><em><img decoding=\"async\" class=\"alignleft\" src=\"http:\/\/melidoniumm.files.wordpress.com\/2013\/04\/romania-mare.jpg?w=640\" alt=\"Romania mare\" \/>24 Octombrie <\/em><\/p>\n<p style=\"text-align: justify;\">Zi \u00eensemnat\u0103. \u201eFedera\u0163ia Unionist\u0103\u201d a \u0163inut o mare adunare \u00een sala \u201eDacia\u201d din Bucure\u015fti, la care am luat parte \u015fi eu. Au rostit cuv\u00e2nt\u0103ri \u00eenfl\u0103c\u0103rate Delavrancea, Take Ionescu, Grigore Filipescu, Octavian Goga, p\u0103rintele Lucaciu \u015fi al\u0163ii, cer\u00e2nd imediata intrare \u00een ac\u0163iune al\u0103turi de \u00cemp\u0103trita \u00cen\u0163elegere. Dup\u0103 adunare a urmat o manifesta\u0163ie frumoas\u0103 pe str\u0103zi. Autorit\u0103\u0163ile intervenind pentru men\u0163inerea ordinei, s-au produs ciocniri \u015fi busculade serioase. <strong>Manifestan\u0163ii au fost, fire\u015fte, \u015fi pribegi din Ardeal \u015fi Bucovina.<\/strong><\/p>\n<p style=\"text-align: justify;\"><strong>Voluntarii ardeleni \u015fi bucovineni, cari prin gestul lor hot\u0103r\u00e2t de patriotism curat \u015fi sincer, d\u0103dur\u0103 lumii dovad\u0103 str\u0103lucit\u0103 pentru unitatea sufleteasc\u0103 a Rom\u00e2nilor de pe ambele versante ale Carpa\u0163ilor, au fost incartirui\u0163i \u00een 1917 pentru organizare \u015fi instruire \u00een taberele din satele Cepleni\u0163a, Buhalni\u0163a \u015fi Deleni din jurul or\u0103\u015felului H\u00e2rl\u0103u. Acolo se \u00eenfiin\u0163ar\u0103 cele trei regimente de voluntari ardeleni \u015fi bucovineni: 1 Turda, 2 Alba-Iulia \u015fi 3 Avram Iancu, sub comanda d-lui colonel Olteanu, ast\u0103zi distins general. \u00cen \u00eemprejurimile H\u00e2rl\u0103ului voluntarii rom\u00e2ni au fost instrui\u0163i luni dear\u00e2ndul de c\u0103tre ofi\u0163erii rom\u00e2ni, preg\u0103tindu-se pentru ceasul cel mare care avea s\u0103 soseasc\u0103.<\/strong><\/p>\n<p style=\"text-align: justify;\"><strong>\u00cen Decembrie 1917 sosi la corpul voluntarilor un grup de c\u0103rturari ardeleni \u015fi bucovineni, voluntari \u015fi ei, cari absolviser\u0103 instruc\u0163ia \u00een \u015fcoala militar\u0103 din Boto\u015fani \u00een compania de voluntari de sub comanda c\u0103pitanului Beldiceanu.<\/strong> Nouii elevi plotonieri fur\u0103 \u00eentrebuin\u0163a\u0163i la deprinderea solda\u0163ilor voluntari cu metoda de lupt\u0103 dup\u0103 instruc\u0163ia rom\u00e2neasc\u0103. Voluntarii avur\u0103, \u00eentre altele, \u00eens\u0103rcinarea s\u0103 p\u0103zeasc\u0103 \u015fi s\u0103 men\u0163ie \u00een acea parte a \u0163\u0103rii ordinea periclitat\u0103 de armatele ruse\u015fti care se g\u0103seau \u00een plin\u0103 debandad\u0103.<\/p>\n<p style=\"text-align: justify;\">Prin luna Martie 1918 mai mul\u0163i elevi \u015fi solda\u0163i am fost trimi\u015fi, dup\u0103 o alegere f\u0103cut\u0103 de c\u0103tre comandan\u0163ii de batalioane, la \u015fcoala special\u0103 de mitraliere din Ia\u015fi. Ne g\u0103seam sub mistica triunghiului mor\u0163ii, care ni se aciuase \u00een suflet. Cu at\u00e2t mai v\u00e2rtos st\u0103ruiam s\u0103 ne preg\u0103tim c\u00e2t mai bine pentru \u00eemplinirea datoriei, muncind de zor. Abia ajunsesem s\u0103 m\u00e2nuim bine la \u015fcoala din Ia\u015fi mitralierele \u015fi grenadele, c\u00e2nd sosi un ordin de rechemarea noastr\u0103 la corp. <strong>\u00cen acela\u015fi timp veni ca un tr\u0103snet \u015fi vestea despre \u00eencheierea p\u0103cii de la Buftea, care rupsese f\u0103\u015fii din trupul s\u00e2nger\u00e2nd al \u0162\u0103rii, mut\u00e2nd bourii de pe locul unde str\u0103juiser\u0103 mai multe veacuri.<\/strong><\/p>\n<p style=\"text-align: justify;\">\u00cen Ia\u015fi aflar\u0103m c\u0103 <strong>una din condi\u0163iunile p\u0103cii de la Buftea este \u015fi disolvarea corpului de voluntari, a c\u0103ror extr\u0103dare o ceruse du\u015fmanul<\/strong>. C\u00e2nd zvonurile deslu\u015fir\u0103 tot mai mult condi\u0163iunile p\u0103cii de la Buftea, o jale de nedescris se las\u0103 pe sufletele voluntarilor. Nu puteau \u00een\u0163elege aceast\u0103 pr\u0103pastie ce suhnise at\u00e2t de dureros \u00eentre realitate \u015fi visul lor alintat de un \u015fir de genera\u0163ii. Lovitura venise cu at\u00e2ta cruzime, \u00eenc\u00e2t voluntarii la \u00eenceput nici nu credeau c\u0103 se d\u0103r\u00e2mase pentru o clip\u0103, visul cel mai scump al neamului.<\/p>\n<p style=\"text-align: justify;\">Pe o noapte neagr\u0103 \u015fi p\u00e2cloas\u0103 cobor\u00e2r\u0103m spre gara Ia\u015fi pentru \u00eemb\u0103rcarea.\u00cen ora\u015ful ab\u0103tut nu \u00eent\u00e2lneam dec\u00e2t patrule \u015fi sentinele. \u00cen atmosfer\u0103 pluteau parc\u0103 sufletele celor 800 de mii solda\u0163i cari ne \u015fopteau c\u0103 ei nu \u00eenz\u0103d\u0103r \u00eengr\u0103\u015far\u0103 p\u0103m\u00e2ntul \u0163\u0103rii cu s\u00e2ngele lor. \u00cen clipele acelea de grea cump\u0103n\u0103 pentru \u0162ar\u0103 desperarea \u015fi obida era mare, dar \u00eencrederea \u00een dreptatea imanent\u0103 nu disp\u0103ruse. \u00cen gara Ia\u015fi voluntarii deprima\u0163i \u00eencepur\u0103 s\u0103-\u015fi descarce aleanul, c\u00e2nt\u00e2nd doine tr\u0103g\u0103nate. <strong>\u00cen noaptea ceea r\u0103sunar\u0103 \u00een capitala Moldovei doinele ardelene\u015fti, frumoase \u015fi fermec\u0103toare, r\u0103sunar\u0103 c\u00e2ntate cu mare foc de voluntarii st\u00e2n\u015fi de dorul dup\u0103 Ardeal \u015fi Bucovina.<\/strong> Un sergent distins pentru acte de mare bravur\u0103 a c\u00e2ntat, \u00eenconjurat de un grup de voluntari cari \u00eel acompaniau, <strong>o doin\u0103 care se aude \u00een Ardeal :<\/strong><\/p>\n<p style=\"text-align: justify;\"><em>De-ar fi tr\u0103snit Dumnezeu<\/em><\/p>\n<p style=\"text-align: justify;\"><em>Muntele de la Bra\u015f\u0103u<\/em><\/p>\n<p style=\"text-align: justify;\"><em>Talpa leag\u0103nului meu,<\/em><\/p>\n<p style=\"text-align: justify;\"><em>S\u0103 nu se legene nime,<\/em><\/p>\n<p style=\"text-align: justify;\"><em>Om nefericit ca mine,<\/em><\/p>\n<p style=\"text-align: justify;\"><em>C\u0103 n-am avut nici un bine<\/em>.<\/p>\n<p style=\"text-align: justify;\"><strong>\u00a0<\/strong><\/p>\n<p style=\"text-align: justify;\">Ajun\u015fi la H\u00e2rl\u0103u, aflar\u0103m despre disolvarea definitiv\u0103 a corpului de voluntari. \u015etirea aceasta o primir\u0103m chiar \u00een S\u0103pt\u0103m\u00e2na Patimilor. La desp\u0103r\u0163ire d-nul general Olteanu \u00eentr-o cuv\u00e2ntare \u00eenfl\u0103c\u0103rat\u0103 ne-a \u00eencurajat s\u0103 \u0163inem sus frun\u0163ile, \u00een\u00a0 b\u0103t\u0103tura de la H\u00e2rl\u0103u voluntarii urm\u00e2nd \u00een cur\u00e2nd s\u0103 se adune iar\u0103\u015fi spre a purcede s\u0103 sfarme pentru vecie c\u0103tu\u015fele robiei.<\/p>\n<p style=\"text-align: justify;\">Voluntarii se r\u0103sp\u00e2ndir\u0103 \u00een toate p\u0103r\u0163ile \u00een preajma Pa\u015ftilor din 1918, sper\u00e2nd \u00een dezolarea lor s\u0103-\u015fi afle un rost pe lume. Unii ofi\u0163eri cum au fost Ghi\u015fa, Bufnea \u015f.a., au \u00eenfruntat toate pericolele strecur\u00e2ndu-se printre armatele bol\u015fevice din Rusia p\u00e2n\u0103 \u00een fundul Siberiei la legiunea cehoslovac\u0103-rom\u00e2n\u0103, unde au luptat viteje\u015fte \u00eempotriva armatelor bol\u015fevice.<\/p>\n<p style=\"text-align: justify;\">Ofi\u0163erul bucovinean Pi\u0163ul sub numele de Petaleanu, la demobilizare \u00een 1918 a plecat cu regimental s\u0103u \u00een Capitala ocupat\u0103 \u00eenc\u0103 de inamic, expun\u00e2ndu-se pericolului de moarte, numai ca s\u0103 contribue \u015fi el la ridicarea moralului sc\u0103zut al camarazilor s\u0103i din cauza p\u0103cii de la Buftea. Inamicul german, afl\u00e2nd c\u0103 ofi\u0163erul Pi\u0163ul este de fapt fost supus austriac, luase hot\u0103r\u00e2rea s\u0103-l extr\u0103deze autorit\u0103\u0163ilor austriace. Soarta a voit ca tocmai atunci s\u0103 se produc\u0103 pr\u0103bu\u015firea armatelor centrale, \u00eenc\u00e2t ofi\u0163erul bucovinean a putut sc\u0103pa cu via\u0163\u0103.<\/p>\n<p style=\"text-align: justify;\" align=\"center\">*\u00a0\u00a0\u00a0\u00a0\u00a0\u00a0\u00a0\u00a0 *<\/p>\n<p style=\"text-align: justify;\" align=\"center\">*<\/p>\n<p style=\"text-align: justify;\">E luna Mai din 1918. \u00cen Basarabia din pricina z\u0103pu\u015felii ce nu mai contene\u015fte, iarba este uscat\u0103 sfarog, holdele sunt \u00eenchircite, iar frunza porumbului e ars\u0103 \u015fi adus\u0103 de margini \u00een lupt\u0103 cu seceta. Albastrul z\u0103rilor este sp\u0103l\u0103cit \u015fi c\u00e2t cuprinzi cu ochii, \u00een toate p\u0103r\u0163ile, nici o pat\u0103 de nour nu vezi mijind. Doar c\u00e2te un v\u00e2rtej de praf, r\u0103scolit de tr\u0103surile de pe drumuri, se ridic\u0103 cenu\u015fiu \u00een aer\u2026.<\/p>\n<p style=\"text-align: justify;\">Peste meleagurile Tighinii se las\u0103 amurgul cu farmecul \u015fi r\u0103coarea a\u015fteptat\u0103. Verdele fraged al naturii \u00ee\u015fi pierde, treptat, tonul \u015fi melancholia vioriului se a\u015fterne peste toate.<\/p>\n<p style=\"text-align: justify;\">Spre apus de Tighina se-ntinde satul Borisovca. Sunt pu\u0163ini Moldovenii din el. \u00cen satul acesta s-au dat lupte cr\u00e2ncene \u00eentre Rom\u00e2ni \u015fi bol\u015fevici, pentru ocuparea Tighinii. Cetatea din Tighina era un puternic punct de sprijin pentru for\u0163ele bol\u015fevice \u015fi nu f\u0103r\u0103 jertfe a putut fi luat\u0103 de soldatul roman. Locurile acelea sunt stropite cu s\u00e2nge de al soldatului nostru, sunt sfin\u0163ite cu s\u00e2ngele s\u0103u v\u0103rsat \u00een iure\u015f vitejesc, pentru a readuce la mo\u015fia noastr\u0103 Basarabia, bogatul ogor al Basarabiei, r\u0103\u015fluit pe nedrept de Ru\u015fi. \u015ei nu po\u0163i trece f\u0103r\u0103 s\u0103 nut e \u00eenfiori, pe l\u00e2ng\u0103 brazda \u00eenc\u0103 proasp\u0103t\u0103 de pe morm\u00e2ntul acelora, care \u015fi-au pus tot sufletul \u00een faptele lor, ca p\u0103m\u00e2ntul str\u0103juit \u015fi ap\u0103rat cu \u00eend\u00e2rjire de arca\u015fii lui \u015etefan cel Mare s\u0103 fie readus sub obl\u0103duirea noastr\u0103.<\/p>\n<p style=\"text-align: justify;\">St\u0103p\u00e2nit de g\u00e2nduri negre \u2013 abia se \u00eencheiase pacea de la Bucure\u015fti \u2013 m\u0103 pornesc, a\u015fa f\u0103r\u0103 \u0163int\u0103, pe \u015foseaua ce duce spre Bolboaca. Eram probeag \u015fi doar g\u00e2ndurile \u00eemi \u0163ineau de ur\u00e2t, nu mai g\u00e2ndurile \u00een acele momente \u00eemi d\u0103deau m\u00e2ng\u00e2iere \u015fi for\u0163\u0103, s\u0103-mi port,\u00a0 cu fruntea sus, crucea ce ap\u0103sa greu pe umeri. \u00cen acel asfin\u0163it de soare am luat-o singur prin sat \u00een sus \u2013 lucru cu care m\u0103 \u00eendeletniceam adesea. Aveam o ocupa\u0163ie pl\u0103cut\u0103, c\u00e2nd stam s\u0103 privesc, sub feluritele ei fe\u0163e, via\u0163a, v\u00e2ltoarea vie\u0163ii ce se str\u0103duia s\u0103 spele petele ro\u015fii de s\u00e2nge, l\u0103sate de r\u0103sboiu, dar care \u00eend\u0103r\u0103tnice, nu-\u015fi \u015ftergeau urma, vr\u00e2nd parc\u0103 anume s\u0103 sape c\u00e2t mai ad\u00e2nc \u00een creer p\u0103catul pe care-l tr\u0103ise omenirea.<\/p>\n<p style=\"text-align: justify;\">Ori unde \u00eemi aruncam privirea, vedeam urme de ale r\u0103sboiului: case pustii cu acoperi\u015ful scrijelat, schelete \u00eemprietenite cu buc\u0103\u0163i de abuz la margine de drum, pomi cu tulpina retezat\u0103 sau cioplit\u0103 de o\u0163elul tunului, s\u0103r\u0103cie \u00een ogr\u0103zi, livezi t\u0103iate de tran\u015fee, cruci pres\u0103rate prin sat, cai numai oase.<\/p>\n<p style=\"text-align: justify;\">Stihiile r\u0103sboiului \u00ee\u015fi puseser\u0103 \u015fi-n acele p\u0103r\u0163i pecetea. Ici-colo vedeai c\u00e2te un gospodar batr\u00e2n care se trudea s\u0103 dreag\u0103 ce bruma \u00eei mai r\u0103m\u0103sese pe urma furiilor r\u0103sboiului. Sudorile amestecate cu lacrimi, paloarea de pe fa\u0163\u0103, crisparea buzelor, ochii nec\u0103ji\u0163i \u00ee\u0163i spuneau de durerea unui om care \u00ee\u015fi vede la b\u0103tr\u00e2ne\u0163e p\u0103r\u0103duit\u0103 munca de o via\u0163\u0103 \u00eentreag\u0103. Munca ! Ce t\u00e2lc dureros are ea pentru \u0163\u0103ranul harnic ! Un lucru pe care l-a agonisit \u00een sudori, este crescut, oarecum, \u00een sufletul \u0163\u0103ranului. De aceea c\u00e2nd \u00eei este smuls, i se duce \u015fi o parte din sufletul s\u0103u cu acel lucru.<\/p>\n<p style=\"text-align: justify;\">Cum p\u0103\u015feam pe drum, un c\u00e2ntec frumos a-nfiorat t\u0103cerea serii ce se l\u0103sase de-abinelea. C\u00e2ntecul venea din sus, dinspre \u0163arin\u0103, \u015fi se deslu\u015fea din ce \u00een ce mai bine. Era at\u00e2ta duio\u015fie \u00een el, at\u00e2t alean stingher, c\u0103 m-am oprit locului s\u0103-l ascult. Se cuno\u015ftea c\u0103 nu era c\u00e2ntec rom\u00e2nesc. Rusoaice veneau cu sapa de-a um\u0103ru de la pra\u015fil\u0103. Un ciopor de fete se desf\u0103\u015furase de-acurmezi\u015ful drumului \u015fi se mi\u015fc\u0103 alene c\u00e2nt\u00e2nd \u00een dou\u0103 voci, prin mijlocul satului. E\u015fiau femeile la por\u0163i de ascultau \u00eempietrite acel c\u00e2ntec de jale.<\/p>\n<p style=\"text-align: justify;\">C\u00e2ntecul de mult se pierduse \u00een vale ci eu tot stam pe loc ascult\u00e2nd melodia ce-mi r\u0103mase \u00een auz. \u015ei mult\u0103 vreme m-a urm\u0103rit acea vraj\u0103 a c\u00e2ntecului de step\u0103. Se n\u0103scuse \u00een pustiul stepei, c\u0103ci tr\u0103g\u0103n\u0103rile lui prelungi \u015fi stridente aminteau imensitatea stepii cu monotonia obositoare. Acolo pe step\u0103, \u00een c\u00e2ntece de acestea \u00ee\u015fi vars\u0103 amarul inimii cazacii. \u015ei cum vremurile au urzit ca straja Moldovei de la Nistru s\u0103 dea p\u00e2n\u0103 la Prut, l\u0103s\u00e2nd cu nest\u00e2ns\u0103 durere o parte din hotar \u00een sama str\u0103inului, acesta h\u00e2lpav s-a sfor\u0163at s\u0103 dea cu sila acelui col\u0163 de Moldov\u0103 tiparul s\u0103u, felul de via\u0163\u0103 al s\u0103u.<\/p>\n<p style=\"text-align: justify;\">Dar duhul acelora cari dorm somnul de veci \u00een acel p\u0103m\u00e2nt, s-a \u00eempotrivit opintirilor du\u015fmanului. \u015ei cu toate c\u0103 acesta a gospod\u0103rit, dup\u0103 n\u0103ravul s\u0103u, un veac \u015fi mai bine \u00eentre Prut \u015fi Nistru, nimic nu l-a ispitit pe Moldovean s\u0103-\u015fi schimbe datinile. Moldoveanul legat de glie a r\u0103mas acela\u015f. C\u00e2ntecul s\u0103u de jale nu l-a dat pe c\u00e2ntecele ruse\u015fti.<\/p>\n<p style=\"text-align: justify;\">De departe, din fundurile Ucrainei, luna \u00ee\u015fi ar\u0103ta discul ro\u015fu, \u00eenv\u0103luind \u00een tain\u0103 satul. La tab\u0103ra de l\u00e2ng\u0103 cetate solda\u0163ii dorm \u00een jurul vetrelor de foc. De undeva se desprinde o doin\u0103 olteneasc\u0103, zis\u0103 din caval. Nimic nu se mi\u015fc\u0103, drumurile sunt pustii, doar vre-un c\u00e2ine latr\u0103 din cand \u00een c\u00e2nd. Pe coama cet\u0103\u0163ii Tighina, m\u00e2ndru, cu arma la um\u0103r, p\u0103\u015fe\u015fte soldatul rom\u00e2n: straja Moldovei e iar la Nistru!<\/p>\n<p style=\"text-align: justify;\"><strong>Vasile Pl\u0103van <\/strong><\/p>\n<p style=\"text-align: justify;\">(Vasile Pl\u0103van, un Slavici al Bucovinei de Mariana Gurza<strong>, <\/strong>Timi\u0219oara: Editura Funda\u0163iei pentru Cultur\u0103 \u0219i \u00eenv\u0103\u021b\u0103m\u00e2nt \u201cIoan Slavici\u201d, 2013 \u2013 Timi\u0219oara: Editura Eurostampa, 2013)<\/p>\n<p style=\"text-align: center;\">\u00a0<img loading=\"lazy\" decoding=\"async\" class=\"shrinkToFit decoded\" src=\"http:\/\/www.marianagurza.ro\/blog\/wp-content\/uploads\/2013\/11\/Carte-FINAL.page071.jpg\" alt=\"http:\/\/www.marianagurza.ro\/blog\/wp-content\/uploads\/2013\/11\/Carte-FINAL.page071.jpg\" width=\"446\" height=\"634\" \/><\/p>\n","protected":false},"excerpt":{"rendered":"<p>24 Octombrie Zi \u00eensemnat\u0103. \u201eFedera\u0163ia Unionist\u0103\u201d a \u0163inut o mare adunare \u00een sala \u201eDacia\u201d din Bucure\u015fti, la care am luat [&#038;hellip<\/p>\n","protected":false},"author":1,"featured_media":0,"comment_status":"closed","ping_status":"closed","sticky":false,"template":"","format":"standard","meta":{"footnotes":""},"categories":[3],"tags":[],"class_list":["post-18267","post","type-post","status-publish","format-standard","hentry","category-articole"],"_links":{"self":[{"href":"https:\/\/www.marianagurza.ro\/blog\/wp-json\/wp\/v2\/posts\/18267","targetHints":{"allow":["GET"]}}],"collection":[{"href":"https:\/\/www.marianagurza.ro\/blog\/wp-json\/wp\/v2\/posts"}],"about":[{"href":"https:\/\/www.marianagurza.ro\/blog\/wp-json\/wp\/v2\/types\/post"}],"author":[{"embeddable":true,"href":"https:\/\/www.marianagurza.ro\/blog\/wp-json\/wp\/v2\/users\/1"}],"replies":[{"embeddable":true,"href":"https:\/\/www.marianagurza.ro\/blog\/wp-json\/wp\/v2\/comments?post=18267"}],"version-history":[{"count":3,"href":"https:\/\/www.marianagurza.ro\/blog\/wp-json\/wp\/v2\/posts\/18267\/revisions"}],"predecessor-version":[{"id":18269,"href":"https:\/\/www.marianagurza.ro\/blog\/wp-json\/wp\/v2\/posts\/18267\/revisions\/18269"}],"wp:attachment":[{"href":"https:\/\/www.marianagurza.ro\/blog\/wp-json\/wp\/v2\/media?parent=18267"}],"wp:term":[{"taxonomy":"category","embeddable":true,"href":"https:\/\/www.marianagurza.ro\/blog\/wp-json\/wp\/v2\/categories?post=18267"},{"taxonomy":"post_tag","embeddable":true,"href":"https:\/\/www.marianagurza.ro\/blog\/wp-json\/wp\/v2\/tags?post=18267"}],"curies":[{"name":"wp","href":"https:\/\/api.w.org\/{rel}","templated":true}]}}