{"id":18311,"date":"2014-05-05T20:34:09","date_gmt":"2014-05-05T20:34:09","guid":{"rendered":"http:\/\/www.marianagurza.ro\/blog\/?p=18311"},"modified":"2014-05-06T13:02:59","modified_gmt":"2014-05-06T13:02:59","slug":"victor-roncea-premiul-%e2%80%9cmile-carpenisan%e2%80%9d-pentru-curaj-si-excelenta-in-jurnalism-2014-conferit-publicistului-vasile-ilica-veteran-de-razboi-martor-al-masacrului-de-la-fantana-alba-si","status":"publish","type":"post","link":"https:\/\/www.marianagurza.ro\/blog\/2014\/05\/05\/victor-roncea-premiul-%e2%80%9cmile-carpenisan%e2%80%9d-pentru-curaj-si-excelenta-in-jurnalism-2014-conferit-publicistului-vasile-ilica-veteran-de-razboi-martor-al-masacrului-de-la-fantana-alba-si\/","title":{"rendered":"Victor Roncea: Premiul \u201cMile C\u0103rpeni\u0219an\u201d pentru Curaj \u0219i Excelen\u021b\u0103 \u00een Jurnalism 2014 conferit publicistului Vasile Ilica, veteran de r\u0103zboi, martor al Masacrului de la F\u00e2ntana Alb\u0103 \u0219i cercet\u0103tor interzis \u00een Ucraina. Propunerile Civic Media pentru recuperarea teritoriilor rom\u00e2ne\u0219ti ocupate de URSS."},"content":{"rendered":"<p style=\"text-align: center;\"><a href=\"http:\/\/www.marianagurza.ro\/blog\/wp-content\/uploads\/2014\/05\/Dl-Vasile-Ilica-Basarabia-Bucovina.Info_1.jpg\"><img loading=\"lazy\" decoding=\"async\" class=\"size-medium wp-image-18313\" title=\"Dl-Vasile-Ilica-Basarabia-Bucovina.Info_1\" src=\"http:\/\/www.marianagurza.ro\/blog\/wp-content\/uploads\/2014\/05\/Dl-Vasile-Ilica-Basarabia-Bucovina.Info_1-200x300.jpg\" alt=\"\" width=\"200\" height=\"300\" srcset=\"https:\/\/www.marianagurza.ro\/blog\/wp-content\/uploads\/2014\/05\/Dl-Vasile-Ilica-Basarabia-Bucovina.Info_1-200x300.jpg 200w, https:\/\/www.marianagurza.ro\/blog\/wp-content\/uploads\/2014\/05\/Dl-Vasile-Ilica-Basarabia-Bucovina.Info_1.jpg 600w\" sizes=\"auto, (max-width: 200px) 100vw, 200px\" \/><\/a><\/p>\n<div id=\"stcpDiv\">\n<p style=\"text-align: justify;\"><strong>Veteran de razboi, publicist, scriitor, cercetator asupra masacrelor antiromanesti din nordul Bucovinei si chiar martor direct al evenimentelor ce au culminat cu masacrul de la Fantana Alba, dl. col. (r). Vasile Ilica, devenit \u201cpersona non grata\u201d in Ucraina la 88 de ani, a fost distins de Ziua Libertatii Presei 2014 cu Premiul \u201cMile Carpenisan\u201d, pentru lupta sa neobosita in numele adevarului istoric. Asociatia <a href=\"http:\/\/civicmedia.ro\">Civic Media<\/a> si portalul <a href=\"http:\/\/basarabia-bucovina.info\">Basarabia-Bucovina.Info<\/a> i-au acordat dlui Vasile Ilica Premiul \u201cMile Carpenisan\u201d pentru Curaj si Excelenta in Jurnalism, in semn de omagiu pentru intreaga sa activitate in slujba adevarului, ca publicist si cercetator privind masacrele holocaustului bolsevic din nordul Bucovinei.<\/strong><\/p>\n<p style=\"text-align: justify;\"><a href=\"http:\/\/observator.a1.ro\/social\/S-a-infiintat-premiul-pentru-Curaj-si-Excelenta-in_10057.html\">Incepand cu 2010 <em>(video)<\/em><\/a>, Asociatia <a href=\"http:\/\/civicmedia.ro\">Civic Media<\/a> acorda <a href=\"http:\/\/www.europalibera.org\/content\/news\/24091647.html\">Premiul pentru curaj si excelenta in jurnalism \u201cMile Carpenisan\u201d<\/a>, in memoria colegului nostru plecat prea repede dintre noi. Premiul a fost acordat pana acum, in 2010, jurnalistului si cameramanului Antena 3 Dan Nitescu \u2013 <a href=\"http:\/\/inmemoriam-milecarpenisan.ro\/?p=71\" rel=\"bookmark\">pentru curajul demonstrat la evenimentele din 7 aprilie 2009 de la Chisinau<\/a>, in 2011, <a href=\"http:\/\/inmemoriam-milecarpenisan.ro\/?p=83\">reporterului de razboi<\/a>, blogger si jurnalist independent <a href=\"http:\/\/cristianbotez.wordpress.com\/2011\/05\/05\/un-premiu-in-memoria-lui-mile-carpenisan\/\">Cristian Botez<\/a> si ziaristului oradean <a href=\"http:\/\/inmemoriam-milecarpenisan.ro\/?p=81\">Florin Budea<\/a>,\u00a0<a href=\"http:\/\/www.ziaristionline.ro\/?s=florin+budea&amp;x=0&amp;y=0\"> haituit in instanta de Laszlo Tokes<\/a>, in 2012, <a href=\"http:\/\/inmemoriam-milecarpenisan.ro\/?p=92\" rel=\"bookmark\">reputatului analist de politica internationala Corneliu Vlad<\/a> iar in 2013 a revenit <a href=\"http:\/\/inmemoriam-milecarpenisan.ro\/?p=111\" rel=\"bookmark\">avertizorului Dan Tanasa, \u201cinamicul public Nr. 1\u2033 al extremistilor maghiari de pretutindeni.<\/a> Dl. Vasile Ilica se poate mandri ca este considerat, si dansul, \u201cinamicul public Nr 1\u2033, dar al statului ucrainean, fiind in continuare interzis pe meleagurile sale natale, in ciuda schimbarii regimului si desi anul acesta implineste 90 de ani.<\/p>\n<p style=\"text-align: justify;\">Vasile Ilica a primit in aprilie 2012, in ajun de Sfintele Pasti si a doua zi dupa comemorarea masacrului de la Fantana Alba, interdictie de intrare in Ucraina pentru cinci ani, desi casa sa parinteasca si mormintele parintilor se afla in regiunea Cernauti a fostei republici sovietice. <a href=\"http:\/\/www.ziaristionline.ro\/2012\/04\/05\/scriitorul-vasile-ilica-cercetator-asupra-masacrelor-antiromanesti-din-bucovina-a-fost-declarat-persona-non-grata-in-ucraina\/\">Situatia sa a fost adusa de Civic Media in atentia presedintelui Romaniei si a ministrului de Externe al Romaniei<\/a>, acesta din urma trimitandu-l sa negocieze cu Securitatea ucraineana (SBU). Cu toate ca Romania, prin conducatorii ei vremelnici, se declara o sustinatoare infocata a integritatii teriotoriale a Ucrainei si a presupusului ei parcurs european si euro-atlantic, statul articificial vecin nu catadicseste sa respecte nici cele mai elementare drepturi ale romanilor, consfintite prin acorduri internationale. Aceasta fie ca sunt la ei acasa, in Transcarpatia, nordul Bucovinei, Tinutul Herta si Bugeac, Basarabia istorica, fie ca sunt cetateni ai Uniunii Europene, ca Vasile Ilica si alti doi jurnalisti profesionisti, declarati de asemenea \u201cdusmani ai poporului ucrainean\u201d pentru articolele lor despre comunitatea romaneasca din Ucraina, Simona Lazar si Vasile Tigau, de la Jurnalul National si Radio Romania.<\/p>\n<p style=\"text-align: justify;\">Civic Media, asociatie infiintata in anul 2000 cu scopul de a contribui la apararea valorilor nationale prin intermediul mass-media si a actiunii civice directe si inteligente, devenind si o redutabila resursa de informatii si analize geopolitice, ca editor a numeroase volume de specialiate, profita de aceasta ocazie pentru a atrage atentia autoritatilor statului roman de azi, urmatoarele:<\/p>\n<p style=\"text-align: justify;\"><strong>1.<\/strong> Actuala Ucraina va merge spre destramare in cel mai scurt timp, conform previziunilor si, momentan partial, a hartii intocmite de analistii Civic Media si prezentate in ziarul ZIUA inca de-acum 10 ani. Din cele doua state care vor rezulta, in cel cu pretentii de afiliere la structurile euro-atlantice, ponderea minoritatii romanesti \u2013 estimata la circa 600.000 de romani \u2013 va creste major, ca urmare a micsorarii populatiei ucrainene a noului stat creat. De asemenea, in aceeasi situatie se va afla minoritatea poloneza dar si cea rusa ramasa, si, cu un rol minor, cea maghiara. In noile conditii se impune ca statul roman sa faca tot ceea ce este posibil ca membrii comunitatii romanesti din Noua Ucraina \u2013 impreuna cu cei ai comunitatii poloneze, minoritate care apartine de un stat cu care impartasim numeroase deziderate europene si euro-atlantice \u2013 sa beneficieze de aceleasi drepturi de care beneficiaza minoritatea maghiara din Romania.<\/p>\n<p style=\"text-align: justify;\"><strong>2.<\/strong> Prin preluarea sub control a Crimeii de catre Federatia Rusa, invocandu-se existenta unui act administrativ al fostei URSS, acum anulat sine-die, se creeaza premisa posibilitatii invocarii aceleiasi proceduri, ce-si va intra in legalitate dupa modelul deschis de precedentul Kosovo, si in cazul Insulei Serpilor, pamant romanesc si important punct geostrategic si geoeconomic la Marea Neagra, cedat fostei URSS, de asemenea, printr-un simplu act administrativ, respectiv un proces verbal (!), dar prezent in cadrul teritoriului national al Romaniei in urma Tratatului de la Paris din 1947.<\/p>\n<p style=\"text-align: justify;\"><strong>3.<\/strong> Avand in vedere previzibila disolutie a statului ucrainean rezultat in urma disparitiei URSS, stat ex-sovietic cu care Romania a semnat un rusinos Tratat de baza in 1997, criticat adeseori de actualul presedinte al Romaniei, Traian Basescu, dar niciodata denuntat, documentul in sine devine caduc si se auto-anuleaza de la sine, deschizandu-se astfel posibilitatea negocierii pe cale pasnica a revenirii tuturor teritoriilor romanesti ocupate de URSS \u2013 expresia administrativa a unui regim criminal blamat la nivel mondial \u2013 la tara mama, Romania.<\/p>\n<p style=\"text-align: justify;\"><a href=\"http:\/\/civicmedia.ro\">Civic Media<\/a> si pagina de istorie nationala <a href=\"http:\/\/basarabia-bucovina.info\">Basarabia-Bucovina.Info<\/a> sunt onorate sa mai spele putin din delasarea autoritatilor si sa confere acest premiu binemeritat col. (r) Vasile Ilica, impreuna cu desemnarea sa drept membru de onoare al Asociatiei Civic Media. Dl. Vasile Ilica este si membru de onoare al Asociatiei Nationale pentru Cultul Eroilor cat si membru al Asociatia \u201cPro Basarabia si Bucovina\u201d si Societatii pentru Cultura Romaneasca \u201cMihai Eminescu\u201d din Cernauti si a fost distins pentru activitatea sa, printre multe altele, cu \u201ePremiul Document\u201d al Bibliotecii Na\u0163ionale a Republicii Moldova \u015fi Biroului de Informare al Comisiei Europene din Republica Moldova.<\/p>\n<p style=\"text-align: justify;\">Dl. Vasile Ilica este martor direct al evenimentelor care au culminat cu masacrele de la Lunca si Fantana Alba din 1941 si un cercetator pasionat, meticulos si eficient asupra holocaustului bolsevic din nordul Bucovinei, cum il numeste chiar dansul in scrierile sale. In 2012, anul interdictiei, a facut publica o noua descoperire macabra, respectiv dovada unei alte crime in masa: sute de romani dar si ucrainieni, executati de NKVD, filiala ucraineana, dupa prima ocupatie a Bucovinei si aruncati intr-o groapa comuna in Cernauti inainte de venirea trupelor romane eliberatoare. Dl. Vasile Ilica, care banuieste ca acesta este motivul interdictiei sale, a descoperit chiar si lista cu numele victimelor ucise de NKVD, lista care ar trebui sa intre imediat in atentia Parchetului General al Romaniei, avand in vedere ca aceasta crima in masa s-a petrecut pe teritoriul Romaniei, asupra unor cetateni romani.<\/p>\n<p style=\"text-align: justify;\">Concret, dansul considera ca \u201caceast\u0103 m\u0103sur\u0103 luat\u0103 de autorit\u0103\u021bile ucrainene de la Cern\u0103u\u021bi se constituie ca form\u0103 de \u201erepresalii\u201c \u00eempotriva autorului c\u0103r\u021bii <strong>\u201eMomente din istoria zbuciumat\u0103 a Bucovinei \u2013 episodul: Nordul Bucovinei zon\u0103 de ocupa\u021bie a URSS (1940\u20131991)\u201c<\/strong>, lucrare \u00een care pentru prima dat\u0103 se public\u0103 <strong>un num\u0103r de \u0219ase liste, traduse \u00een limba rom\u00e2n\u0103, cu numele a 222 de\u021binu\u021bi politici bucovineni ce se g\u0103seau \u00een iunie 1941 \u00een \u00cenchisoarea din Cern\u0103u\u021bi, unde au fost condamna\u021bi la moarte \u0219i executa\u021bi de c\u0103tre organele UKGB \u00een perioada 28 iunie\u20133 iulie 1941.<\/strong>\u201d<\/p>\n<p style=\"text-align: justify;\">Pe langa articolele de\u00a0 istorie si dezvaluiri din <em>Familia rom\u00e2n\u0103, Cri\u015fana, Arca\u015ful, Plai rom\u00e2nesc, Zorile Bucovinei, Gazeta de Her\u0163a<\/em>, s.a., laureatul Civic Media 2014 este autorul urmatoarelor lucrari de specialitate, ce ar trebui achizionate in numar cat mai mare de mai multe ministere ale Romaniei, si difuzate atat in tara cat si in strainatate:<\/p>\n<p style=\"text-align: justify;\">1) <strong>\u201eF\u00e2nt\u00e2na Alb\u0103 o m\u0103rturie de s\u00e2nge\u201c<\/strong> \u2013 Editura Imprimeria de Vest Oradea, 1999, 320 pagini. Lucrarea a fost lansat\u0103 la cel de al III-lea Congres al Intelectualit\u0103\u021bii din Nordul Bucovinei (5 martie 2000);<br \/>\n2) Volumul <strong>\u201eMartiri \u0219i m\u0103rturii din Nordul Bucovinei\u201c<\/strong> \u2013 Editura Imprimeria de Vest Oradea, 2003, 477 pagini. Aceast\u0103 lucrare a necesitat mai bine de 7 ani de documentare \u00een r\u00e2ndul victimelor stalinismului, \u00een diverse arhive \u0219i \u00een presa timpului. Dup\u0103 lansare, aceast\u0103 carte a beneficiat de o frumoas\u0103 recenzie a ziaristei Maria Toac\u0103 intitulat\u0103 \u201eFile s\u00e2nger\u00e2nde din cartea neagr\u0103 a neamului\u201c publicat\u0103 \u00een revista Zorile Bucovinei, din 4 mai 2004;<br \/>\n3) Volumul <strong>\u201eBucovina abandonat\u0103\u201c<\/strong> \u2013 Editura Imprimeria de Vest Oradea, 2010, 476 pagini. Aceast\u0103 carte a fost lansat\u0103 \u00een cadrul simpozionului \u201eS\u0103rb\u0103toarea c\u0103r\u021bii\u201c, organizat de Societatea pentru cultur\u0103 rom\u00e2neasc\u0103 \u201eMihai Eminescu\u201c din Cern\u0103u\u021bi, la data de 25 aprilie 2010, prilej cu care mi s-a acordat o diplom\u0103 de onoare;<br \/>\n4) <strong>\u201eBucovina pe calea re\u00eentregirii \u2013 1775\u20131918\u201c<\/strong>, 152 pagini \u2013 Editura \u201eProvita\u201c din Cluj, lucrare \u00eenchinat\u0103 unirii Bucovinei din 1918 \u0219i distribuit\u0103 studen\u021bilo \u0219i elevilor bucovineni \u0219i basarabeni ce au studiat \u00een Rom\u00e2nia.<br \/>\n5) <strong>\u201eBasarabia la \u00eent\u00e2lnire cu istoria \u2013 1917\u20131918\u201c<\/strong> \u2013 Editura \u201eProvita\u201c din Cluj, lucrare \u00eenchinat\u0103 unirii Basarabiei, ce de asemenea a fost distribuit\u0103 studen\u021bilor \u0219i elevilor din Bucovina \u0219i Basarabia.<br \/>\n6) Volumul <strong>\u201eMomente din istoria zbuciumat\u0103 a Bucovinei \u2013 episodul Nordul Bucovinei zon\u0103 de ocupa\u021bie a URSS (1940\u20131991)\u201c<\/strong> \u2013 Editura Imprimeria de Vest Oradea, 2011, 239 pagini, lucrare propus\u0103 a fi prezentat\u0103 la simpozionul \u201e70 de ani de la masacrul de l\u00e2ng\u0103 F\u00e2nt\u00e2na Alb\u0103\u201c (31 martie 2011) \u2013 simpozion organizat de Societatea Golgota din Cern\u0103u\u021bi.<br \/>\n7) Volumul <strong>\u201cBucovina noastra \u2013 Antologie istorica 1775 -2011\u2033<\/strong> \u2013 Editura Imprimeria de Vest, Oradea, 2012, 695 pagini, cu o prefata de prof. univ. dr. Mihai Drecin<\/p>\n<p style=\"text-align: justify;\">La aflarea vestii noastre privind noua recunoastere a muncii sale deosebite, de catre <a href=\"http:\/\/civicmedia.ro\">Civic Media<\/a> si <a href=\"http:\/\/basarabia-bucovina.info\">Basarabia-Bucovina.Info<\/a>, dl. Vasile Ilica, care implineste anul acesta 90 de ani, fiind n\u0103scut la 11 noiembrie 1924 \u00een satul bucovinean Brosc\u0103u\u0163ii Noi, din apropierea Storojine\u0163ului si apoi refugiat \u00een anii \u201944, a fost extrem de emotionat. Dansul ne-a marturisit ca tot ce-si mai doreste in acest moment este sa-si sarbatoreasca implinirea a 90 de ani alaturi de prietenii si camarazii sai, acasa, in Bucovina natala. Il va ajuta oare Presedintele Romaniei sau Ministerul de Externe al Romaniei?<\/p>\n<p style=\"text-align: justify;\">Surse: <a href=\"http:\/\/inmemoriam-milecarpenisan.ro\"><strong>InMemoriam-MileCarpenisan.Ro<\/strong><\/a> via <a href=\"http:\/\/civicmedia.ro\"><strong>Asociatia Civic Media<\/strong><\/a> si <a href=\"http:\/\/basarabia-bucovina.info\/2014\/05\/05\/cercetatorul-vasile-ilica-interzis-in-ucraina-distins-cu-premiul-mile-carpenisan-pentru-curaj-si-excelenta-in-jurnalism-2014-de-catre-civic-media-si-basarabia-bucovina-info\/\"><strong>Basarabia-Bucovina.Info<\/strong><\/a><\/p>\n<p style=\"text-align: justify;\">Descarcati de aici <a href=\"http:\/\/roncea.ro\/wp-content\/uploads\/2014\/05\/Dl-Vasile-Ilica-Documente.pdf\">Memoriul trimis de Vasile Ilica Ministerului de Externe al Romaniei<\/a> si vedeti mai jos Contestatia sa trimisa organelor Ucrainei.<\/p>\n<p style=\"text-align: justify;\">Adenda: Despre toate acestea, dar in mod special despre descoperirile cercetatorului nonagenar Vasile Ilica privind masacrele holocaustului bolsevic din Bucovina ocupata, puteti afla din interviul realizat de Victor Roncea cu ocazia comemorarii a 73 de ani de la Masacrul de la Fantana Alba, din 1 aprilie 1941, disponibil mai jos. <a href=\"http:\/\/basarabia-bucovina.info\">Basarabia-Bucovina. Info<\/a> urmeaza sa publice largi extrase din lucrarile laureatului nostru, veteranul de pe frontul adevarului romanesc, Vasile Ilica.<\/p>\n<p style=\"text-align: justify;\">\n<\/div>\n<div style=\"text-align: center;\"><a href=\"http:\/\/www.marianagurza.ro\/blog\/wp-content\/uploads\/2014\/05\/Diploma-Mile-Carpenisan-2014-Civic-Media-Dl-Vasile-Ilica-Veteran-de-Razboi-Interzis-in-Ucraina-Romania-Mare-Basarabia-Bucovina.Info_.jpg\"><img loading=\"lazy\" decoding=\"async\" title=\"Diploma-Mile-Carpenisan-2014-Civic-Media-Dl-Vasile-Ilica-Veteran-de-Razboi-Interzis-in-Ucraina-Romania-Mare-Basarabia-Bucovina.Info_\" src=\"http:\/\/www.marianagurza.ro\/blog\/wp-content\/uploads\/2014\/05\/Diploma-Mile-Carpenisan-2014-Civic-Media-Dl-Vasile-Ilica-Veteran-de-Razboi-Interzis-in-Ucraina-Romania-Mare-Basarabia-Bucovina.Info_-300x210.jpg\" alt=\"\" width=\"300\" height=\"210\" \/><\/a><\/div>\n<div id=\"stcpDiv\">\n<p style=\"text-align: justify;\"><a href=\"http:\/\/www.dailymotion.com\/video\/x1t5a2l_cercetator-al-masacrelor-din-bucovina-veteranul-vasile-ilica-distins-cu-premiul-mile-carpenisan-2014_news\" target=\"_blank\">Cercetator al Masacrelor din Bucovina, veteranul Vasile Ilica distins cu Premiul Mile Carpenisan 2014<\/a> <em>de <a href=\"http:\/\/www.dailymotion.com\/ZiaristiOnlineTV\" target=\"_blank\">ZiaristiOnlineTV<\/a><\/em><\/p>\n<p style=\"text-align: justify;\">De asemenea, cititi mai jos o cronica a lucrarii \u201cBUCOVINA NOASTR\u0102 \u2013 Antologie Istoric\u0103 1775-2011\u2033, scrisa de prof. Vasile Stancu si publicata de <a href=\"http:\/\/www.condeiulardelean.ro\/articol\/bucovina-noastra-antologie-istorica-1775-2011-de-vasile-ilica\">Condeiul ardelean<\/a>, ascultati un interviu cu dl. Vasile Ilica publicat de <a href=\"http:\/\/www.rador.ro\/info4.shtml?cat=666&amp;news=316345\">Rador -sub titlul <em>Tragedia de la F\u00e2nt\u00e2na Alb\u0103<\/em><\/a> si urmariti emisiunea <a href=\"http:\/\/romaniateiubesc.stirileprotv.ro\/emisiuni\/2013\/sezonul-1\/amintiri-scaldate-in-sange-partea-i-crimele-de-la-1-aprilie-1941-cum-au-fost-ucisi-mii-de-romani-de-catre-sovietici.html\">ProTv \u2013 Romania te iubesc! &#8211;<em> Amintiri scaldate in sange. Crimele de la 1 aprilie 1941: cum au fost ucisi mii de romani de catre sovietici<\/em><\/a> (<em>video integral mai jos<\/em>), ai carei realizatori s-au deplasat la Oradea pentru a se documenta in mod special de la veteranul nostru, caruia ii dorim multa sanatate si sa ii dea Dumnezeu sa i se implineasca dorinta sa pentru 11 noiembrie, cand va implini 90 de ani. Doamne ajuta!<\/p>\n<\/div>\n<div>Integral: <a href=\"http:\/\/roncea.ro\/2014\/05\/05\/premiul-mile-carpenisan-pentru-curaj-si-excelenta-in-jurnalism-2014-conferit-publicistului-vasile-ilica-veteran-de-razboi-martor-al-masacrului-de-la-fantana-alba-si-cercetator-interzis-in-ucrain\/#comments\">http:\/\/roncea.ro\/2014\/05\/05\/premiul-mile-carpenisan-pentru-curaj-si-excelenta-in-jurnalism-2014-conferit-publicistului-vasile-ilica-veteran-de-razboi-martor-al-masacrului-de-la-fantana-alba-si-cercetator-interzis-in-ucrain\/#comments<\/a><\/div>\n<p><strong>Felicit\u0103ri Victor Roncea! Domnul Vasile Ilica, merita aceast\u0103 recunoa\u0219tere! Doamne ajut\u0103!<\/strong><\/p>\n","protected":false},"excerpt":{"rendered":"<p>Veteran de razboi, publicist, scriitor, cercetator asupra masacrelor antiromanesti din nordul Bucovinei si chiar martor direct al evenimentelor ce au [&#038;hellip<\/p>\n","protected":false},"author":1,"featured_media":0,"comment_status":"closed","ping_status":"closed","sticky":false,"template":"","format":"standard","meta":{"footnotes":""},"categories":[3,6],"tags":[],"class_list":["post-18311","post","type-post","status-publish","format-standard","hentry","category-articole","category-linkuri-externe"],"_links":{"self":[{"href":"https:\/\/www.marianagurza.ro\/blog\/wp-json\/wp\/v2\/posts\/18311","targetHints":{"allow":["GET"]}}],"collection":[{"href":"https:\/\/www.marianagurza.ro\/blog\/wp-json\/wp\/v2\/posts"}],"about":[{"href":"https:\/\/www.marianagurza.ro\/blog\/wp-json\/wp\/v2\/types\/post"}],"author":[{"embeddable":true,"href":"https:\/\/www.marianagurza.ro\/blog\/wp-json\/wp\/v2\/users\/1"}],"replies":[{"embeddable":true,"href":"https:\/\/www.marianagurza.ro\/blog\/wp-json\/wp\/v2\/comments?post=18311"}],"version-history":[{"count":3,"href":"https:\/\/www.marianagurza.ro\/blog\/wp-json\/wp\/v2\/posts\/18311\/revisions"}],"predecessor-version":[{"id":18315,"href":"https:\/\/www.marianagurza.ro\/blog\/wp-json\/wp\/v2\/posts\/18311\/revisions\/18315"}],"wp:attachment":[{"href":"https:\/\/www.marianagurza.ro\/blog\/wp-json\/wp\/v2\/media?parent=18311"}],"wp:term":[{"taxonomy":"category","embeddable":true,"href":"https:\/\/www.marianagurza.ro\/blog\/wp-json\/wp\/v2\/categories?post=18311"},{"taxonomy":"post_tag","embeddable":true,"href":"https:\/\/www.marianagurza.ro\/blog\/wp-json\/wp\/v2\/tags?post=18311"}],"curies":[{"name":"wp","href":"https:\/\/api.w.org\/{rel}","templated":true}]}}