{"id":18706,"date":"2014-07-12T15:48:09","date_gmt":"2014-07-12T15:48:09","guid":{"rendered":"http:\/\/www.marianagurza.ro\/blog\/?p=18706"},"modified":"2014-07-12T15:55:59","modified_gmt":"2014-07-12T15:55:59","slug":"la-multi-si-frumosi-ani-emilia-tutuianu","status":"publish","type":"post","link":"https:\/\/www.marianagurza.ro\/blog\/2014\/07\/12\/la-multi-si-frumosi-ani-emilia-tutuianu\/","title":{"rendered":"La mul\u021bi \u0219i frumo\u0219i ani, Emilia \u0162u\u0163uianu!"},"content":{"rendered":"<p style=\"text-align: center;\"><a href=\"http:\/\/www.marianagurza.ro\/blog\/wp-content\/uploads\/2014\/07\/emilia-tutuianu.jpg\"><img loading=\"lazy\" decoding=\"async\" class=\"size-medium wp-image-18707\" title=\"emilia-tutuianu\" src=\"http:\/\/www.marianagurza.ro\/blog\/wp-content\/uploads\/2014\/07\/emilia-tutuianu-300x225.jpg\" alt=\"\" width=\"300\" height=\"225\" srcset=\"https:\/\/www.marianagurza.ro\/blog\/wp-content\/uploads\/2014\/07\/emilia-tutuianu-300x225.jpg 300w, https:\/\/www.marianagurza.ro\/blog\/wp-content\/uploads\/2014\/07\/emilia-tutuianu.jpg 480w\" sizes=\"auto, (max-width: 300px) 100vw, 300px\" \/><\/a><\/p>\n<p><strong>JOC<\/strong><\/p>\n<p>De mic\u0103, am visat s\u0103 merg pe valul apei \u00eenspumat,<br \/>\nS-adun \u00een ochi mi\u015fcarea lui \u015fi reflectarea cerului,<br \/>\nS\u0103 simt r\u0103coare-i la picioare,<br \/>\nS\u0103 simt c\u0103-ntregul corp m\u0103 doare.<br \/>\n\u015ei \u00eentr-o zi\u2026<br \/>\nPriveam la droaia de copii care c\u00e2ntau voios, s\u0103reau<br \/>\n\u015ei pietricele zv\u00e2rlite departe, pe mal adunau<br \/>\nErau zeci, sute \u015fi mii<br \/>\n\u015fi albe \u015fi negre, maro, cenu\u015fii,<br \/>\nDreptunghiuri, triunghiuri, p\u0103trate \u015fi sfere<br \/>\nVenind de departe, vorbind de alte ere.<\/p>\n<p>***<br \/>\nM-am aplecat \u015fi-am str\u00e2ns \u015fi eu\u2026<br \/>\nLe-am a\u015fezat chiar la uscat,<br \/>\nLe-am ridicat \u015fi m-am jucat<br \/>\nZv\u00e2rlind \u00een sus pe r\u00e2nd, mereu,<br \/>\nUna, dou\u0103, trei, patru\u2026dar au picat<br \/>\nDin nou \u00een praf. S-au murd\u0103rit!<br \/>\n\u015ei-atunci iar\u0103\u015fi am pornit<br \/>\nPe prundul aspru s\u0103 g\u0103sesc<br \/>\nDoar pietre albe, negre, maro \u015fi cenu\u015fii\u2026<\/p>\n<p>***<\/p>\n<p>Trecut-au anii\u2026Te-nt\u00e2lnii pe malul apei argintii<br \/>\nEram ca doi \u00eendr\u0103gosti\u0163i, ce-nl\u0103n\u0163ui\u0163i<br \/>\nMergeam \u00eencet, c\u0103lc\u00e2nd u\u015for,<br \/>\nNisipul ridic\u00e2nd \u00een zbor,<br \/>\nDar, deodat\u0103 am sim\u0163it intr\u00e2nd \u00een t\u0103lpi<br \/>\nprundi\u015ful galben-cenu\u015fiu,<br \/>\n\u015ei am strigat, ca \u015fi atunci c\u00e2nd pietricele azv\u00e2rleam<br \/>\n\u00cen apa \u00een care m\u0103 sc\u0103ldam;<br \/>\n\u00cennebunit\u0103 am \u0163ipat: Sunte\u0163i aici? Nu m-a\u0163i uitat?<br \/>\n\u2026\u2026\u2026\u2026\u2026\u2026\u2026\u2026\u2026\u2026\u2026\u2026\u2026\u2026\u2026\u2026\u2026\u2026\u2026..<\/p>\n<p>Le-am str\u00e2ns apoi pe toate-n m\u00e2ini<br \/>\nalbe \u015fi negre, maro \u015fi cenu\u015fii,<br \/>\nDreptunghiuri, triunghiuri, p\u0103trate \u015fi sfere,<br \/>\nVenind de departe, vorbind de alte ere.<\/p>\n<p>***<br \/>\nStr\u00e2ngeam, str\u00e2ngeam \u015fi trupul mi-l sim\u0163eam<br \/>\nPlin de fiori \u015fi de durere\u2026<br \/>\nDar nu \u0163ipam; ci iar str\u00e2ngeam,<br \/>\nMai tare, tot mai tare vream\u2026<\/p>\n<p>***<br \/>\n\u015ei s\u00e2ngele sim\u0163eam c\u0103-mi fierbe,<br \/>\nCeream ceva \u015fi nu \u015ftiam<br \/>\nC\u0103-n m\u00e2ini s-a pl\u0103m\u0103dit durere \u015fi pl\u0103cere,<br \/>\n\u015ei pietrele-mi intrau \u00een piele iar<br \/>\ns\u00e2ngele curgea \u015fuvoi\u2026<br \/>\nIar m\u00e2inile lipsite de via\u0163\u0103 \u015fi moi<br \/>\nse desf\u0103cur\u0103 \u00eencet, pe r\u00e2nd,<br \/>\nca \u015fi o vorb\u0103 dintr-un g\u00e2nd.<br \/>\nPe degete, s\u00e2ngele-mi f\u0103cuse inele<br \/>\niar ele, sfintele pietricele,<br \/>\nDreptunghiuri, triunghiuri, p\u0103trate \u015fi sfere<br \/>\nVenind de departe, vorbind de alte ere,<br \/>\nNu mai erau: albe, negre, maro, cenu\u015fii<br \/>\nCi ro\u015fu aprins, cu pete aurii<br \/>\n\u015ei-n m\u00e2ini parc\u0103 aveam zeci, sute, f\u0103clii.<\/p>\n<p>***<br \/>\nPioas\u0103, genunchii i-am pus pe p\u0103m\u00e2nt<br \/>\n\u015ei ochii \u015fi fa\u0163a \u015fi gura-mi rosteau \u00een cuv\u00e2nt<br \/>\n\u201eCe-amarnic\u0103-i truda!\u2026<br \/>\nDar, iar am plecat pe malul apei \u00eenspumat<br \/>\nPietricele s-adun: albe \u015fi negre, maro, cenu\u015fii<br \/>\nS\u0103 le dau str\u0103lucirea, s\u0103 le fac ro\u015fii-aurii\u2026.<\/p>\n<p><strong>Emilia \u0162u\u0163uianu<\/strong><\/p>\n<p><strong>12 iulie 2014<\/strong><\/p>\n<p>&nbsp;<\/p>\n<p style=\"text-align: center;\"><a href=\"http:\/\/www.marianagurza.ro\/blog\/wp-content\/uploads\/2014\/07\/medalie-2014-eminescu.jpg\"><img loading=\"lazy\" decoding=\"async\" class=\"size-medium wp-image-18710\" title=\"medalie 2014 eminescu\" src=\"http:\/\/www.marianagurza.ro\/blog\/wp-content\/uploads\/2014\/07\/medalie-2014-eminescu-300x225.jpg\" alt=\"\" width=\"300\" height=\"225\" srcset=\"https:\/\/www.marianagurza.ro\/blog\/wp-content\/uploads\/2014\/07\/medalie-2014-eminescu-300x225.jpg 300w, https:\/\/www.marianagurza.ro\/blog\/wp-content\/uploads\/2014\/07\/medalie-2014-eminescu.jpg 480w\" sizes=\"auto, (max-width: 300px) 100vw, 300px\" \/><\/a><\/p>\n<p style=\"text-align: center;\">\n<p style=\"text-align: center;\"><a href=\"http:\/\/www.marianagurza.ro\/blog\/wp-content\/uploads\/2014\/07\/medalie-2-2014.jpg\"><img loading=\"lazy\" decoding=\"async\" class=\"size-medium wp-image-18711\" title=\"medalie 2 2014\" src=\"http:\/\/www.marianagurza.ro\/blog\/wp-content\/uploads\/2014\/07\/medalie-2-2014-300x225.jpg\" alt=\"\" width=\"300\" height=\"225\" srcset=\"https:\/\/www.marianagurza.ro\/blog\/wp-content\/uploads\/2014\/07\/medalie-2-2014-300x225.jpg 300w, https:\/\/www.marianagurza.ro\/blog\/wp-content\/uploads\/2014\/07\/medalie-2-2014.jpg 480w\" sizes=\"auto, (max-width: 300px) 100vw, 300px\" \/><\/a><\/p>\n","protected":false},"excerpt":{"rendered":"<p>JOC De mic\u0103, am visat s\u0103 merg pe valul apei \u00eenspumat, S-adun \u00een ochi mi\u015fcarea lui \u015fi reflectarea cerului, S\u0103 [&#038;hellip<\/p>\n","protected":false},"author":1,"featured_media":0,"comment_status":"closed","ping_status":"closed","sticky":false,"template":"","format":"standard","meta":{"footnotes":""},"categories":[3],"tags":[],"class_list":["post-18706","post","type-post","status-publish","format-standard","hentry","category-articole"],"_links":{"self":[{"href":"https:\/\/www.marianagurza.ro\/blog\/wp-json\/wp\/v2\/posts\/18706","targetHints":{"allow":["GET"]}}],"collection":[{"href":"https:\/\/www.marianagurza.ro\/blog\/wp-json\/wp\/v2\/posts"}],"about":[{"href":"https:\/\/www.marianagurza.ro\/blog\/wp-json\/wp\/v2\/types\/post"}],"author":[{"embeddable":true,"href":"https:\/\/www.marianagurza.ro\/blog\/wp-json\/wp\/v2\/users\/1"}],"replies":[{"embeddable":true,"href":"https:\/\/www.marianagurza.ro\/blog\/wp-json\/wp\/v2\/comments?post=18706"}],"version-history":[{"count":3,"href":"https:\/\/www.marianagurza.ro\/blog\/wp-json\/wp\/v2\/posts\/18706\/revisions"}],"predecessor-version":[{"id":18709,"href":"https:\/\/www.marianagurza.ro\/blog\/wp-json\/wp\/v2\/posts\/18706\/revisions\/18709"}],"wp:attachment":[{"href":"https:\/\/www.marianagurza.ro\/blog\/wp-json\/wp\/v2\/media?parent=18706"}],"wp:term":[{"taxonomy":"category","embeddable":true,"href":"https:\/\/www.marianagurza.ro\/blog\/wp-json\/wp\/v2\/categories?post=18706"},{"taxonomy":"post_tag","embeddable":true,"href":"https:\/\/www.marianagurza.ro\/blog\/wp-json\/wp\/v2\/tags?post=18706"}],"curies":[{"name":"wp","href":"https:\/\/api.w.org\/{rel}","templated":true}]}}