{"id":18714,"date":"2014-07-12T18:47:21","date_gmt":"2014-07-12T18:47:21","guid":{"rendered":"http:\/\/www.marianagurza.ro\/blog\/?p=18714"},"modified":"2014-07-12T18:50:03","modified_gmt":"2014-07-12T18:50:03","slug":"noi-suntem-acolo-intre-lumi","status":"publish","type":"post","link":"https:\/\/www.marianagurza.ro\/blog\/2014\/07\/12\/noi-suntem-acolo-intre-lumi\/","title":{"rendered":"Noi suntem acolo, \u00eentre lumi&#8230;"},"content":{"rendered":"<p style=\"text-align: center;\"><a href=\"http:\/\/www.marianagurza.ro\/blog\/wp-content\/uploads\/2014\/07\/pictura-de-alexandru-panatta-codreanu-emilia-tutuianu.jpg\"><img loading=\"lazy\" decoding=\"async\" class=\"size-medium wp-image-18715\" title=\"pictura-de-alexandru-panatta-codreanu-emilia-tutuianu\" src=\"http:\/\/www.marianagurza.ro\/blog\/wp-content\/uploads\/2014\/07\/pictura-de-alexandru-panatta-codreanu-emilia-tutuianu-300x239.jpg\" alt=\"\" width=\"300\" height=\"239\" srcset=\"https:\/\/www.marianagurza.ro\/blog\/wp-content\/uploads\/2014\/07\/pictura-de-alexandru-panatta-codreanu-emilia-tutuianu-300x239.jpg 300w, https:\/\/www.marianagurza.ro\/blog\/wp-content\/uploads\/2014\/07\/pictura-de-alexandru-panatta-codreanu-emilia-tutuianu.jpg 419w\" sizes=\"auto, (max-width: 300px) 100vw, 300px\" \/><\/a><\/p>\n<p>&nbsp;<\/p>\n<p><strong>Noi suntem acolo, \u00eentre lumi&#8230;<\/strong><\/p>\n<p>(Emiliei \u021au\u021buianu la ceas aniversar)<\/p>\n<p>&nbsp;<\/p>\n<p>Anii curg ne\u0219tiu\u021bi, nenum\u0103ra\u021bi<\/p>\n<p>Mereu ne \u00eentoarcem \u00een alte vremuri<\/p>\n<p>St\u0103m drep\u021bi \u00een fa\u021ba lumii, cura\u021bi,<\/p>\n<p>Precum copacii \u00eenc\u0103rca\u021bi de ramuri.<\/p>\n<p>&nbsp;<\/p>\n<p>Noi suntem acolo, \u00eentre lumi<\/p>\n<p>Sfid\u00e2nd\u00a0 z\u00e2mbind micimea<\/p>\n<p>Trudind t\u0103cu\u021bi pe alte culmi<\/p>\n<p>De unde primim lumina.<\/p>\n<p>&nbsp;<\/p>\n<p>\u0218i-n har ne contopim \u00een slove<\/p>\n<p>Pe alei necunoscute&#8230;<\/p>\n<p>Tat\u0103l o avea motive<\/p>\n<p>Ruga noastr\u0103 s-o \u00a0asculte?<\/p>\n<p>&nbsp;<\/p>\n<p>Suntem s\u0103raci \u0219i \u00eempov\u0103ra\u021bi,<\/p>\n<p>Dar mergem pe calea luminii !<\/p>\n<p>De Sus suntem veghea\u021bi,<\/p>\n<p>Iubirea noastr\u0103 alung\u0103 spinii.<\/p>\n<p>&nbsp;<\/p>\n<p>Doar bl\u00e2nd\u0103 rug\u0103ciune<\/p>\n<p>C-un dor de Dumnezeu<\/p>\n<p>A poposit spre tine<\/p>\n<p>Odat\u0103 cu\u00a0 sufletul meu&#8230;<\/p>\n<p>&nbsp;<\/p>\n<p>Mariana Gurza<\/p>\n<p>12 iulie 2014<\/p>\n<p style=\"text-align: center;\"><a href=\"http:\/\/www.marianagurza.ro\/blog\/wp-content\/uploads\/2014\/07\/la-multi-ani.jpg\"><img loading=\"lazy\" decoding=\"async\" class=\"size-medium wp-image-18718\" title=\"la multi ani!\" src=\"http:\/\/www.marianagurza.ro\/blog\/wp-content\/uploads\/2014\/07\/la-multi-ani-287x300.jpg\" alt=\"\" width=\"287\" height=\"300\" srcset=\"https:\/\/www.marianagurza.ro\/blog\/wp-content\/uploads\/2014\/07\/la-multi-ani-287x300.jpg 287w, https:\/\/www.marianagurza.ro\/blog\/wp-content\/uploads\/2014\/07\/la-multi-ani.jpg 518w\" sizes=\"auto, (max-width: 287px) 100vw, 287px\" \/><\/a><\/p>\n<p style=\"text-align: center;\">\u00a0<strong>LA MUL\u021aI \u0218I FRUMO\u0218I ANI!<\/strong><\/p>\n","protected":false},"excerpt":{"rendered":"<p>&nbsp; Noi suntem acolo, \u00eentre lumi&#8230; (Emiliei \u021au\u021buianu la ceas aniversar) &nbsp; Anii curg ne\u0219tiu\u021bi, nenum\u0103ra\u021bi Mereu ne \u00eentoarcem \u00een [&#038;hellip<\/p>\n","protected":false},"author":1,"featured_media":0,"comment_status":"closed","ping_status":"closed","sticky":false,"template":"","format":"standard","meta":{"footnotes":""},"categories":[3],"tags":[],"class_list":["post-18714","post","type-post","status-publish","format-standard","hentry","category-articole"],"_links":{"self":[{"href":"https:\/\/www.marianagurza.ro\/blog\/wp-json\/wp\/v2\/posts\/18714","targetHints":{"allow":["GET"]}}],"collection":[{"href":"https:\/\/www.marianagurza.ro\/blog\/wp-json\/wp\/v2\/posts"}],"about":[{"href":"https:\/\/www.marianagurza.ro\/blog\/wp-json\/wp\/v2\/types\/post"}],"author":[{"embeddable":true,"href":"https:\/\/www.marianagurza.ro\/blog\/wp-json\/wp\/v2\/users\/1"}],"replies":[{"embeddable":true,"href":"https:\/\/www.marianagurza.ro\/blog\/wp-json\/wp\/v2\/comments?post=18714"}],"version-history":[{"count":4,"href":"https:\/\/www.marianagurza.ro\/blog\/wp-json\/wp\/v2\/posts\/18714\/revisions"}],"predecessor-version":[{"id":18717,"href":"https:\/\/www.marianagurza.ro\/blog\/wp-json\/wp\/v2\/posts\/18714\/revisions\/18717"}],"wp:attachment":[{"href":"https:\/\/www.marianagurza.ro\/blog\/wp-json\/wp\/v2\/media?parent=18714"}],"wp:term":[{"taxonomy":"category","embeddable":true,"href":"https:\/\/www.marianagurza.ro\/blog\/wp-json\/wp\/v2\/categories?post=18714"},{"taxonomy":"post_tag","embeddable":true,"href":"https:\/\/www.marianagurza.ro\/blog\/wp-json\/wp\/v2\/tags?post=18714"}],"curies":[{"name":"wp","href":"https:\/\/api.w.org\/{rel}","templated":true}]}}