{"id":18726,"date":"2014-07-12T20:05:06","date_gmt":"2014-07-12T20:05:06","guid":{"rendered":"http:\/\/www.marianagurza.ro\/blog\/?p=18726"},"modified":"2014-07-13T09:09:24","modified_gmt":"2014-07-13T09:09:24","slug":"doar-tu","status":"publish","type":"post","link":"https:\/\/www.marianagurza.ro\/blog\/2014\/07\/12\/doar-tu\/","title":{"rendered":"Doar tu&#8230;"},"content":{"rendered":"<p style=\"text-align: center;\"><a href=\"http:\/\/www.marianagurza.ro\/blog\/wp-content\/uploads\/2014\/07\/IOANA.jpg\"><img loading=\"lazy\" decoding=\"async\" class=\"size-medium wp-image-18729\" title=\"IOANA\" src=\"http:\/\/www.marianagurza.ro\/blog\/wp-content\/uploads\/2014\/07\/IOANA-300x199.jpg\" alt=\"\" width=\"300\" height=\"199\" srcset=\"https:\/\/www.marianagurza.ro\/blog\/wp-content\/uploads\/2014\/07\/IOANA-300x199.jpg 300w, https:\/\/www.marianagurza.ro\/blog\/wp-content\/uploads\/2014\/07\/IOANA.jpg 960w\" sizes=\"auto, (max-width: 300px) 100vw, 300px\" \/><\/a><\/p>\n<p><strong>Doar tu&#8230;<\/strong><\/p>\n<p><em>(Fiicei mele Ioana Valentina la ceas aniversar)<\/em><\/p>\n<p>&nbsp;<\/p>\n<p>Doar tu, ml\u0103di\u021b\u0103<\/p>\n<p>mi-ai adus din nou sur\u00e2sul<\/p>\n<p>pe obrazul asprit de vremi&#8230;<\/p>\n<p>Odat\u0103, \u00eentr-o diminea\u021b\u0103 de var\u0103<\/p>\n<p>o lumin\u0103<\/p>\n<p>un nou r\u0103s\u0103rit,<\/p>\n<p>s-a cuib\u0103rit la s\u00e2n.<\/p>\n<p>Ai fost tu, copil\u0103<\/p>\n<p>curajoas\u0103,<\/p>\n<p>frumoas\u0103,<\/p>\n<p>ca o floare de nuf\u0103r&#8230;<\/p>\n<p>Au trecut ani&#8230;<\/p>\n<p>Acum \u201e<em>pic\u0103tura de mare<\/em>\u201d,<\/p>\n<p>este darul t\u0103u<\/p>\n<p>darul nostru,<\/p>\n<p>minunea tuturor\u2026<\/p>\n<p>Doamne, p\u0103strez\u0103-i \u00een lumin\u0103<\/p>\n<p>mereu,<\/p>\n<p>chiar \u0219i atunci<\/p>\n<p>c\u00e2nd voi pleca<\/p>\n<p>pe alt drum\u2026<\/p>\n<p>&nbsp;<\/p>\n<p>Mariana Gurza<\/p>\n<p>13 iulie 2014<\/p>\n<p>&nbsp;<\/p>\n<p><strong>LA MUL\u021aI \u0218I FERICI\u021aI ANI!<\/strong><\/p>\n<p>&nbsp;<\/p>\n<p style=\"text-align: center;\"><a href=\"http:\/\/www.marianagurza.ro\/blog\/wp-content\/uploads\/2014\/07\/ICOANA-FACATOARE-DE-MINUNI-MUNTELE-TABOR.jpg\"><img loading=\"lazy\" decoding=\"async\" class=\"size-medium wp-image-18739\" title=\"ICOANA FACATOARE DE MINUNI MUNTELE TABOR\" src=\"http:\/\/www.marianagurza.ro\/blog\/wp-content\/uploads\/2014\/07\/ICOANA-FACATOARE-DE-MINUNI-MUNTELE-TABOR-225x300.jpg\" alt=\"\" width=\"225\" height=\"300\" srcset=\"https:\/\/www.marianagurza.ro\/blog\/wp-content\/uploads\/2014\/07\/ICOANA-FACATOARE-DE-MINUNI-MUNTELE-TABOR-225x300.jpg 225w, https:\/\/www.marianagurza.ro\/blog\/wp-content\/uploads\/2014\/07\/ICOANA-FACATOARE-DE-MINUNI-MUNTELE-TABOR-768x1024.jpg 768w, https:\/\/www.marianagurza.ro\/blog\/wp-content\/uploads\/2014\/07\/ICOANA-FACATOARE-DE-MINUNI-MUNTELE-TABOR.jpg 1536w\" sizes=\"auto, (max-width: 225px) 100vw, 225px\" \/><\/a><\/p>\n<p style=\"text-align: center;\">Icoana F\u0103c\u0103toare de Minuni de pe Muntele Taborului<\/p>\n","protected":false},"excerpt":{"rendered":"<p>Doar tu&#8230; (Fiicei mele Ioana Valentina la ceas aniversar) &nbsp; Doar tu, ml\u0103di\u021b\u0103 mi-ai adus din nou sur\u00e2sul pe obrazul [&#038;hellip<\/p>\n","protected":false},"author":1,"featured_media":0,"comment_status":"closed","ping_status":"closed","sticky":false,"template":"","format":"standard","meta":{"footnotes":""},"categories":[3],"tags":[],"class_list":["post-18726","post","type-post","status-publish","format-standard","hentry","category-articole"],"_links":{"self":[{"href":"https:\/\/www.marianagurza.ro\/blog\/wp-json\/wp\/v2\/posts\/18726","targetHints":{"allow":["GET"]}}],"collection":[{"href":"https:\/\/www.marianagurza.ro\/blog\/wp-json\/wp\/v2\/posts"}],"about":[{"href":"https:\/\/www.marianagurza.ro\/blog\/wp-json\/wp\/v2\/types\/post"}],"author":[{"embeddable":true,"href":"https:\/\/www.marianagurza.ro\/blog\/wp-json\/wp\/v2\/users\/1"}],"replies":[{"embeddable":true,"href":"https:\/\/www.marianagurza.ro\/blog\/wp-json\/wp\/v2\/comments?post=18726"}],"version-history":[{"count":5,"href":"https:\/\/www.marianagurza.ro\/blog\/wp-json\/wp\/v2\/posts\/18726\/revisions"}],"predecessor-version":[{"id":18731,"href":"https:\/\/www.marianagurza.ro\/blog\/wp-json\/wp\/v2\/posts\/18726\/revisions\/18731"}],"wp:attachment":[{"href":"https:\/\/www.marianagurza.ro\/blog\/wp-json\/wp\/v2\/media?parent=18726"}],"wp:term":[{"taxonomy":"category","embeddable":true,"href":"https:\/\/www.marianagurza.ro\/blog\/wp-json\/wp\/v2\/categories?post=18726"},{"taxonomy":"post_tag","embeddable":true,"href":"https:\/\/www.marianagurza.ro\/blog\/wp-json\/wp\/v2\/tags?post=18726"}],"curies":[{"name":"wp","href":"https:\/\/api.w.org\/{rel}","templated":true}]}}