{"id":18733,"date":"2014-07-12T20:17:42","date_gmt":"2014-07-12T20:17:42","guid":{"rendered":"http:\/\/www.marianagurza.ro\/blog\/?p=18733"},"modified":"2014-07-13T18:56:14","modified_gmt":"2014-07-13T18:56:14","slug":"in-mijlocul-tumultului-2","status":"publish","type":"post","link":"https:\/\/www.marianagurza.ro\/blog\/2014\/07\/12\/in-mijlocul-tumultului-2\/","title":{"rendered":"\u00cen mijlocul tumultului&#8230;"},"content":{"rendered":"<p style=\"text-align: center;\"><a href=\"http:\/\/www.marianagurza.ro\/blog\/wp-content\/uploads\/2014\/07\/pomul-vietii.jpg\"><img loading=\"lazy\" decoding=\"async\" title=\"pomul vietii\" src=\"http:\/\/www.marianagurza.ro\/blog\/wp-content\/uploads\/2014\/07\/pomul-vietii-300x199.jpg\" alt=\"\" width=\"300\" height=\"199\" \/><\/a><\/p>\n<p style=\"text-align: center;\">\n<p><strong>\u00cen mijlocul tumultului<\/strong><\/p>\n<p>&nbsp;<\/p>\n<p>&nbsp;<\/p>\n<p>Firav\u0103, \u00een mijlocul tumultului<\/p>\n<p>Incerc s\u0103 descifrez<\/p>\n<p>Limbajul timpului.<\/p>\n<p>&nbsp;<\/p>\n<p>M\u0103 \u00eencol\u0103cesc neputincioas\u0103<\/p>\n<p>De copacul ce mi-a fost dat<\/p>\n<p>Ating\u00e2nd frunza lucioas\u0103.<\/p>\n<p>&nbsp;<\/p>\n<p>Este mereu verde, luminoas\u0103<\/p>\n<p>Acolo mi-am stocat visele<\/p>\n<p>Pentru tine, na\u021bie frumoas\u0103!<\/p>\n<p>&nbsp;<\/p>\n<p>\u0218i anii s-au prelins&#8230;<\/p>\n<p>T\u00e2mplele albe \u00ee\u0219i strig\u0103 neputin\u021ba<\/p>\n<p>\u00cen al meu pl\u00e2ns&#8230;<\/p>\n<p>&nbsp;<\/p>\n<p>Copacule, ce-mi spui azi?<\/p>\n<p>De ce vremurile sunt a\u0219a tulburi?<\/p>\n<p>Prin fream\u0103t \u00eemi r\u0103spunzi&#8230;<\/p>\n<p>&nbsp;<\/p>\n<p>L\u0103crimez \u00eencremenit\u0103&#8230;<\/p>\n<p>Nu mai putem face nimic?<\/p>\n<p>\u021aara mea batjocorit\u0103?<\/p>\n<p>&nbsp;<\/p>\n<p>Doamne, prive\u0219te-ne!<\/p>\n<p>Nu ne l\u0103sa \u00een r\u0103t\u0103cire,<\/p>\n<p>Doamne, Doamne miluie\u0219te-ne!<\/p>\n<p>&nbsp;<\/p>\n<p>Mariana Gurza<\/p>\n<p>&nbsp;<\/p>\n","protected":false},"excerpt":{"rendered":"<p>\u00cen mijlocul tumultului &nbsp; &nbsp; Firav\u0103, \u00een mijlocul tumultului Incerc s\u0103 descifrez Limbajul timpului. &nbsp; M\u0103 \u00eencol\u0103cesc neputincioas\u0103 De copacul [&#038;hellip<\/p>\n","protected":false},"author":1,"featured_media":0,"comment_status":"closed","ping_status":"closed","sticky":false,"template":"","format":"standard","meta":{"footnotes":""},"categories":[3],"tags":[],"class_list":["post-18733","post","type-post","status-publish","format-standard","hentry","category-articole"],"_links":{"self":[{"href":"https:\/\/www.marianagurza.ro\/blog\/wp-json\/wp\/v2\/posts\/18733","targetHints":{"allow":["GET"]}}],"collection":[{"href":"https:\/\/www.marianagurza.ro\/blog\/wp-json\/wp\/v2\/posts"}],"about":[{"href":"https:\/\/www.marianagurza.ro\/blog\/wp-json\/wp\/v2\/types\/post"}],"author":[{"embeddable":true,"href":"https:\/\/www.marianagurza.ro\/blog\/wp-json\/wp\/v2\/users\/1"}],"replies":[{"embeddable":true,"href":"https:\/\/www.marianagurza.ro\/blog\/wp-json\/wp\/v2\/comments?post=18733"}],"version-history":[{"count":4,"href":"https:\/\/www.marianagurza.ro\/blog\/wp-json\/wp\/v2\/posts\/18733\/revisions"}],"predecessor-version":[{"id":18741,"href":"https:\/\/www.marianagurza.ro\/blog\/wp-json\/wp\/v2\/posts\/18733\/revisions\/18741"}],"wp:attachment":[{"href":"https:\/\/www.marianagurza.ro\/blog\/wp-json\/wp\/v2\/media?parent=18733"}],"wp:term":[{"taxonomy":"category","embeddable":true,"href":"https:\/\/www.marianagurza.ro\/blog\/wp-json\/wp\/v2\/categories?post=18733"},{"taxonomy":"post_tag","embeddable":true,"href":"https:\/\/www.marianagurza.ro\/blog\/wp-json\/wp\/v2\/tags?post=18733"}],"curies":[{"name":"wp","href":"https:\/\/api.w.org\/{rel}","templated":true}]}}