{"id":18747,"date":"2014-07-16T21:27:26","date_gmt":"2014-07-16T21:27:26","guid":{"rendered":"http:\/\/www.marianagurza.ro\/blog\/?p=18747"},"modified":"2014-07-16T21:28:02","modified_gmt":"2014-07-16T21:28:02","slug":"maria-diana-popescu-un-divort-celebru-sfaraiala-unui-primar-si-taxa-pe-aer","status":"publish","type":"post","link":"https:\/\/www.marianagurza.ro\/blog\/2014\/07\/16\/maria-diana-popescu-un-divort-celebru-sfaraiala-unui-primar-si-taxa-pe-aer\/","title":{"rendered":"Maria Diana Popescu: Un divor\u0163 celebru, sf\u00e2r\u00e2iala unui primar \u015fi taxa pe aer"},"content":{"rendered":"<p style=\"text-align: justify;\"><a href=\"http:\/\/www.marianagurza.ro\/blog\/wp-content\/uploads\/2014\/07\/MDP-Editorial-poza-noua4.jpg\"><img loading=\"lazy\" decoding=\"async\" class=\"size-medium wp-image-18748 alignleft\" title=\"MDP - Editorial poza noua\" src=\"http:\/\/www.marianagurza.ro\/blog\/wp-content\/uploads\/2014\/07\/MDP-Editorial-poza-noua4-174x300.jpg\" alt=\"\" width=\"174\" height=\"300\" srcset=\"https:\/\/www.marianagurza.ro\/blog\/wp-content\/uploads\/2014\/07\/MDP-Editorial-poza-noua4-174x300.jpg 174w, https:\/\/www.marianagurza.ro\/blog\/wp-content\/uploads\/2014\/07\/MDP-Editorial-poza-noua4.jpg 385w\" sizes=\"auto, (max-width: 174px) 100vw, 174px\" \/><\/a>\u00cen patul conjugal al rela\u0163iei transatlantice germano-americane s-au strecurat ani de-a r\u00eendul ne\u00eencrederi \u015fi infidelit\u0103\u0163i. Ucenicii lui Sam au f\u0103cut-o de oaie, \u00a0motiv pentru care \u015fefului reziden\u0163ei C.I.A. din Berlin\u00a0 i s-au pus \u00een bra\u0163e hot\u0103r\u00eerea de divor\u0163, plapuma, valiza cu ocheane \u015fi a fost expulzat la mama lui. Purt\u0103torul de cuv\u00eent al guvernului german, Steffen Seibert a cerut reprezentantului serviciilor secrete americane din ambasada Statelor Unite ale Americii s\u0103 p\u0103r\u0103seasc\u0103 Germania. America a spionat Germania din acelea\u015fi motive pentru care un so\u0163 ar pune un detectiv particular pe urmele so\u0163iei presupus infidele. Se prea poate ca Angela Dorothea Merkel, iritat\u0103 de binoclul indiscret al C.I.A. sau de faptul c\u0103 Germania nu este parte a cercului de \u00eencredere maxim\u0103, care reglementeaz\u0103 o colaborarea strategic\u0103 \u00eentre serviciile de informa\u0163ii ale \u0163\u0103rilor vorbitoare de limb\u0103 englez\u0103, SUA, Canada, Marea Britanie \u015fi Australia, s\u0103 dea semnalul unui mar\u015f antiamerican\u2026<\/p>\n<p style=\"text-align: justify;\"><strong>O resuscitare a vechii Europe?<\/strong><\/p>\n<p style=\"text-align: justify;\">S\u0103 fie expulzarea vinovatului masca unei declara\u0163ii de putere? Poate c\u0103 Germania, extrem de puternic\u0103 acum, vrea s\u0103 aleag\u0103 \u015fi altceva dec\u00eet \u201eVestul S\u0103lbatic\u201d\u2026 Sau poate faptul c\u0103, de ceva vreme, \u0162arul \u015fi Cancelarul se g\u00eendesc ne\u00eencetat unul la altul \u015fi la c\u00eet de avantajoas\u0103 ar fi fascina\u0163ia apropierii. O alian\u0163\u0103 Germania-Rusia ar fi o pies\u0103 de teatru tragic\u0103 pentru viitorul Europei. Reeditarea Pactului Hitler-Stalin, de acum 75 de ani \u2013 necondamnat, nereclamat \u015fi neanulat, \u00eenc\u0103, de Rom\u00e2nia &#8211; n-ar mai mira pe nimeni, ar fi un act \u201epolitically incorrect\u201d \u00een contextul actual. Instabilitatea germano-american\u0103 s-a accentuat din 2003, an \u00een care Berlinul s-a dep\u0103rtat de politica \u015fi ac\u0163iunea Statelor Unite ale Americii \u00een campania militar\u0103 din Irak, bloc\u00eend, \u00een plus, ob\u0163inerea unui mandat din partea O.N.U. \u015fi a N.A.T.O. De la aceast\u0103 born\u0103, alian\u0163a politic\u0103 \u00eentre cele dou\u0103 mari puteri a \u00eenceput s\u0103 sc\u00eer\u0163\u00eeie. Scandalurile de spionaj american din Europa (cazul Snowden \u015fi Victoria Nuland, cu dispre\u0163ul \u015fi \u00eenjur\u0103turile telefonice la adresa U.E., ascultarea convorbirilor cancelarului \u015fi alte \u201eperforman\u0163e diplomatice\u201d americane) s\u0103 fi fost pic\u0103turile ce au umplut paharul, au deranjat \u015fi obligat Berlinul s\u0103 ia m\u0103sura expulz\u0103rii?<\/p>\n<p style=\"text-align: justify;\">\u201e<em>Spionajul din partea prietenilor este inacceptabil\u201d <\/em>a declarat cancelarul german. Poate fi luat\u0103 \u00een calcul \u015fi o resuscitare a vechii Europe (Fran\u0163a &#8211; Germania), care dore\u015fte s\u0103 stea ceva mai deoparte de \u201evalorile\u201d\u00a0 americane \u015fi despre o nou\u0103 Europ\u0103 (\u0163\u0103rile Europei Centrale \u015fi de Est), la dispozi\u0163ia Americii. Am v\u0103zut cu to\u0163ii diferen\u0163a dintre reac\u0163ia Germaniei\u00a0 \u015fi cea a Americii \u00een timpul crizei din Ucraina. Modera\u0163ie, re\u0163inere \u015fi dialog din partea Berlinului \u015fi activitate intens\u0103 pe teren din partea Washington-ului.<\/p>\n<p style=\"text-align: justify;\"><strong>Invit D.N.A-ul s\u0103 mearg\u0103 \u00een excursie la prim\u0103riile comunale<\/strong><\/p>\n<p style=\"text-align: justify;\">Pentru c\u0103 e vara \u00een toi \u015fi vacan\u0163ele ne fac cu ochiul, dincolo de corup\u0163ie \u015fi manipulare ne r\u0103m\u00eene echilibrul nostru \u015fi e musai s\u0103 ne relax\u0103m, nu \u00eenainte de a-i \u00eenchide \u00een debara pe magi\u015ftrii no\u015ftri politicieni, care\u00a0 ne-au ar\u0103tat tot timpul c\u0103 a face politic\u0103 \u00eenseamn\u0103 a se \u00eenregimenta \u00een clanurile mafiote, a se opinti din greu pentru a-\u015fi \u0163ine fotoliu lipit de fund \u015fi a-\u015fi spori zestrea \u201efamigliei\u201d. N-am fost \u00een stare s\u0103 le ar\u0103t\u0103m u\u015fa la timp, s\u0103-i l\u0103s\u0103m s\u0103-\u015fi ia pastilele de cap, ca s\u0103 nu se mai cread\u0103 nemuritorii care pot rezista la infinit \u00een n\u0103molul mla\u015ftinilor. Munc\u0103, munc\u0103, dar avem \u015fi dreptul la relaxare, motiv pentru care, invit politicos D.N.A-ul s\u0103 mearg\u0103 \u00een excursie la prim\u0103riile comunale. Nu de alta, dar \u00een aceste zone greu de controlat, primarii, viceprimarii, poli\u0163i\u015ftii \u015fi perceptorii fac legea dup\u0103 urechea lor. Pentru c\u0103 tot le-au fost m\u0103rite lefurile s\u0103rmanilor primari, de parc\u0103 ar s\u0103pa cu h\u00eerle\u0163ul \u015fan\u0163uri de canalizare sau ar \u00eempr\u0103\u015ftia prundi\u015ful pe uli\u0163e, s\u0103 vedem ce vr\u0103ji au mai f\u0103cut unii dintre ei pe banii contribuabililor. Primarul Sf\u00e2rela din Gil\u0103ul de Cluj a f\u0103cut \u015fi el o sf\u00eer\u00eeial\u0103 demn\u0103 de un atentat la lini\u015ftea public\u0103. O investi\u0163ie inutil\u0103 de care localnicii nu s\u00eent \u00eenc\u00eenta\u0163i! Un fel de comuna arde \u015fi primarul \u00ee\u015fi cump\u0103ra ceas c\u00eent\u0103tor. Drumurile comunei nu s\u00eent toate\u00a0 asfaltate, unele gospod\u0103rii n-au curent electric, s\u0103tenii au camera de protocol printre buruieni \u00een fundul gr\u0103dinii, iar domn Sf\u00eerlea le-a adus s\u0103tenilor \u201eo belea c\u00eent\u0103toare pe cap\u201d, pentru c\u0103, zice el, \u201ed\u0103 o not\u0103 de modernism\u201d. Ma\u015fin\u0103ria din fa\u0163a prim\u0103riei c\u00eent\u0103 o melodie diferit\u0103 la fiecare or\u0103, indic\u0103 temperatura ale\u015filor locali, a\u015fadar adio lini\u015fte \u00een comun\u0103! Vacile vor fi mulse la ora exact\u0103, pe muzic\u0103. Cu banii da\u0163i pe ceas, adic\u0103, zece mii de euro, ar fi putut aduce o por\u0163iune de canalizare \u00een comun\u0103 sau i-ar fi sc\u0103pat pe localnici de noroiul uli\u0163elor. Ca s\u0103-\u015fi targ\u0103 v\u00eertos partea, primarii au tot f\u0103cut parcuri la sate, unde gospodarii \u00ee\u015fi pasc vacile, bazine de \u00eenot, s\u0103li de sport, stadioane de sute de milioane de euro pentru bie\u0163ii b\u0103tr\u00eeni sprijini\u0163i \u00een toiag sau de st\u00eelpul por\u0163ii \u00een a\u015fteptarea umilei pensii.\u00a0Tr\u0103iasc\u0103 inven\u0163iile primarilor pentru a deturna drumul banilor din uli\u0163a glodoas\u0103 spre vilele personale!<\/p>\n<p style=\"text-align: justify;\"><strong>Taxa pe aer a intrat \u00een scen\u0103<\/strong><\/p>\n<p style=\"text-align: justify;\">S\u00eente\u0163i asedia\u0163i de taxe? Se poate \u015fi mai r\u0103u. Prima tax\u0103 pe aer, din lungul \u015fir de taxe absurde, a intrat \u00een vigoare \u00een Venezuela, \u0163ara care de\u0163ine cele mai mari resurse de petrol din lume, dar concomitent se confrunt\u0103 cu o criz\u0103 a h\u00eertiei igienice \u015fi a zah\u0103rului. Taxa a fost impus\u0103 pe Aeroportul interna\u0163ional Maiquetia din Caracas, un aeroport \u00een care wc-urile n-au ap\u0103, iar c\u00eeinii vagabonzi mi\u015fun\u0103 printre pasageri. C\u0103l\u0103torii care intr\u0103 \u00een terminalul aeroportului vor pl\u0103ti de acum \u00eenainte 127 de bolivari, echivalentul a 20 de dolari. Oficialii din Caracas afirm\u0103 c\u0103 taxa pe aer va acoperi cheltuielile unui sistem sofisticat de ozonizare \u015fi purificare din re\u0163eaua de aer condi\u0163ionat a aeroportului, fiind singurul aeroport din America de Sud \u015fi din zona Caraibelor care folose\u015fte o asemenea instala\u0163ie ce protejeaz\u0103 s\u0103n\u0103tatea c\u0103l\u0103torilor, elimin\u0103 bacteriile \u015fi odorizeaz\u0103 cl\u0103direa. Dup\u0103 instituirea taxei pe aer reac\u0163ia publicului a fost de nemul\u0163umire \u015fi furie, catalog\u00eend m\u0103sura ca o disperare a conducerii aeroportului \u00een urma crizei de bani, dup\u0103 ce mai multe companii aeriene \u015fi-au suspendat zborurile spre Caracas, din cauza unei dispute financiare cu Guvernul Venezuelei. Primul pas a fost f\u0103cut. Nu va trece prea mult \u015fi taxa pe aer va infecta \u00een mod absurd omenirea. La noi, taxa pe apa de ploaie face ravagii, cred c\u0103 de aceea nu se \u00eendur\u0103 speciali\u015ftii \u00een tehnologia ploilor s\u0103 apese butonul \u201eoprit\u201d.\u00a0 S\u0103 nu uit\u0103m c\u0103 americanii ne-au adus astfel de \u201eutilaje\u201d sofisticate pe teritoriul \u0162\u0103rii.<\/p>\n<p style=\"text-align: justify;\">Maria Diana Popescu, Agero<\/p>\n<p style=\"text-align: justify;\"><a href=\"http:\/\/www.agero-stuttgart.de\/\"> www.agero-stuttgart.de<\/a><\/p>\n","protected":false},"excerpt":{"rendered":"<p>\u00cen patul conjugal al rela\u0163iei transatlantice germano-americane s-au strecurat ani de-a r\u00eendul ne\u00eencrederi \u015fi infidelit\u0103\u0163i. Ucenicii lui Sam au f\u0103cut-o [&#038;hellip<\/p>\n","protected":false},"author":1,"featured_media":0,"comment_status":"closed","ping_status":"closed","sticky":false,"template":"","format":"standard","meta":{"footnotes":""},"categories":[3,6],"tags":[],"class_list":["post-18747","post","type-post","status-publish","format-standard","hentry","category-articole","category-linkuri-externe"],"_links":{"self":[{"href":"https:\/\/www.marianagurza.ro\/blog\/wp-json\/wp\/v2\/posts\/18747","targetHints":{"allow":["GET"]}}],"collection":[{"href":"https:\/\/www.marianagurza.ro\/blog\/wp-json\/wp\/v2\/posts"}],"about":[{"href":"https:\/\/www.marianagurza.ro\/blog\/wp-json\/wp\/v2\/types\/post"}],"author":[{"embeddable":true,"href":"https:\/\/www.marianagurza.ro\/blog\/wp-json\/wp\/v2\/users\/1"}],"replies":[{"embeddable":true,"href":"https:\/\/www.marianagurza.ro\/blog\/wp-json\/wp\/v2\/comments?post=18747"}],"version-history":[{"count":3,"href":"https:\/\/www.marianagurza.ro\/blog\/wp-json\/wp\/v2\/posts\/18747\/revisions"}],"predecessor-version":[{"id":18750,"href":"https:\/\/www.marianagurza.ro\/blog\/wp-json\/wp\/v2\/posts\/18747\/revisions\/18750"}],"wp:attachment":[{"href":"https:\/\/www.marianagurza.ro\/blog\/wp-json\/wp\/v2\/media?parent=18747"}],"wp:term":[{"taxonomy":"category","embeddable":true,"href":"https:\/\/www.marianagurza.ro\/blog\/wp-json\/wp\/v2\/categories?post=18747"},{"taxonomy":"post_tag","embeddable":true,"href":"https:\/\/www.marianagurza.ro\/blog\/wp-json\/wp\/v2\/tags?post=18747"}],"curies":[{"name":"wp","href":"https:\/\/api.w.org\/{rel}","templated":true}]}}