{"id":18775,"date":"2014-07-24T09:51:42","date_gmt":"2014-07-24T09:51:42","guid":{"rendered":"http:\/\/www.marianagurza.ro\/blog\/?p=18775"},"modified":"2014-07-24T10:04:52","modified_gmt":"2014-07-24T10:04:52","slug":"colocviile-de-marti-intre-savitri-si-brancusi","status":"publish","type":"post","link":"https:\/\/www.marianagurza.ro\/blog\/2014\/07\/24\/colocviile-de-marti-intre-savitri-si-brancusi\/","title":{"rendered":"Colocviile de Mar\u0163i &#8211; \u00centre Savitri \u0219i Br\u00e2ncu\u0219i"},"content":{"rendered":"<p style=\"text-align: center;\"><a href=\"http:\/\/www.marianagurza.ro\/blog\/wp-content\/uploads\/2014\/07\/Centrul-Calderon_Bucuresti.jpg\"><img loading=\"lazy\" decoding=\"async\" class=\"size-medium wp-image-18776\" title=\"Centrul-Calderon_Bucuresti\" src=\"http:\/\/www.marianagurza.ro\/blog\/wp-content\/uploads\/2014\/07\/Centrul-Calderon_Bucuresti-300x225.jpg\" alt=\"\" width=\"300\" height=\"225\" srcset=\"https:\/\/www.marianagurza.ro\/blog\/wp-content\/uploads\/2014\/07\/Centrul-Calderon_Bucuresti-300x225.jpg 300w, https:\/\/www.marianagurza.ro\/blog\/wp-content\/uploads\/2014\/07\/Centrul-Calderon_Bucuresti.jpg 800w\" sizes=\"auto, (max-width: 300px) 100vw, 300px\" \/><\/a><\/p>\n<p style=\"text-align: center;\"><strong>Primarul Sectorului 2 are deosebita pl\u0103cere s<\/strong><strong>\u0103 v\u0103 invit<\/strong><strong>e<\/strong><\/p>\n<p style=\"text-align: center;\"><strong>Mar\u0163i 29 iulie 2014, orele 17.00, la evenimentul cultural<\/strong><\/p>\n<p style=\"text-align: center;\"><strong>Colocviile de Mar\u0163i &#8211; \u00centre Savitri \u0219i Br\u00e2ncu\u0219i<\/strong><\/p>\n<p style=\"text-align: center;\">\u00a0\u00a0\u00a0\u00a0\u00a0\u00a0 Evenimentul va avea loc la Centrul socio-cultural \u201eJean Louis Calderon\u201d,<\/p>\n<p style=\"text-align: center;\">Str.<strong> <\/strong>J.L. Calderon nr.39, tel. 0213156670<\/p>\n<p><strong><em>\u00a0<\/em><\/strong><\/p>\n<p><strong><em>\u00a0<\/em><\/strong><\/p>\n<p>&nbsp;<\/p>\n<p style=\"text-align: justify;\"><span style=\"color: #000000;\"><a href=\"http:\/\/www.sasnet.lu.se\/content\/kolkata-conference-vivekananda-grundtvig-rolland-gramsci-and-freire\" target=\"_blank\"><span style=\"color: #000000;\"><em>\u00a0<\/em><\/span><\/a><a href=\"http:\/\/www.sasnet.lu.se\/content\/kolkata-conference-vivekananda-grundtvig-rolland-gramsci-and-freire\" target=\"_blank\"><span style=\"color: #000000;\">Parteneri: Asocia\u021bia Cultural\u0103 Rom\u00e2no-Indian\u0103, Academia <\/span><\/a><a href=\"http:\/\/www.sasnet.lu.se\/content\/kolkata-conference-vivekananda-grundtvig-rolland-gramsci-and-freire\" target=\"_blank\"><span style=\"color: #000000;\">Interna\u021bional\u0103 <\/span><\/a><a href=\"http:\/\/www.sasnet.lu.se\/content\/kolkata-conference-vivekananda-grundtvig-rolland-gramsci-and-freire\" target=\"_blank\"><span style=\"color: #000000;\">Mihai <\/span><\/a><a href=\"http:\/\/www.sasnet.lu.se\/content\/kolkata-conference-vivekananda-grundtvig-rolland-gramsci-and-freire\" target=\"_blank\"><span style=\"color: #000000;\">Eminescu, Societatea de Etnologie din Rom\u00e2nia, Funda\u021bia <\/span><\/a><a href=\"http:\/\/www.sasnet.lu.se\/content\/kolkata-conference-vivekananda-grundtvig-rolland-gramsci-and-freire\" target=\"_blank\"><span style=\"color: #000000;\">Dumitru Dr\u0103ghicescu, <\/span><\/a><a href=\"http:\/\/www.sasnet.lu.se\/content\/kolkata-conference-vivekananda-grundtvig-rolland-gramsci-and-freire\" target=\"_blank\"><span style=\"color: #000000;\">Asocia\u021bia Rom\u00e2n\u0103 <\/span><\/a><a href=\"http:\/\/www.sasnet.lu.se\/content\/kolkata-conference-vivekananda-grundtvig-rolland-gramsci-and-freire\" target=\"_blank\"><span style=\"color: #000000;\">de Istorie a Presei. Format: Addresses, <\/span><\/a><a href=\"http:\/\/www.sasnet.lu.se\/content\/kolkata-conference-vivekananda-grundtvig-rolland-gramsci-and-freire\" target=\"_blank\"><span style=\"color: #000000;\">Interven\u021bii, Teatru de poezie, <\/span><\/a><a href=\"http:\/\/www.sasnet.lu.se\/content\/kolkata-conference-vivekananda-grundtvig-rolland-gramsci-and-freire\" target=\"_blank\"><span style=\"color: #000000;\">\u00cent\u00e2lniri, (Re)lans\u0103ri de c\u0103r\u021bi \u0219i publica\u021bii, Proiecte, <\/span><\/a><a href=\"http:\/\/www.sasnet.lu.se\/content\/kolkata-conference-vivekananda-grundtvig-rolland-gramsci-and-freire\" target=\"_blank\"><span style=\"color: #000000;\">Portrete, Ateliere Creative<\/span><\/a>.<\/span><\/p>\n<p style=\"text-align: justify;\"><span style=\"color: #000000;\"><a href=\"http:\/\/www.sasnet.lu.se\/content\/kolkata-conference-vivekananda-grundtvig-rolland-gramsci-and-freire\" target=\"_blank\"><span style=\"color: #000000;\">D-na Sorana Gorjan, ne invit\u0103 la prima expozi\u021bie personal\u0103 a lui Br\u00e2ncu\u0219i \u00een America, <\/span><\/a><a href=\"http:\/\/www.sasnet.lu.se\/content\/kolkata-conference-vivekananda-grundtvig-rolland-gramsci-and-freire\" target=\"_blank\"><span style=\"color: #000000;\">dup\u0103 o sut\u0103 de ani, 1914. D-l Pu\u0219i Dinulescu evoc\u0103 trinitatea peren\u0103 <\/span><\/a><a href=\"http:\/\/www.sasnet.lu.se\/content\/kolkata-conference-vivekananda-grundtvig-rolland-gramsci-and-freire\" target=\"_blank\"><span style=\"color: #000000;\">St\u0103nescu-Baltag-Constantin. \u00cel a\u0219tept\u0103m \u0219i pe d-l Vasile Andru, lansator. <\/span><\/a><a href=\"http:\/\/www.sasnet.lu.se\/content\/kolkata-conference-vivekananda-grundtvig-rolland-gramsci-and-freire\" target=\"_blank\"><span style=\"color: #000000;\">Spiritul Savitri ne \u00eentremeaz\u0103. Anivers\u0103ri \u00een iulie: <\/span><\/a><a href=\"http:\/\/www.sasnet.lu.se\/content\/kolkata-conference-vivekananda-grundtvig-rolland-gramsci-and-freire\" target=\"_blank\"><span style=\"color: #000000;\">C.W. Gluck 300 (2), <\/span><\/a><a href=\"http:\/\/www.sasnet.lu.se\/content\/kolkata-conference-vivekananda-grundtvig-rolland-gramsci-and-freire\" target=\"_blank\"><span style=\"color: #000000;\">Cezar Baltag 75 (26).<\/span><\/a><a href=\"http:\/\/www.sasnet.lu.se\/content\/kolkata-conference-vivekananda-grundtvig-rolland-gramsci-and-freire\" target=\"_blank\"><span style=\"color: #000000;\"><strong><em> <\/em><\/strong>Anivers\u0103ri \u00een august (colocviu, 26): <\/span><\/a><a href=\"http:\/\/www.sasnet.lu.se\/content\/kolkata-conference-vivekananda-grundtvig-rolland-gramsci-and-freire\" target=\"_blank\"><span style=\"color: #000000;\">Veronica Micle 125 (4 m);<\/span><\/a>Constantin Br\u00e2ncoveanu 300 (15 m); <a href=\"http:\/\/www.sasnet.lu.se\/content\/kolkata-conference-vivekananda-grundtvig-rolland-gramsci-and-freire\" target=\"_blank\"><span style=\"color: #000000;\">Julio Cortazar 100 (26). <\/span><\/a><\/span><\/p>\n<p style=\"text-align: justify;\"><em>Amfitrion<\/em>: <strong>Dr. George Anca<\/strong><\/p>\n<p>&nbsp;<\/p>\n<p>&nbsp;<\/p>\n<p><span style=\"color: #000000;\"><a href=\"http:\/\/www.sasnet.lu.se\/content\/kolkata-conference-vivekananda-grundtvig-rolland-gramsci-and-freire\" target=\"_blank\"><span style=\"color: #000000;\"><em>Interven\u021bii<\/em>:<\/span><\/a><\/span><\/p>\n<ul>\n<li><span style=\"color: #000000;\"><a href=\"http:\/\/www.sasnet.lu.se\/content\/kolkata-conference-vivekananda-grundtvig-rolland-gramsci-and-freire\" target=\"_blank\"><span style=\"color: #000000;\">Sorana Georgescu-Gorjan: <em>Prima expozi\u021bie personal\u0103 a lui Br\u00e2ncu\u0219i \u00een America, 1914<\/em><\/span><\/a><\/span><\/li>\n<li><span style=\"color: #000000;\"><a href=\"http:\/\/www.sasnet.lu.se\/content\/kolkata-conference-vivekananda-grundtvig-rolland-gramsci-and-freire\" target=\"_blank\"><span style=\"color: #000000;\">Pu\u0219i Dinulescu: <em>Nichita, Cezar \u0219i Ilie<\/em><\/span><\/a><\/span><\/li>\n<li><span style=\"color: #000000;\"><a href=\"http:\/\/www.sasnet.lu.se\/content\/kolkata-conference-vivekananda-grundtvig-rolland-gramsci-and-freire\" target=\"_blank\"><span style=\"color: #000000;\">Gheorghe Istrate:<em> Fra\u021bii Cezar \u0219i Nicloae Baltag, poetul \u0219i criticul <\/em><\/span><\/a><\/span><\/li>\n<li><span style=\"color: #000000;\"><a href=\"http:\/\/www.sasnet.lu.se\/content\/kolkata-conference-vivekananda-grundtvig-rolland-gramsci-and-freire\" target=\"_blank\"><span style=\"color: #000000;\">George Anca: <em>Cezar Baltag, traduc\u0103tor al lui Mircea Eliade<\/em><\/span><\/a><\/span><\/li>\n<li><span style=\"color: #000000;\"><a href=\"http:\/\/www.sasnet.lu.se\/content\/kolkata-conference-vivekananda-grundtvig-rolland-gramsci-and-freire\" target=\"_blank\"><span style=\"color: #000000;\">Mihai Teodorescu: <em>Tratatul de la Malta<\/em><\/span><\/a><\/span><\/li>\n<li><span style=\"color: #000000;\"><a href=\"http:\/\/www.sasnet.lu.se\/content\/kolkata-conference-vivekananda-grundtvig-rolland-gramsci-and-freire\" target=\"_blank\"><span style=\"color: #000000;\">Horace Gange:<em> Savitri, Aurobindo, Pondicherry<\/em><\/span><\/a><\/span><\/li>\n<\/ul>\n<p>&nbsp;<\/p>\n<p><span style=\"color: #000000;\"><a href=\"http:\/\/www.sasnet.lu.se\/content\/kolkata-conference-vivekananda-grundtvig-rolland-gramsci-and-freire\" target=\"_blank\"><span style=\"color: #000000;\"><em>Lans\u0103ri<\/em>:<\/span><\/a><\/span><\/p>\n<ul>\n<li>\n<p style=\"text-align: justify;\"><span style=\"color: #000000;\"><a href=\"http:\/\/www.sasnet.lu.se\/content\/kolkata-conference-vivekananda-grundtvig-rolland-gramsci-and-freire\" target=\"_blank\"><span style=\"color: #000000;\">Gheorghe Dumitra\u0219cu:<em> Haretismul \u00een \u0219coala rom\u00e2neasc\u0103,<\/em> F\u00e2nt\u00e2na lui Manole, Rm. V\u00e2lcea<\/span><\/a><\/span><\/p>\n<\/li>\n<li style=\"text-align: justify;\"><span style=\"color: #000000;\"><a href=\"http:\/\/www.sasnet.lu.se\/content\/kolkata-conference-vivekananda-grundtvig-rolland-gramsci-and-freire\" target=\"_blank\"><span style=\"color: #000000;\"><em>Lumina lumii<\/em>, nr. 21-22, Rm. V\u00e2lcea, 2013<\/span><\/a><\/span><\/li>\n<li style=\"text-align: justify;\"><span style=\"color: #000000;\"><a href=\"http:\/\/www.sasnet.lu.se\/content\/kolkata-conference-vivekananda-grundtvig-rolland-gramsci-and-freire\" target=\"_blank\"><span style=\"color: #000000;\">Gheorghe Stancu: <em>Amintiri din r\u0103zboi, amintiri din via\u021b\u0103<\/em>, ed. II, Comphis, 2013<\/span><\/a><\/span><\/li>\n<li style=\"text-align: justify;\"><span style=\"color: #000000;\"><a href=\"http:\/\/www.sasnet.lu.se\/content\/kolkata-conference-vivekananda-grundtvig-rolland-gramsci-and-freire\" target=\"_blank\"><span style=\"color: #000000;\">Stoian Adrian \u0218tefan: <em>Fra\u021bii diavolului<\/em>, edi\u021bia a II-a, Sem\u0103n\u0103torull, Tismana, 1914<\/span><\/a><\/span><\/li>\n<\/ul>\n<p style=\"text-align: justify;\"><span style=\"color: #000000;\"><strong><em>\u00a0<\/em><\/strong><\/span><\/p>\n<p>&nbsp;<\/p>\n<p style=\"text-align: center;\"><strong>La eveniment particip\u0103 scriitori, actori, ziari\u015fti \u015fi membri ai Centrului.<\/strong><\/p>\n<p style=\"text-align: center;\"><strong>\u00a0<\/strong><\/p>\n<p style=\"text-align: center;\"><strong><em>\u00cen speran\u0163a c\u0103 ve\u0163i da curs invita\u0163iei noastre, v\u0103 a\u015ftept\u0103m cu drag.<\/em><\/strong><\/p>\n<p style=\"text-align: center;\"><strong><em>\u00a0<\/em><\/strong><\/p>\n<p style=\"text-align: center;\"><strong>Cu deosebit\u0103 considera\u0163ie,<\/strong><\/p>\n<p style=\"text-align: center;\"><strong>Primarul Sectorului 2,<\/strong><\/p>\n<p align=\"center\"><strong>Neculai On\u0163anu<\/strong><\/p>\n<p style=\"text-align: center;\"><strong><br \/>\n<\/strong><\/p>\n<p>&nbsp;<\/p>\n","protected":false},"excerpt":{"rendered":"<p>Primarul Sectorului 2 are deosebita pl\u0103cere s\u0103 v\u0103 invite Mar\u0163i 29 iulie 2014, orele 17.00, la evenimentul cultural Colocviile de [&#038;hellip<\/p>\n","protected":false},"author":1,"featured_media":0,"comment_status":"closed","ping_status":"closed","sticky":false,"template":"","format":"standard","meta":{"footnotes":""},"categories":[3],"tags":[],"class_list":["post-18775","post","type-post","status-publish","format-standard","hentry","category-articole"],"_links":{"self":[{"href":"https:\/\/www.marianagurza.ro\/blog\/wp-json\/wp\/v2\/posts\/18775","targetHints":{"allow":["GET"]}}],"collection":[{"href":"https:\/\/www.marianagurza.ro\/blog\/wp-json\/wp\/v2\/posts"}],"about":[{"href":"https:\/\/www.marianagurza.ro\/blog\/wp-json\/wp\/v2\/types\/post"}],"author":[{"embeddable":true,"href":"https:\/\/www.marianagurza.ro\/blog\/wp-json\/wp\/v2\/users\/1"}],"replies":[{"embeddable":true,"href":"https:\/\/www.marianagurza.ro\/blog\/wp-json\/wp\/v2\/comments?post=18775"}],"version-history":[{"count":6,"href":"https:\/\/www.marianagurza.ro\/blog\/wp-json\/wp\/v2\/posts\/18775\/revisions"}],"predecessor-version":[{"id":18778,"href":"https:\/\/www.marianagurza.ro\/blog\/wp-json\/wp\/v2\/posts\/18775\/revisions\/18778"}],"wp:attachment":[{"href":"https:\/\/www.marianagurza.ro\/blog\/wp-json\/wp\/v2\/media?parent=18775"}],"wp:term":[{"taxonomy":"category","embeddable":true,"href":"https:\/\/www.marianagurza.ro\/blog\/wp-json\/wp\/v2\/categories?post=18775"},{"taxonomy":"post_tag","embeddable":true,"href":"https:\/\/www.marianagurza.ro\/blog\/wp-json\/wp\/v2\/tags?post=18775"}],"curies":[{"name":"wp","href":"https:\/\/api.w.org\/{rel}","templated":true}]}}