{"id":18808,"date":"2014-07-25T19:05:53","date_gmt":"2014-07-25T19:05:53","guid":{"rendered":"http:\/\/www.marianagurza.ro\/blog\/?p=18808"},"modified":"2014-07-26T06:13:53","modified_gmt":"2014-07-26T06:13:53","slug":"vavila-popovici-politica-vicleana","status":"publish","type":"post","link":"https:\/\/www.marianagurza.ro\/blog\/2014\/07\/25\/vavila-popovici-politica-vicleana\/","title":{"rendered":"Vavila Popovici: Politica viclean\u0103"},"content":{"rendered":"<p style=\"text-align: justify;\" align=\"right\"><em><a href=\"http:\/\/www.marianagurza.ro\/blog\/wp-content\/uploads\/2014\/07\/Vulpea-vanator.jpg\"><img loading=\"lazy\" decoding=\"async\" class=\"size-medium wp-image-18809 alignleft\" title=\"Vulpea vanator\" src=\"http:\/\/www.marianagurza.ro\/blog\/wp-content\/uploads\/2014\/07\/Vulpea-vanator-300x169.jpg\" alt=\"\" width=\"300\" height=\"169\" srcset=\"https:\/\/www.marianagurza.ro\/blog\/wp-content\/uploads\/2014\/07\/Vulpea-vanator-300x169.jpg 300w, https:\/\/www.marianagurza.ro\/blog\/wp-content\/uploads\/2014\/07\/Vulpea-vanator.jpg 441w\" sizes=\"auto, (max-width: 300px) 100vw, 300px\" \/><\/a><\/em><\/p>\n<p style=\"text-align: justify;\">\u00a0<em>\u201ePo\u021bi descoperi de ce se teme cel mai mult du\u0219manul t\u0103u, observ\u00e2nd cu ce \u00eencearc\u0103 s\u0103 te sperie.\u201d<\/em><em>\u00a0<\/em><\/p>\n<p style=\"text-align: right;\">&#8211; Eric Hoffer<\/p>\n<p>&nbsp;<\/p>\n<p>&nbsp;<\/p>\n<p>&nbsp;<\/p>\n<p style=\"text-align: justify;\">Viclenia este dup\u0103 dic\u0163ionarul explicativ al limbii rom\u00e2ne sinonim\u0103 cu perfidia, ipocrizia, falsitatea sau \u00een\u015fel\u0103ciunea. Cu sens mai atenuat: \u0218iretenie, \u0219mecherie, \u0219iretlic, stratagem\u0103.<\/p>\n<p style=\"text-align: justify;\"><em>\u201eOmul viclean se \u00eembrac\u0103 c\u00e2nd \u00een piele de oaie, c\u00e2nd \u00een piele de vulpe\u201d<\/em> spune un proverb rom\u00e2nesc. Tema vicleniei este o tem\u0103 veche \u0219i c\u00e2t se poate de actual\u0103. Cunoa\u0219tem ast\u0103zi viclenia social\u0103, infrac\u0163ional\u0103, armat\u0103, politic\u0103 etc. Scriitorul, jurnalistul rom\u00e2n Octavian Paler afirma c\u0103 politica <em>\u201enu are principii, are numai interese\u201d.<\/em> Formele vicleniei sunt multiple fiindc\u0103 oamenii vicleni ascund \u0219i se ascund, nu recunosc \u201emanevrele\u201d nici fa\u021b\u0103 de al\u021bii nici fa\u021b\u0103 de ei \u00eens\u0103\u0219i. De mai multe ori ajungem s\u0103 de d\u0103m seama de cine este viclean numai dup\u0103 ce am fost tra\u015fi pe sfoar\u0103. Are m\u0103rimi diferite, de la viclenia unui om din preajma noastr\u0103, p\u00e2n\u0103 la viclenia unui grup social, politic, financiar, este o tem\u0103 de care ne lovim \u015fi nu o putem l\u0103sa neabordat\u0103. Viclenia odat\u0103 ce ajunge s\u0103 fie practicat\u0103, devine o a doua natur\u0103 a omului, ajunge s\u0103-l defineasc\u0103, s\u0103 reprezinte o tr\u0103s\u0103tur\u0103 a caracterului s\u0103u. Este practicat\u0103 cu scopul de a profita sau de a trage beneficii de pe urma cuiva. Mul\u0163i se \u00eembog\u0103\u0163esc de pe urma celor s\u0103raci sau lipsi\u0163i, \u00een\u0219el\u00e2ndu-i, fur\u00e2ndu-le c\u00e2te ceva. Oamenii vicleni sunt lipsi\u0163i de caracter \u015fi de demnitate. Vicleniei i se opune starea de nevinov\u0103\u0163ie, de corectitudine, de loialitate, de bun\u0103tate. Omul viclean este un p\u0103c\u0103tos, un om incorect, lipsit de cinste, un om r\u0103u.<\/p>\n<p style=\"text-align: justify;\">\u00a0 Acest mare demon numit <em>Viclenie<\/em> este folosit drept \u201eme\u0219te\u0219ug\u201d abil, \u00a0\u00een scopul de a face r\u0103u cuiva, de a ob\u021bine fraudulos ceva, de a profita de sl\u0103biciunea sau inocen\u021ba cuiva. Viclenii se str\u0103duiesc \u00eentotdeauna s\u0103 par\u0103 mai buni dec\u00e2t sunt, viclenia lor fiind asociat\u0103 adesea cu perfidia, ipocrizia, falsitatea, \u0219iretenia, tertipul \u0219i oricare alte manevre iscusite, adaptate \u0219i necesare momentului \u0219i omului respectiv, pentru a reu\u0219i s\u0103 \u00een\u0219ele. Falsa bun\u0103tate sau falsul adev\u0103r sunt semne care ne pot deruta \u00een cunoa\u0219terea omului \u0219i a inten\u021biilor sale. Mai folositor \u00ee\u021bi este un prieten care \u00ee\u021bi vorbe\u0219te direct \u0219i sincer, dec\u00e2t un str\u0103in lingu\u0219itor, dar a\u0219a e via\u021ba, omul are prieteni dar \u0219i du\u0219mani care \u00eel lingu\u0219esc o perioad\u0103 de timp, spre a-l nimici mai u\u0219or. De cei r\u0103i ne putem feri singuri, c\u0103ci avem dovada clar\u0103 a r\u0103ut\u0103\u021bii lor, de cei vicleni \u00eens\u0103, ne poate p\u0103zi doar Dumnezeu, d\u00e2ndu-ne puterea de a ra\u021biona pentru a cunoa\u0219te g\u00e2ndurile lor ascunse.<\/p>\n<p style=\"text-align: justify;\">\u00a0\u00a0 Clevetirea, def\u0103imarea, ura, pizma, invidia, r\u0103zbunarea, facerea r\u0103ului se spune c\u0103 sunt surorile acestei st\u0103ri diavole\u0219ti. Omul viclean este o f\u0103ptur\u0103 <em>\u201emurdar\u0103\u201d<\/em> \u00een fa\u021ba lui Dumnezeu. Sub masca falsei smerenii, a bun\u0103t\u0103\u021bii \u00eenchipuite, a omeniei, a milei sau a drept\u0103\u021bii, cel viclean pune curse \u00een calea semenilor pentru a-i nimici. Viclenia este condamnat\u0103 de M\u00e2ntuitorul Iisus Hristos, c\u00e2nd \u00eei mustr\u0103 pe farisei, zic\u00e2nd: \u201e<em>Voi, fariseilor, cur\u0103\u021bi\u021bi partea din afar\u0103 a paharului \u0219i a blidului, dar l\u0103untrul vostru este plin de r\u0103pire \u0219i de viclenie\u201d<\/em> (Luca 11, 39).<\/p>\n<p style=\"text-align: justify;\">\u00a0\u00a0 Viclenia nu ar fi avut putere asupra omului, ne arat\u0103 Biblia, dac\u0103 acesta s-ar fi \u00eencrezut \u00een cuv\u00e2ntul lui Dumnezeu \u0219i ar fi cercetat mai atent pe cel care, pe ascuns, a vorbit potrivnic &#8211;\u00a0 \u0219arpele &#8211; cel mai \u0219iret dintre toate fiarele de pe p\u0103m\u00e2nt f\u0103cute de Dumnezeu. E greu, sigur c\u0103 este greu s\u0103 \u021bii piept \u201e<em>\u00eempotriva uneltirilor diavolului\u201d.<\/em> Strategia diavolului, iat\u0103, se repet\u0103 \u00een via\u021ba noastr\u0103. Falsa bun\u0103tate, aerul grandoman de cuceritor, minciuna sunt semne al vicleniei, deoarece ele \u00eencearc\u0103 a se prezenta fals, ca nobile \u00eenf\u0103\u021bi\u0219\u0103ri. \u00a0Aparent, celor vicleni le merge bine, ie\u0219ind mai tot timpul \u00een c\u00e2\u0219tig, \u00een dauna celor de l\u00e2ng\u0103 ei, \u00eens\u0103, dup\u0103 spusele scriitorului rom\u00e2n Ion Neculce <em>\u201ePas\u0103rea viclean\u0103 d\u0103 singur\u0103 \u00een la\u021b\u201d. <\/em>Dar p\u00e2n\u0103 s\u0103 a\u0219tept\u0103m s\u0103 cad\u0103 singur\u0103 \u00een la\u021b, poate ar fi bine s\u0103 ne str\u0103duim de a-i fi dat\u0103-n vileag viclenia,\u00a0 descurajat\u0103 la timp, pentru a nu fi prea t\u00e2rziu.<\/p>\n<p style=\"text-align: justify;\">\u00a0\u00a0 Concretiz\u00e2nd, revenind la \u201eoile noastre\u201d, aten\u021bia lumii \u00eentregi se focalizeaz\u0103, \u00een aceste zile, asupra\u00a0 nenorocirii din data de 17 iulie 2014, dat\u0103 la care cursa MH17 a Malaysian Airlines zbura pe ruta Amsterdam &#8211; Kuala Lumpur, c\u00e2nd avionul a fost dobor\u00e2t de o rachet\u0103. Kievul anun\u0163\u0103 c\u0103 avionul a fost dobor\u00e2t de \u201eterori\u015fti ru\u015fi\u201d. De cine, de necine, este o mare tragedie, o crima monstruoas\u0103! Rusia neag\u0103 orice implicare \u015fi transmite c\u0103 \u201eevident c\u0103 este vina statului pe teritoriul c\u0103reia s-a petrecut tragedia\u201d, ad\u0103ug\u00e2nd c\u0103 \u201ePoro\u0219enco are m\u00e2inile p\u0103tate cu s\u00e2nge pentru c\u0103 a demarat ofensiva asupra separati\u0219tilor\u201d. Dup\u0103 c\u00e2teva zile de presupuneri, analize \u00een care separati\u015ftii pro-ru\u015fi au negat ini\u021bial orice implicare \u00een atac, sus\u0163in\u00e2nd c\u0103 nu au armamentul necesar pentru a dobor\u00ee un Boeing 777 de la o asemenea altitudine, se fac publice mai multe intercept\u0103ri care arat\u0103 cum separati\u015ftii pro-ru\u015fi raporteaz\u0103 comandan\u0163ilor lor din Rusia c\u0103 au dobor\u00e2t un avion civil, pre\u0219edintele rus Vladimir Putin neag\u0103 \u00eens\u0103 orice implicare a for\u021belor armate ruse, sus\u021bin\u00e2nd c\u0103 responsabilitatea pentru cele 298 de vie\u0163i pierdute &#8211; 189 olandezi, 44 malaiezieni, 27 australieni, 12 indonezieni, 9 englezi, 4 germani, 4 belgieni, 3 filipinezi, un rom\u00e2no-canadian, un neozeelandez \u0219i \u00eenc\u0103 20 de pasageri c\u0103rora nu li s-a confirmat na\u0163ionalitatea (la acea dat\u0103) &#8211; este \u00een totalitate a Kievului, din cauza ofensivei demarate la 5 iulie \u00eempotriva separati\u015ftilor pro-ru\u015fi din estul \u0163\u0103rii.\u00a0\u00a0Vineri, 18 iulie,\u00a0apar fotografii \u015fi imagini video cu un sistem de rachete BUK care se \u00eendreapt\u0103 spre grani\u0163a cu Rusia. Mai apare \u0219i varianta sus\u021binut\u0103 de ucraineni, c\u0103 avionul a fost dobor\u00e2t pentru c\u0103 separati\u015ftii l-au confundat cu un avion militar ucrainean, care zbura tot \u00een acea zi de joi, cu c\u00e2teva ore \u00eenainte, separati\u015ftii dobor\u00e2nd anterior un avion de lupt\u0103 Suhoi-25 al ucrainenilor \u0219i un avion de transport militar AN-26. Kievul sus\u0163ine c\u0103 separati\u015ftii au capturat cutia neagr\u0103 a avionului \u0219i dup\u0103 confirmarea rebelilor, se afl\u0103 \u00een posesia acestora, ei insist\u00e2nd s\u0103 o trimit\u0103 la Moscova pentru a fi analizat\u0103. \u00cen cele din urm\u0103 la cererea Olandei, cutiile negre sunt predate Olandei.<\/p>\n<p style=\"text-align: justify;\">\u00a0\u00a0 Fa\u021b\u0103 de filmul acestor acuza\u021bii reciproce, ziari\u0219ti din multe \u021b\u0103ri iau atitudini pe baza informa\u021biilor ob\u021binute p\u00e2n\u0103 la aceast\u0103 dat\u0103. Ast\u0103zi, la c\u00e2teva zile dup\u0103 uciderea at\u00e2tor suflete nevinovate, c\u00e2nd scriu acest articol, un ziar de prestigiu red\u0103 \u00a0cuvintele editorialistul german Berthold Kohler: \u201eRusia a devenit nu doar exportator de gaz \u015fi \u0163i\u0163ei, ci \u015fi unul de instabilitate \u015fi nesiguran\u0163\u0103\u201d. Se emite p\u0103rerea c\u0103 responsabilitatea pentru dobor\u00e2rea avionului de pasageri al Malaysia Airlines apar\u0163ine\u00a0 Moscovei, armata rus\u0103 fiind singura care de\u0163inea rachetele capabile s\u0103 doboare avioane la asemenea altitudine, iar rebelii pro-moscovi\u0163i nu ar fi recurs la un astfel de gest f\u0103r\u0103 acordul Kremlinului. \u00cen acest context, Neue Zuercher Zeitung analizeaz\u0103 discursul pre\u015fedintelui american Obama, \u00een care acesta \u00eei solicit\u0103 liderului rus Putin s\u0103-\u015fi asume responsabilitatea pentru tragedia din estul Ucrainei, evit\u00e2nd s\u0103 utilizeze termenul \u201eterori\u015fti\u201d, folosit de pre\u015fedintele ucrainean Poro\u015fenko. SUA preg\u0103tesc noi sanc\u0163iuni, care-l vor afecta de data aceasta mai direct pe Putin \u015fi pe cei mai apropia\u0163i colaboratori ai acestuia; unele state din UE dau dovad\u0103 de lips\u0103 de fermitate, \u021bin\u00e2nd mai mult la avantajele comerciale dec\u00e2t la siguran\u021ba, prestigiul valorilor europene. \u015eeful contraspionajului ucrainean declar\u0103 c\u0103 persoana care a lansat joi racheta ce a dobor\u00e2t zborul MH17 este cu siguran\u0163\u0103 un ofi\u0163er rus. \u201eUn ofi\u0163er bine echipat, bine educat \u015fi instruit de ru\u015fi (&#8230;) a ap\u0103sat acel buton \u00een mod deliberat\u201d. Un oficial ucrainean precizeaz\u0103 c\u0103 s-au interceptat conversa\u0163ii \u00eentre un ofi\u0163er rus \u015fi biroul s\u0103u din Moscova: \u201e\u015etim sigur c\u0103, cu c\u00e2teva minute \u00eenainte de lansarea rachetei, a existat un raport c\u0103tre un ofi\u0163er rus, care anun\u0163a c\u0103 avionul se apropie, a ad\u0103ugat acesta\u201d. Pre\u0219edintele Rom\u00e2niei Traian B\u0103sescu a adus \u00eenvinuiri pre\u0219edintelui rus Vladimir Putin, a criticat \u015fi pozi\u0163ia prea moale pe care a adoptat-o UE fa\u0163\u0103 de Moscova. Printre altele a spus: \u201ePutin nu poate fugi \u015fi nu se poate ascunde sub am\u00e2n\u0103ri \u015fi minciun\u0103 de responsabilitatea punerii la dispozi\u0163ie a speciali\u015ftilor \u015fi a echipamentelor militare cu care aeronava a fost lovit\u0103. Din p\u0103cate, Federa\u0163ia Rus\u0103 este partenerul terori\u015ftilor \u00een aceast\u0103 opera\u0163iune legat\u0103 de uciderea a 298 de persoane\u201d.<\/p>\n<p style=\"text-align: justify;\">\u00a0\u00a0 Concluzia este c\u0103 \u00een acest r\u0103zboi al acuza\u021biilor, nu ar trebui camuflat\u0103 realitatea. Misterul trebuie elucidat. Viclenia, tertipurile folosite pentru deturnarea adev\u0103rului trebuie descoperite \u0219i date \u00een vileag.<\/p>\n<p style=\"text-align: justify;\">\u00a0\u00a0 Ne putem \u00eentreba, pe drept cuv\u00e2nt, dac\u0103 nu a fost un act viclean, dac\u0103 nu s-a vrut <em>\u201ea se lua focul cu m\u00e2na altuia\u201d<\/em> sau <em>\u201ea scoate castanele din foc cu m\u00e2na altuia<\/em>\u201d, dup\u0103 cum spune proverbul rom\u00e2nesc, adic\u0103 a pune pe altcineva s\u0103 \u00eentreprind\u0103 o ac\u021biune primejdioas\u0103 \u0219i, ulterior a fugi de r\u0103spundere, arunc\u00e2nd vina pe seama altuia. A\u0219a se cam procedeaz\u0103 \u00een politica viclean\u0103. C\u00e2nd este o ac\u021biune primejdioas\u0103 pui pe altcineva s\u0103 \u00eentreprind\u0103 ac\u021biunea, la\u0219i munca (ac\u021biunea) \u00een seama lui, coordonezi de la distan\u021b\u0103, apoi fugi de r\u0103spundere, l\u0103s\u00e2nd vina \u00een seama celui folosit, care\u2026 \u201e\u021bi-a scos castanele\u2026\u201d.<strong> <\/strong><\/p>\n<p style=\"text-align: justify;\">\u00a0\u00a0 Confuzia, \u00a0ne\u00een\u021belegerile se scald\u0103, pe undeva, \u00een baia neadev\u0103rului \u0219i cred c\u0103 sunt amplificate de mentalit\u0103\u021bile diferite ale celor dou\u0103 p\u0103r\u021bi. De aici pornind presupun c\u0103 trebuie analizate cu mare aten\u021bie: obiectul, motivul, scopul, inten\u021bia, \u00eemprejurarea \u0219i analizat caracterul celor implica\u021bi, \u00een special a celor care au tr\u0103it o jum\u0103tate de secol \u00een comunism. Vom constata c\u0103 mentalit\u0103\u021bile, comportamentul, abordarea problemei difer\u0103, oamenii care au tr\u0103it \u00een comunism, cei mai mul\u021bi dintre ei au \u00eenv\u0103\u021bat s\u0103 tri\u0219eze, unii nevoi\u021bi s\u0103 supravie\u021buiasc\u0103 la acea vreme, al\u021bii s\u0103 se \u00eembog\u0103\u021beasc\u0103 pe furi\u0219. Uneori am numit aceast\u0103 atitudine dedublare, de\u0219i \u00een limbaj simplu, popular, oamenilor care folosesc aceast\u0103 stratagem\u0103 li se spun oameni cu dou\u0103 fe\u021be. Unii oameni erau con\u0219tien\u021bi de f\u0103\u021b\u0103rnicia lor \u0219i nu o l\u0103sau s\u0103 p\u0103trund\u0103 \u00een fibrele fiin\u021bei p\u0103str\u00e2ndu-\u0219i con\u0219tiin\u021ba nealterat\u0103, dar oamenii f\u0103r\u0103 discern\u0103m\u00e2nt, f\u0103r\u0103 voin\u021ba acelui filtru al ra\u021biunii, cu scopuri viclene, au adoptat minciuna, viclenia, f\u0103\u021b\u0103rnicia, \u00eenr\u0103d\u0103cin\u00e2ndu-le ad\u00e2nc \u0219i definitiv \u00een fiin\u021ba lor. A fost o caracteristic\u0103 a sistemului imoral, temut, care a folosit o politic\u0103 viclean\u0103, fiindc\u0103 a\u0219a dup\u0103 cum a spus Platon <em>\u201eMorala determin\u0103 politica\u201d. <\/em>Din acest sistem<em> <\/em>\u00a0s-au ridicat oameni, unii conduc\u0103tori care au viclenia implantat\u0103 \u00een sufletele lor.<\/p>\n<p style=\"text-align: justify;\">\u00a0\u00a0 <em><\/em><\/p>\n<p style=\"text-align: justify;\"><em>Vavila Popovici \u2013 Carolina de Nord<\/em><\/p>\n<p style=\"text-align: justify;\"><em>\u00a0<\/em><\/p>\n","protected":false},"excerpt":{"rendered":"<p>\u00a0\u201ePo\u021bi descoperi de ce se teme cel mai mult du\u0219manul t\u0103u, observ\u00e2nd cu ce \u00eencearc\u0103 s\u0103 te sperie.\u201d\u00a0 &#8211; Eric [&#038;hellip<\/p>\n","protected":false},"author":1,"featured_media":0,"comment_status":"closed","ping_status":"closed","sticky":false,"template":"","format":"standard","meta":{"footnotes":""},"categories":[3],"tags":[],"class_list":["post-18808","post","type-post","status-publish","format-standard","hentry","category-articole"],"_links":{"self":[{"href":"https:\/\/www.marianagurza.ro\/blog\/wp-json\/wp\/v2\/posts\/18808","targetHints":{"allow":["GET"]}}],"collection":[{"href":"https:\/\/www.marianagurza.ro\/blog\/wp-json\/wp\/v2\/posts"}],"about":[{"href":"https:\/\/www.marianagurza.ro\/blog\/wp-json\/wp\/v2\/types\/post"}],"author":[{"embeddable":true,"href":"https:\/\/www.marianagurza.ro\/blog\/wp-json\/wp\/v2\/users\/1"}],"replies":[{"embeddable":true,"href":"https:\/\/www.marianagurza.ro\/blog\/wp-json\/wp\/v2\/comments?post=18808"}],"version-history":[{"count":9,"href":"https:\/\/www.marianagurza.ro\/blog\/wp-json\/wp\/v2\/posts\/18808\/revisions"}],"predecessor-version":[{"id":18811,"href":"https:\/\/www.marianagurza.ro\/blog\/wp-json\/wp\/v2\/posts\/18808\/revisions\/18811"}],"wp:attachment":[{"href":"https:\/\/www.marianagurza.ro\/blog\/wp-json\/wp\/v2\/media?parent=18808"}],"wp:term":[{"taxonomy":"category","embeddable":true,"href":"https:\/\/www.marianagurza.ro\/blog\/wp-json\/wp\/v2\/categories?post=18808"},{"taxonomy":"post_tag","embeddable":true,"href":"https:\/\/www.marianagurza.ro\/blog\/wp-json\/wp\/v2\/tags?post=18808"}],"curies":[{"name":"wp","href":"https:\/\/api.w.org\/{rel}","templated":true}]}}