{"id":19033,"date":"2014-08-26T07:42:12","date_gmt":"2014-08-26T07:42:12","guid":{"rendered":"http:\/\/www.marianagurza.ro\/blog\/?p=19033"},"modified":"2014-08-26T08:30:35","modified_gmt":"2014-08-26T08:30:35","slug":"cornel-costea-strabunii-mei","status":"publish","type":"post","link":"https:\/\/www.marianagurza.ro\/blog\/2014\/08\/26\/cornel-costea-strabunii-mei\/","title":{"rendered":"Cornel C. Costea: Str\u0103bunii mei"},"content":{"rendered":"<p style=\"text-align: center;\"><a href=\"http:\/\/www.marianagurza.ro\/blog\/wp-content\/uploads\/2014\/08\/tibles.jpg\"><img loading=\"lazy\" decoding=\"async\" class=\"size-medium wp-image-19042\" title=\"tibles\" src=\"http:\/\/www.marianagurza.ro\/blog\/wp-content\/uploads\/2014\/08\/tibles-300x225.jpg\" alt=\"\" width=\"300\" height=\"225\" srcset=\"https:\/\/www.marianagurza.ro\/blog\/wp-content\/uploads\/2014\/08\/tibles-300x225.jpg 300w, https:\/\/www.marianagurza.ro\/blog\/wp-content\/uploads\/2014\/08\/tibles.jpg 500w\" sizes=\"auto, (max-width: 300px) 100vw, 300px\" \/><\/a><\/p>\n<p style=\"text-align: center;\">\n<p><strong>\u00a0\u00a0\u00a0\u00a0\u00a0\u00a0\u00a0\u00a0\u00a0\u00a0\u00a0 Str\u0103bunii mei<\/strong><strong><\/strong><\/p>\n<p><strong><br \/>\n<\/strong><br \/>\n\u00cen miez de august, am urcat pe munte,<br \/>\nC\u0103r\u0103ri \u00eentortocheate ne-a\u015fteptau,<br \/>\nBunicu-Avram cu pletele-i c\u0103runte<br \/>\nP\u0103rea un dac, stejarii-l cuno\u015fteau<\/p>\n<p>De c\u00e2nd era copil \u015fi ziua toat\u0103<br \/>\n\u015ei-o petrecea la umbra lor deplin\u0103,<br \/>\nSpun\u00e2ndu-le pove\u015fti cu-\u201ea fost odat\u0103\u201d,<br \/>\nPurt\u00e2nd la piept o floare de sulfin\u0103.<\/p>\n<p>\u015ei am ajuns \u00een casa p\u0103rinteasc\u0103,<br \/>\n\u00cen zare, Curcub\u0103ta se vedea,<br \/>\nP\u0103ianjeni mul\u0163i \u015fi-o lini\u015fte cereasc\u0103<br \/>\nDomneau acolo, sub un col\u0163 de stea.<\/p>\n<p>De fiecare dat\u0103 c\u00e2nd triste\u0163ea<br \/>\nCoboar\u0103 nev\u0103zut\u0103-n mine, iar,<br \/>\nM\u0103 re\u00eentorc la bra\u0163 cu tinere\u0163ea<br \/>\n\u00cen Sc\u0103ri\u015foara, pentru-un ceas, m\u0103car.<\/p>\n<p>\u015ei sorb din Apa Sf\u00e2nt\u0103-a Bucuriei<br \/>\nDe-a-mi reg\u0103si, acolo, r\u0103d\u0103cini,<br \/>\nStr\u0103bunii mei, haiduci ai Ve\u015fniciei,<br \/>\n\u00cemi d\u0103ruiesc, t\u0103cu\u0163i \u015fi drep\u0163i, Lumini.<\/p>\n<p style=\"text-align: center;\"><a href=\"http:\/\/www.marianagurza.ro\/blog\/wp-content\/uploads\/2014\/08\/cornel-costea1.jpg\"><img loading=\"lazy\" decoding=\"async\" class=\"size-full wp-image-19035\" title=\"cornel-costea\" src=\"http:\/\/www.marianagurza.ro\/blog\/wp-content\/uploads\/2014\/08\/cornel-costea1.jpg\" alt=\"\" width=\"227\" height=\"218\" \/><\/a><\/p>\n<p style=\"text-align: center;\"><strong>\u00a0\u00a0 Cornel C. Costea<\/strong><\/p>\n<p style=\"text-align: center;\"><strong>La mul\u021bi \u0219i frumo\u0219i ani! <\/strong><\/p>\n<p style=\"text-align: center;\">27 august 2014<\/p>\n","protected":false},"excerpt":{"rendered":"<p>\u00a0\u00a0\u00a0\u00a0\u00a0\u00a0\u00a0\u00a0\u00a0\u00a0\u00a0 Str\u0103bunii mei \u00cen miez de august, am urcat pe munte, C\u0103r\u0103ri \u00eentortocheate ne-a\u015fteptau, Bunicu-Avram cu pletele-i c\u0103runte P\u0103rea un [&#038;hellip<\/p>\n","protected":false},"author":1,"featured_media":0,"comment_status":"closed","ping_status":"closed","sticky":false,"template":"","format":"standard","meta":{"footnotes":""},"categories":[3],"tags":[],"class_list":["post-19033","post","type-post","status-publish","format-standard","hentry","category-articole"],"_links":{"self":[{"href":"https:\/\/www.marianagurza.ro\/blog\/wp-json\/wp\/v2\/posts\/19033","targetHints":{"allow":["GET"]}}],"collection":[{"href":"https:\/\/www.marianagurza.ro\/blog\/wp-json\/wp\/v2\/posts"}],"about":[{"href":"https:\/\/www.marianagurza.ro\/blog\/wp-json\/wp\/v2\/types\/post"}],"author":[{"embeddable":true,"href":"https:\/\/www.marianagurza.ro\/blog\/wp-json\/wp\/v2\/users\/1"}],"replies":[{"embeddable":true,"href":"https:\/\/www.marianagurza.ro\/blog\/wp-json\/wp\/v2\/comments?post=19033"}],"version-history":[{"count":5,"href":"https:\/\/www.marianagurza.ro\/blog\/wp-json\/wp\/v2\/posts\/19033\/revisions"}],"predecessor-version":[{"id":19037,"href":"https:\/\/www.marianagurza.ro\/blog\/wp-json\/wp\/v2\/posts\/19033\/revisions\/19037"}],"wp:attachment":[{"href":"https:\/\/www.marianagurza.ro\/blog\/wp-json\/wp\/v2\/media?parent=19033"}],"wp:term":[{"taxonomy":"category","embeddable":true,"href":"https:\/\/www.marianagurza.ro\/blog\/wp-json\/wp\/v2\/categories?post=19033"},{"taxonomy":"post_tag","embeddable":true,"href":"https:\/\/www.marianagurza.ro\/blog\/wp-json\/wp\/v2\/tags?post=19033"}],"curies":[{"name":"wp","href":"https:\/\/api.w.org\/{rel}","templated":true}]}}