{"id":19351,"date":"2014-10-01T09:19:55","date_gmt":"2014-10-01T09:19:55","guid":{"rendered":"http:\/\/www.marianagurza.ro\/blog\/?p=19351"},"modified":"2014-10-01T09:47:15","modified_gmt":"2014-10-01T09:47:15","slug":"ips-nicolae-corneanu-s-a-mutat-la-domnul","status":"publish","type":"post","link":"https:\/\/www.marianagurza.ro\/blog\/2014\/10\/01\/ips-nicolae-corneanu-s-a-mutat-la-domnul\/","title":{"rendered":"\u00cePS Nicolae Corneanu s-a mutat la Domnul&#8230;"},"content":{"rendered":"<p style=\"text-align: center;\"><a href=\"http:\/\/www.marianagurza.ro\/blog\/wp-content\/uploads\/2014\/10\/146712_ips-mitropolit-nicolae-corneanu.jpg\"><img loading=\"lazy\" decoding=\"async\" title=\"146712_ips-mitropolit-nicolae-corneanu\" src=\"http:\/\/www.marianagurza.ro\/blog\/wp-content\/uploads\/2014\/10\/146712_ips-mitropolit-nicolae-corneanu-293x300.jpg\" alt=\"\" width=\"293\" height=\"300\" \/><\/a><\/p>\n<p style=\"text-align: center;\"><strong>\u00cenaltpreasfin\u021bitul P\u0103rinte Dr. Nicolae Corneanu, Arhiepiscopul Timi\u0219oarei \u0219i Mitropolitul Banatului<\/strong><\/p>\n<p style=\"text-align: center;\"><strong>(21 noiembrie 1923 &#8211; 28 septembrie 2014)<\/strong><\/p>\n<p style=\"text-align: justify;\">,,N\u0103scut la 21 noiembrie 1923 la Caransebe\u015f \u00eentr-o familie preo\u0163easc\u0103 (unchiul s\u0103u a fost secretarul episcopului <a href=\"http:\/\/biserica.org\/WhosWho\/DTR\/C\/MironCristea.html\"><strong>Miron Cristea<\/strong><\/a> iar tat\u0103l preot la biserica \u201cSf. Ioan\u201d din Caransebe\u015f), \u00ee\u015fi va petrece copil\u0103ria al\u0103turi de mama sa care \u00eei insufl\u0103 dragostea fa\u0163\u0103 de cele sfinte, tat\u0103l s\u0103u murind de t\u00e2n\u0103r.\u00a0\u00centre anii 1934-1942 urmeaz\u0103 \u015fcoala elementar\u0103 \u015fi liceul \u00een Caransebe\u015f. Pleac\u0103 apoi la Bucure\u015fti unde va urma cursurile Facult\u0103\u0163ii de Teologie, \u00eentre anii 1942-1946. \u00cenc\u0103 din anul I public\u0103 articole pe teme patristice. La Cr\u0103ciunul anului 1943 este hirotonit diacon celibatar de c\u0103tre episcopul <a href=\"http:\/\/biserica.org\/WhosWho\/DTR\/N\/VeniaminNistor.html\"><strong>Veniamin Nistor<\/strong><\/a> al Caransebe\u015fului, \u00een biserica parohiei Obreja, jude\u0163ul Cara\u015f-Severin. \u00cen 1946 este declarat licen\u0163iat \u00een Teologie.\u00a0Dup\u0103 absolvirea facult\u0103\u0163ii se \u00eenscrie la doctorat, iar la 30 iunie 1949 \u00ee\u015fi va sus\u0163ine teza cu titlul: \u201c<em>Via\u0163a \u015fi petrecerea Sf\u00e2ntului Antonie cel Mare. \u00cenceputurile monahismului cre\u015ftin pe Valea Nilului<\/em>\u201d sub coordonarea regretatului preot profesor <a href=\"http:\/\/biserica.org\/WhosWho\/DTR\/C\/IoanGheComan.html\"><strong>Ioan G. Coman<\/strong><\/a>.\u00a0Revenind pe plaiurile natale, va fi numit profesor suplinitor la Academia teologic\u0103 din Caransebe\u015f (1 aprilie 1947 \u2013 1 septembrie 1948). Dup\u0103 desfiin\u0163area istoricei episcopii de aici va merge la Timi\u015foara unde va fi numit \u00een anul 1949 secretar, apoi referent principal la Centrul eparhial. \u00centre anii 1952-1956 ocup\u0103 func\u0163ia de consilier cultural al Arhiepiscopiei Timi\u015foarei \u015fi Caransebe\u015fului.\u00a0Din anul 1956 reia activitatea \u00een \u00eenv\u0103\u0163\u0103m\u00e2ntul teologic ca profesor la Seminarul din Caransebe\u015f, unde pred\u0103 greaca \u015fi franceza, p\u00e2n\u0103 la 1 martie 1959 c\u00e2nd devine conferen\u0163iar universitar la catedra de \u00cendrum\u0103ri misionare a Institutului teologic din Sibiu pred\u00e2nd Teologia simbolic\u0103 \u015fi Limba greac\u0103.<\/p>\n<p style=\"text-align: justify;\">\u00cen anul 1960 va fi hirotonit preot de c\u0103tre viitorul patriarh<strong> <a href=\"http:\/\/biserica.org\/WhosWho\/DTR\/A\/TeoctistArapasu.html\">Teoctist<\/a><\/strong><a href=\"http:\/\/biserica.org\/WhosWho\/DTR\/A\/TeoctistArapasu.html\"> <strong>Ar\u0103pa\u0219u<\/strong><\/a> pe atunci episcop-vicar patriarhal, iar la 15 decembrie Colegiul Electoral Bisericesc \u00eel alege episcop al Aradului, Ienopolei \u015fi H\u0103lmagiului.<\/p>\n<p style=\"text-align: justify;\">Se c\u0103lug\u0103re\u015fte la m\u0103n\u0103stirea Cernica din apropierea Bucure\u015ftilor la 12 ianuarie 1961, p\u0103str\u00e2nd numele de Nicolae. Este hirotonit arhiereu \u00een biserica \u201cSf\u00e2ntul Spiridon Nou\u201d din Bucure\u015fti la data de 15 ianuarie 1961, de c\u0103tre patriarhul <a href=\"http:\/\/biserica.org\/WhosWho\/DTR\/M\/JustinianMarina.html\"><strong>Justinian Marina<\/strong><\/a> \u00eempreun\u0103 cu al\u021bi doi ierarhi, instalarea \u00een func\u0163ia de episcop al Aradului av\u00e2nd loc la 22 ianuarie acela\u015fi an \u00een catedrala episcopal\u0103 din Arad.<\/p>\n<p style=\"text-align: justify;\">La 17 februarie 1962, acela\u015fi Colegiu Electoral al Patriarhiei Rom\u00e2ne, \u00eel alege \u00een scaunul vacant de Arhiepiscop al Timi\u015foarei \u015fi Caransebe\u015fului \u015fi Mitropolit al Banatului.<\/p>\n<p style=\"text-align: justify;\">Instalarea s-a f\u0103cut Duminic\u0103 4 martie 1962 \u00een catedrala mitropolitan\u0103 din Timi\u015foara de c\u0103tre patriarhul <a href=\"http:\/\/biserica.org\/WhosWho\/DTR\/M\/JustinianMarina.html\"><strong>Justinian Marina<\/strong><\/a> \u015fi al\u0163i membri ai Sf\u00e2ntului Sinod \u00een prezen\u0163a multor preo\u0163i \u015fi credincio\u015fi din Banat. \u00cen cuv\u00e2ntarea rostit\u0103 cu acest prilej, <a href=\"http:\/\/biserica.org\/WhosWho\/DTR\/C\/NicolaeCorneanu.html\"><strong>I.P.S. Mitropolit Nicolae<\/strong><\/a> spunea: \u201c<em>\u2026\u00een clipele acestea solemne fac juruin\u0163\u0103 \u00een fa\u0163a lui Dumnezeu \u015fi a voastr\u0103 de a nu precupe\u0163i nimic \u00eentru \u00eemplinirea tuturor \u00eendatoririlor ce-mi revin ca arhiereu, \u00eendrum\u0103tor \u015fi conduc\u0103tor al turmei duhovnice\u015fti ce mi s-a dat spre p\u0103storire, a\u015fa \u00eenc\u00e2t s\u0103 pot spune mereu, ca alt\u0103dat\u0103 Cel c\u0103ruia ne \u00eenchin\u0103m \u00abpe cei ce mi-ai dat\u2026 astfel i-am p\u0103zit c\u0103 n-a pierit nici unul dintre ei\u00bb <\/em><strong><em>(Ioan 17,12)<\/em><\/strong>\u201d (rev. \u201c<em>Mitropolia Banatului<\/em>\u201c, anul XII, nr. 1-4, ianuarie-aprilie 1962, pp. 40-4l).<\/p>\n<p style=\"text-align: justify;\">\u00cen acela\u015fi an, 1962, este ales membru permanent al \u201cGrupului de studii patristice\u201d \u00eenfiin\u0163at de Comisia \u201cCredin\u0163\u0103 \u015fi constitu\u0163ie\u201d a Consiliului Ecumenic al Bisericilor. Tot \u00een domeniul ecumenismului, este de men\u021bionat participarea \u00een anul 1961 la lucr\u0103rile Adun\u0103rii Generale a Conferin\u0163ei cre\u015ftine pentru pace cu sediul la Praga \u015fi la Simpozionul interna\u0163ional \u201cC\u0103utarea p\u0103cii dincolo de diferen\u0163ele ideologice\u201d (1980). \u00cen anii `80 a colaborat cu Institutul ecumenic \u201dPro Oriente\u201d din Viena sus\u0163in\u00e2nd mai multe comunic\u0103ri. \u00centre anii 1978-1981 a activat ca membru \u00een Comitetul central al Consiliului Ecumenic al Bisericilor. A fost de asemenea delegatul Patriarhiei Rom\u00e2ne la instalarea papilor <strong>Ioan Paul I<\/strong> \u015fi <strong>Ioan Paul II<\/strong>.<\/p>\n<p style=\"text-align: justify;\">\u00cen aceea\u015fi calitate de mitropolit al Banatului a f\u0103cut parte din delega\u0163iile Bisericii noastre care au vizitat: Patriarhia Bulgar\u0103 (1966), Bisericile vechi-orientale din Armenia, Egipt, Etiopia \u015fi Siria (1969, 1979,1997), Patriarhia Rus\u0103 (1971), Biserica Greciei (1971), Biserica din Etiopia ( 1971), Biserica romano-catolic\u0103 din Belgia (1972), Biserica Luteran\u0103 din Suedia (1987), Patriarhia Ecumenic\u0103 (1978, 1981,1989), Patriarhia S\u00e2rb\u0103 (1981, 1995) \u015fi Patriarhia Ierusalimului (2000).<\/p>\n<p style=\"text-align: justify;\">A r\u0103spuns o vreme de comunit\u0103\u0163ile ortodoxe rom\u00e2ne de peste hotare, vizit\u00e2nd de mai multe ori S.U.A. \u015fi Canada, parohiile rom\u00e2ne\u015fti din Australia \u015fi Noua Zeeland\u0103 \u015fi parohiile din Europa Occidental\u0103.<\/p>\n<p style=\"text-align: justify;\">\u00centre aprilie-iunie 1967 a fost loc\u0163iitor de mitropolit al Ardealului, iar \u00een perioada octombrie 1977-aprilie 1978 loc\u0163iitor de mitropolit al Olteniei. \u00cen repetate r\u00e2nduri va suplini tot ca loc\u021biitor eparhia Aradului \u015fi o vreme pe cea a Caransebe\u015fului.<\/p>\n<p style=\"text-align: justify;\">Ca ierarh s-a \u00eengrijit de problemele administrative \u015fi gospod\u0103re\u015fti din eparhie, av\u00e2nd ini\u0163iative dintre care amintim: construc\u0163ia unui nou corp de cl\u0103dire la Centrul eparhial, asamblarea \u015fi sfin\u0163irea bisericu\u0163ei din incinta re\u015fedin\u0163ei (1972), reorganizarea Tipografiei arhidiecezane \u015fi \u00eenzestrarea cu un local potrivit (1982), organizarea unei colec\u0163ii muzeale la catedrala mitropolitan\u0103, sprijinirea ridic\u0103rii \u015fi pict\u0103rii a zeci de noi l\u0103ca\u015furi de cult, restaurarea unor monumente istorico-biserice\u015fti din eparhie, sprijinirea m\u0103n\u0103stirilor (ctitorirea \u00een anul 1969 a noii biserici de la m\u0103n\u0103stirea Timi\u015feni \u015fi re\u00eenfiin\u0163area m\u0103n\u0103stirii Cebza \u00een anul 1993), \u00eenfiin\u0163area Facult\u0103\u0163ii de Teologie din Timi\u015foara (1993) \u015f.a.<\/p>\n<p style=\"text-align: justify;\">I-a fost acordat titlul de Doctor honoris causa de c\u0103tre Institutul teologic protestant din Cluj (1978), Universitatea \u201cAurel Vlaicu\u201d din Arad (2003), Universitatea de Medicin\u0103 \u015fi Farmacie din Timi\u015foara (2003), Universitatea de \u015etiin\u0163e Agricole ale Banatului (2003) \u015fi Universitatea de Vest din Timi\u015foara (2003).<\/p>\n<p style=\"text-align: justify;\">Urmare neobositelor preocup\u0103ri c\u0103rtur\u0103re\u015fti, I.P.S. Sa este ales \u00een anul 1992 membru de onoare al Academiei Rom\u00e2ne. Este pre\u015fedintele de onoare a numeroase funda\u0163ii \u015fi societ\u0103\u0163i. \u00cen anul 1992 este ales membru al Uniunii Scriitorilor din Rom\u00e2nia. I s-a conferit titlul de \u201ccet\u0103\u0163ean de onoare\u201d al ora\u015felor Timi\u015foara, Lugoj \u015fi Caransebe\u015f. \u00cen 1997 prime\u015fte premiul conferit de Grupul pentru Dialog Social \u201cpentru \u00eentreaga via\u0163\u0103 \u00eenchinat\u0103 adev\u0103rului, drept\u0103\u0163ii \u015fi libert\u0103\u0163ii\u201d. \u00cen anul 2000 i se confer\u0103 ordinul na\u0163ional \u201cPentru Merit\u201d \u00een grad de Mare Cruce conferit de Pre\u015fedin\u0163ia Rom\u00e2niei. \u00cen decembrie 2007 i s-a conferit de c\u0103tre Consiliul Jude\u0163ean Timi\u015f premiul \u201cPro cultura timisiensis\u201d. \u00cen anul 2008 a primit din partea Majest\u0103\u021bii Sale Regele Mihai I ordinul \u201dCrucea Casei Regale a Rom\u00e2niei\u201d, de asemenea \u00eentre anii 1975-2012 a fost membru \u00een Asocia\u021bia interna\u021bional\u0103 de studii patristice.<\/p>\n<p style=\"text-align: justify;\">De-a lungul timpului a colaborat la mai multe reviste \u015fi publica\u0163ii: \u201c\u00cenvierea\u201d \u2013 pe care a fondat-o \u00een anul 1990, \u201c<a href=\"http:\/\/altarul-banatului.ro\/\">Altarul Banatului<\/a>\u201c, \u201c<a href=\"http:\/\/studiiteologice.ro\/\">Studii teologice<\/a>\u201c, \u201c<a href=\"http:\/\/www.revistaortodoxia.ro\/ro\/\">Ortodoxia<\/a>\u201c, \u201cJurnalul literar\u201d, \u201cOrizont\u201d, \u201cG\u00e2ndirea\u201d, \u201cVatra\u201d \u015fi de asemenea la posturi locale \u015fi na\u0163ionale de radio \u015fi televiziune.<\/p>\n<p style=\"text-align: justify;\"><strong>A publicat urm\u0103toarele c\u0103r\u0163i \u015fi volume:<\/strong><\/p>\n<p><em>\u00cenv\u0103\u0163\u0103tura cre\u015ftin\u0103 ortodox\u0103<\/em> (Timi\u015foara, 1971),<br \/>\n<em>Ie\u015fit-a s\u0103m\u0103n\u0103torul. Culegere de predici<\/em> (Timi\u015foara, 1974),<br \/>\n<em>Pedobaptismul de-a lungul vremii<\/em> (Timi\u015foara, 1975),<br \/>\n<em>Fundamentarea teologic\u0103 a pedobaptismului<\/em> (Timi\u015foara, 1979),<br \/>\n<em>Temeiurile \u00eenv\u0103\u0163\u0103turii ortodoxe<\/em> (Timi\u015foara, 1981),<br \/>\n<em>\u00cenv\u0103\u0163\u0103tura ortodox\u0103 despre m\u00e2ntuire<\/em> (Timi\u015foara, 1983),<br \/>\n<em>Contribu\u0163ia Banatului la teologia \u015fi spiritualitatea rom\u00e2neasc\u0103<\/em>). <em>Studii patristice<\/em> (Timi\u015foara, 1983),<br \/>\n<em>Culegere de predici<\/em> (Timi\u015foara, 1984),<br \/>\n<em>Biserica rom\u00e2neasc\u0103 din Nord-Vestul \u0163\u0103rii \u00een timpul prigoanei hortiste<\/em> (Bucure\u015fti, 1986),<br \/>\n<em>Patristica mirabilia. Pagini din literatura primelor veacuri cre\u015ftine<\/em> (Timi\u015foara, 1987; Ia\u015fi, 2001),<br \/>\n<em>Quo vadis? Studii, note \u015fi comentarii teologice<\/em> (Timi\u015foara, 1990),<br \/>\n<em>Via\u0163a \u015fi petrecerea Sf\u00e2ntului Antonie cel Mare<\/em> (Timi\u015foara, 1998),<br \/>\n<em>Farmecul scrierilor patristice<\/em> (Bucure\u015fti, 2002),<br \/>\n<em>Patristica \u2013 filosofia care m\u00e2ng\u00e2ie<\/em> (Cluj, 2004),<br \/>\n<em>Actualitatea literaturii vechi cre\u015ftine<\/em> (Timi\u015foara, 2007),<br \/>\n<em>Pentru mai binele ob\u015ftesc<\/em> (Timi\u015foara, 2008),<br \/>\n<em>Pe aripile cuv\u00e2ntului<\/em> (Timi\u015foara, 2009),<br \/>\n<em>Scrisori pastorale<\/em>, (Timi\u015foara, 2011).<\/p>\n<p><strong>A tradus din greac\u0103:<\/strong><\/p>\n<p style=\"text-align: justify;\"><em>Scara raiului<\/em> (prima edi\u021bie la Editura Amarcord, Timi\u015foara, 1994 \u015fi \u00eenc\u0103 alte 8 edi\u021bii, ultima la Editura \u00cenvierea \u00een anul 2011).<br \/>\n<em>Via\u0163a Fericitului Pahomie<\/em> (Bucure\u015fti 1995).<\/p>\n<p style=\"text-align: justify;\">Este ini\u0163iatorul \u015fi coordonatorul colec\u0163iei <em>Comorile pustiei<\/em> ce a ap\u0103rut \u00een cadrul Editurii Anastasia.<\/p>\n<p><strong>Alte lucr\u0103ri \u00een volum:<\/strong><\/p>\n<p><em>Origen \u015fi Celsus<\/em> (Bucure\u015fti, 1999),<br \/>\n<em>Pe baricadele presei biserice\u015fti<\/em>, vol.I-II (Timi\u015foara, 2000),<br \/>\n<em>Credin\u0163\u0103 \u015fi via\u0163\u0103<\/em> (Cluj, 2001),<br \/>\n<em>Pe firul vremii \u2013 medita\u0163ii ortodoxe<\/em> (Bucure\u015fti, 2000),<br \/>\n<em>Popasuri duhovnice\u015fti de la Cr\u0103ciun la Pa\u015fti<\/em> (Timi\u015foara, 2001),<br \/>\n<em>Miscelaneea patristica<\/em> (Cluj, 2001).<\/p>\n<p style=\"text-align: justify;\">\u00cen anul 1992 a coordonat apari\u0163ia lucr\u0103rii <em>Ortodoxia rom\u00e2neasc\u0103<\/em> (Editura Institutului Biblic \u0219i de Misiune Ortodox\u0103, Bucure\u0219ti).\u201d<\/p>\n<p style=\"text-align: center;\"><a href=\"http:\/\/www.marianagurza.ro\/blog\/wp-content\/uploads\/2014\/10\/mitropolit-nicolea-corneanu.jpg\"><img loading=\"lazy\" decoding=\"async\" class=\"size-medium wp-image-19353\" title=\"mitropolit nicolea corneanu\" src=\"http:\/\/www.marianagurza.ro\/blog\/wp-content\/uploads\/2014\/10\/mitropolit-nicolea-corneanu-300x199.jpg\" alt=\"\" width=\"300\" height=\"199\" srcset=\"https:\/\/www.marianagurza.ro\/blog\/wp-content\/uploads\/2014\/10\/mitropolit-nicolea-corneanu-300x199.jpg 300w, https:\/\/www.marianagurza.ro\/blog\/wp-content\/uploads\/2014\/10\/mitropolit-nicolea-corneanu.jpg 640w\" sizes=\"auto, (max-width: 300px) 100vw, 300px\" \/><\/a><\/p>\n<p style=\"text-align: justify;\">\u00cen data de 28 septembrie 2014, la ora 23:10, \u00cenaltpreasfin\u021bitul P\u0103rinte Dr. Nicolae Corneanu, Arhiepiscopul Timi\u0219oarei \u0219i Mitropolitul Banatului, a trecut la via\u0163a ve\u015fnic\u0103.<\/p>\n<p style=\"text-align: justify;\">Dumnezeu s\u0103-l odihneasc\u0103 \u00een l\u0103ca\u0219urile drep\u021bilor \u0219i ve\u0219nic\u0103 s\u0103-i fie pomenirea!<\/p>\n<p><a href=\"http:\/\/mitropolia-banatului.ro\/ips-nicolae-corneanu\/\">http:\/\/mitropolia-banatului.ro\/ips-nicolae-corneanu\/<\/a><\/p>\n<p>De citit \u0219i <a href=\"http:\/\/www.crestinortodox.ro\/religie\/ips-nicolae-corneanu-146712.html\">http:\/\/www.crestinortodox.ro\/religie\/ips-nicolae-corneanu-146712.html<\/a><\/p>\n<p>&nbsp;<\/p>\n<p style=\"text-align: justify;\"><em>Nota mea:<\/em> Dumnezeu s\u0103-l ierte \u0219i s\u0103-l odihneasc\u0103.<\/p>\n<p style=\"text-align: justify;\">Dumnezeu iart\u0103, dar noi oamenii, nu \u0219tim s\u0103 iert\u0103m!<\/p>\n<p style=\"text-align: justify;\">Faptele ziditoare, pl\u0103cute \u00een fa\u021ba Celui de sus, \u00eel situeaz\u0103 pe ierarhul c\u0103rturar, printre\u00a0 figurile emblematice ale Banatului, un\u00a0 <em>,,om deplin al culturii rom\u00e2ne<\/em>&#8220;, un ierarh care a \u00eembog\u0103\u021bit prin lucr\u0103rile sale teologice, zestrea noastr\u0103, a cre\u0219tinit\u0103\u021bii ortodoxe.<\/p>\n<p style=\"text-align: justify;\">Ve\u0219nic\u0103 s\u0103-i fie pomenirea lui, din neam \u00een neam!<\/p>\n<p>M.G.<\/p>\n<p>&nbsp;<\/p>\n","protected":false},"excerpt":{"rendered":"<p>\u00cenaltpreasfin\u021bitul P\u0103rinte Dr. Nicolae Corneanu, Arhiepiscopul Timi\u0219oarei \u0219i Mitropolitul Banatului (21 noiembrie 1923 &#8211; 28 septembrie 2014) ,,N\u0103scut la 21 [&#038;hellip<\/p>\n","protected":false},"author":1,"featured_media":0,"comment_status":"closed","ping_status":"closed","sticky":false,"template":"","format":"standard","meta":{"footnotes":""},"categories":[3,6],"tags":[],"class_list":["post-19351","post","type-post","status-publish","format-standard","hentry","category-articole","category-linkuri-externe"],"_links":{"self":[{"href":"https:\/\/www.marianagurza.ro\/blog\/wp-json\/wp\/v2\/posts\/19351","targetHints":{"allow":["GET"]}}],"collection":[{"href":"https:\/\/www.marianagurza.ro\/blog\/wp-json\/wp\/v2\/posts"}],"about":[{"href":"https:\/\/www.marianagurza.ro\/blog\/wp-json\/wp\/v2\/types\/post"}],"author":[{"embeddable":true,"href":"https:\/\/www.marianagurza.ro\/blog\/wp-json\/wp\/v2\/users\/1"}],"replies":[{"embeddable":true,"href":"https:\/\/www.marianagurza.ro\/blog\/wp-json\/wp\/v2\/comments?post=19351"}],"version-history":[{"count":7,"href":"https:\/\/www.marianagurza.ro\/blog\/wp-json\/wp\/v2\/posts\/19351\/revisions"}],"predecessor-version":[{"id":19355,"href":"https:\/\/www.marianagurza.ro\/blog\/wp-json\/wp\/v2\/posts\/19351\/revisions\/19355"}],"wp:attachment":[{"href":"https:\/\/www.marianagurza.ro\/blog\/wp-json\/wp\/v2\/media?parent=19351"}],"wp:term":[{"taxonomy":"category","embeddable":true,"href":"https:\/\/www.marianagurza.ro\/blog\/wp-json\/wp\/v2\/categories?post=19351"},{"taxonomy":"post_tag","embeddable":true,"href":"https:\/\/www.marianagurza.ro\/blog\/wp-json\/wp\/v2\/tags?post=19351"}],"curies":[{"name":"wp","href":"https:\/\/api.w.org\/{rel}","templated":true}]}}