{"id":19470,"date":"2014-10-15T08:41:15","date_gmt":"2014-10-15T08:41:15","guid":{"rendered":"http:\/\/www.marianagurza.ro\/blog\/?p=19470"},"modified":"2014-10-15T12:57:15","modified_gmt":"2014-10-15T12:57:15","slug":"mihai-eminescu-%e2%80%93-despre-politicienii-romani","status":"publish","type":"post","link":"https:\/\/www.marianagurza.ro\/blog\/2014\/10\/15\/mihai-eminescu-%e2%80%93-despre-politicienii-romani\/","title":{"rendered":"Mihai Eminescu \u2013 despre politicienii rom\u00e2ni \u00een presa vremii"},"content":{"rendered":"<p style=\"text-align: center;\"><a href=\"http:\/\/www.marianagurza.ro\/blog\/wp-content\/uploads\/2014\/10\/mihai_eminescu-.jpg\"><img loading=\"lazy\" decoding=\"async\" class=\"size-full wp-image-19471\" title=\"mihai_eminescu-\" src=\"http:\/\/www.marianagurza.ro\/blog\/wp-content\/uploads\/2014\/10\/mihai_eminescu-.jpg\" alt=\"\" width=\"210\" height=\"300\" \/><\/a><\/p>\n<p style=\"text-align: justify;\">,,De c\u00e2nd lumea nu s-a v\u0103zut ca un popor s\u0103 stea politice\u0219te sus \u0219i economice\u0219te jos; am\u00e2ndou\u0103 ordinele de lucruri stau \u00eentr-o leg\u0103tur\u0103 str\u00e2ns\u0103; civiliza\u0163ia economic\u0103 e muma celei politice. Dac\u0103 \u00een timpul c\u00e2nd ni se promitea domnia virtu\u0163ii, cineva ar fi prezis ceea ce are s\u0103 se \u00eent\u00e2mple peste c\u00e2\u0163iva ani, desigur ar fi fost declarat proroc mincinos.<\/p>\n<p style=\"text-align: justify;\">S\u0103 fi zis cineva c\u0103 cei ce promiteau economii vor spori bugetul cheltuielilor cu 40%; c\u0103 cei ce combat func\u0163ionarismul vor spori num\u0103rul posturilor cu sutele; c\u0103 cei ce sunt pentru independen\u0163a aleg\u0103torilor vor face pe func\u0163ionar s\u0103 at\u00e2rne at\u00e2t de mult de autorit\u0103\u0163ile supreme \u00eenc\u00e2t aceste mii de oameni s\u0103 voteze conform comandei din Bucuresti; c\u0103 se vor da 17 milioane pe drumul de fier Cernavod\u0103-Chiustenge (Constan\u0163a n.r.), care nu face nici cinci, si c\u0103 patru milioane din pre\u0163ul de cump\u0103r\u0103tur\u0103 se va \u00eemp\u0103r\u0163i \u00eentre membrii Adun\u0103rilor; c\u0103\u00a0<strong>se va constata\u2026 cum\u00a0c\u0103 o seam\u0103 de judec\u0103tori si de administratori \u00een Rom\u00e2nia, sunt tovar\u0103si de c\u00e2stig ca bandi\u0163ii de codru<\/strong>.<\/p>\n<p style=\"text-align: justify;\">Daca cineva ar fi prezis toate acestea lumea ar fi r\u00e2s de d\u00e2nsul si totu\u0219i nu numai acestea, ci multe altele s-au \u00eent\u00e2mplat \u0219i se \u00eent\u00e2mpl\u0103 zilnic, f\u0103r\u0103 ca opiniunea public\u0103 s\u0103 se mai poat\u0103 irita m\u0103car. Nu exist\u0103 alt izvor de avu\u0163ie dec\u00e2t munca, fie actual\u0103, fie capitalizat\u0103, sau sustragerea, furtul. C\u00e2nd vedem milionari f\u0103c\u00e2nd avere f\u0103r\u0103 munc\u0103 si f\u0103r\u0103 capital nu mai e \u00eendoial\u0103 c\u0103 ceea ce au ei a pierdut cineva.<\/p>\n<p style=\"text-align: justify;\">Mita e-n stare s\u0103 p\u0103trunz\u0103 ori\u0219iunde \u00een \u0163ara aceasta,\u00a0<strong>pentru mit\u0103 capetele cele mai de sus ale administra\u0163iei v\u00e2nd s\u00e2ngele si averea unei genera\u0163ii<\/strong>.<\/p>\n<p style=\"text-align: justify;\">Oameni care au comis crime grave se plimb\u0103 pe strade, ocup\u0103 func\u0163iuni \u00eenalte, \u00een loc de a-si petrece via\u0163a la pusc\u0103rie. . &#8230; Elemente economice nes\u0103n\u0103toase, juc\u0103tori la burs\u0103 \u015fi \u00eentreprinz\u0103tori \u015farlatani se ur\u00adc\u0103, cu repejune, \u00een clasele superioare ale societ\u0103\u0163ii omene\u015fti.<\/p>\n<p style=\"text-align: justify;\">Func\u0163iunile publice sunt, adesea, \u00een m\u00e2inile unor oameni strica\u0163i, lovi\u0163i de sentin\u0163e judec\u0103tore\u0219ti. Acei ce compun grosul acestei armate de flibusteri politici sunt bugetofagii, ghe\u0219eftarii de toat\u0103 m\u00e2na care, \u00een schimbul foloaselor lor individuale, dau conduc\u0103torilor lor o supunere mai mult dec\u00e2t oarb\u0103. <strong>Justi\u0163ia, subordonat\u0103 politicii, a devenit o fic\u0163iune.<\/strong> Spre exemplu: un om e implicat \u00eentr-o mare afacere pe c\u00e2t se poate de scandaloas\u0103, care se denun\u0163\u0103. Acest om este men\u0163inut \u00een func\u0163ie, dirijeaz\u0103 \u00eense\u0219i cercet\u0103rile f\u0103cute contra sa. <strong>Partidele, la noi, nu sunt partide de principii, ci de interese personale, care calc\u0103 f\u0103g\u0103duielile f\u0103cute na\u0163iei \u00een ajunul alegerilor \u0219i trec, totu\u0219i, drept reprezentan\u0163i ai voin\u0163ei legale \u0219i sincere a \u0163\u0103rii.<\/strong> Cauza acestei organiz\u0103ri stricte e interesul b\u0103nesc, nu comunitatea de idei, organizare egal\u0103 cu aceea a partidei ilustre Mafia \u0219i Camorra, care miroase de departe a pu\u0219c\u0103rie.<\/p>\n<p style=\"text-align: justify;\">Plebea de sus face politic\u0103, poporul de jos s\u0103r\u0103ce\u015fte \u015fi se stinge din zi \u00een zi de mul\u0163imea greut\u0103\u0163ilor ce are de purtat pe umerii lui&#8230; Clasele productive au dat \u00eend\u0103r\u0103t; \u0163\u0103ranii au s\u0103r\u0103cit; industria de cas\u0103 \u015fi me\u015fte\u015fugurile s-au stins cu des\u0103v\u00e2r\u015fire, iar clasele improductive, oamenii ce \u00eencurc\u0103 dou\u0103 buchi pe h\u00e2rtie \u015fi aspir\u0103 a deveni deputa\u0163i \u015fi mini\u015ftri, advoca\u0163ii, s-au \u00eenmul\u0163it cu asupr\u0103 de m\u0103sur\u0103, dau tonul, conduc opinia public\u0103.<\/p>\n<p style=\"text-align: justify;\">Oare nu e carac\u00adteristic pentru tratamentul de care se bucur\u0103 popula\u0163iile noastre din partea administra\u0163iei \u015fi a fiscului c\u00e2nd constat\u0103m c\u0103, \u00een acela\u015fi timp \u00een care zeci de mii de str\u0103ini imigreaz\u0103 \u00een fiece an, rom\u00e2nii, din contr\u0103, p\u0103r\u0103sesc \u0163ara lor, ca \u015foarecii o corabie care arde, \u015fi c\u0103 emigreaz\u0103?<\/p>\n<p style=\"text-align: justify;\">Uzurpatori, demagogi, capete de\u00ad\u015farte, lene\u015fi care tr\u0103iesc din sudoarea poporului, f\u0103r\u0103 a o com\u00adpensa prin nimic, ciocoi boiero\u015fi \u015fi fudui, mult mai \u00een\u00adfu\u00admu\u00adra\u0163i dec\u00e2t cobor\u00e2torii din neamurile cele mai vechi ale \u0163\u0103rii.<strong> P\u0103rerea mea individual\u0103 e c\u0103 politica ce se face azi \u00een Rom\u00e2nia \u015fi dintr-o parte \u015fi din\u00adtr-alta e o politic\u0103 necoapt\u0103&#8230;<\/strong><\/p>\n<p style=\"text-align: justify;\">Vom avea de-acum \u00eenainte domina\u0163ia banului interna\u0163ional, impus\u0103 de str\u0103\u00adini; libertatea de munc\u0103 \u015fi tranzac\u0163iuni. Peste tot cre\u00addin\u0163ele vechi mor, un materialism brutal le ia locul, cultura se\u00adcolului, m\u00e2n\u0103-n m\u00e2n\u0103 cu s\u0103r\u0103cia claselor lucr\u0103toare, ame\u00adnin\u0163\u0103 toat\u0103 cl\u0103direa m\u0103rea\u0163\u0103 a civiliza\u0163iei cre\u015ftine. Shakespeare cedeaz\u0103 \u00een fa\u0163a bufoneriilor \u015fi dramelor de in\u00adcest \u015fi adulteriu, cancanul alung\u0103 pe Beethoven, ideile mari asfin\u0163esc, zeii mor.\u201d<\/p>\n<p><strong>Mihai Eminescu<\/strong><\/p>\n<p style=\"text-align: right;\"><em>(din presa anilor 1870-1889)<\/em><\/p>\n<p>&nbsp;<\/p>\n","protected":false},"excerpt":{"rendered":"<p>,,De c\u00e2nd lumea nu s-a v\u0103zut ca un popor s\u0103 stea politice\u0219te sus \u0219i economice\u0219te jos; am\u00e2ndou\u0103 ordinele de lucruri [&#038;hellip<\/p>\n","protected":false},"author":1,"featured_media":0,"comment_status":"closed","ping_status":"closed","sticky":false,"template":"","format":"standard","meta":{"footnotes":""},"categories":[3],"tags":[],"class_list":["post-19470","post","type-post","status-publish","format-standard","hentry","category-articole"],"_links":{"self":[{"href":"https:\/\/www.marianagurza.ro\/blog\/wp-json\/wp\/v2\/posts\/19470","targetHints":{"allow":["GET"]}}],"collection":[{"href":"https:\/\/www.marianagurza.ro\/blog\/wp-json\/wp\/v2\/posts"}],"about":[{"href":"https:\/\/www.marianagurza.ro\/blog\/wp-json\/wp\/v2\/types\/post"}],"author":[{"embeddable":true,"href":"https:\/\/www.marianagurza.ro\/blog\/wp-json\/wp\/v2\/users\/1"}],"replies":[{"embeddable":true,"href":"https:\/\/www.marianagurza.ro\/blog\/wp-json\/wp\/v2\/comments?post=19470"}],"version-history":[{"count":7,"href":"https:\/\/www.marianagurza.ro\/blog\/wp-json\/wp\/v2\/posts\/19470\/revisions"}],"predecessor-version":[{"id":19473,"href":"https:\/\/www.marianagurza.ro\/blog\/wp-json\/wp\/v2\/posts\/19470\/revisions\/19473"}],"wp:attachment":[{"href":"https:\/\/www.marianagurza.ro\/blog\/wp-json\/wp\/v2\/media?parent=19470"}],"wp:term":[{"taxonomy":"category","embeddable":true,"href":"https:\/\/www.marianagurza.ro\/blog\/wp-json\/wp\/v2\/categories?post=19470"},{"taxonomy":"post_tag","embeddable":true,"href":"https:\/\/www.marianagurza.ro\/blog\/wp-json\/wp\/v2\/tags?post=19470"}],"curies":[{"name":"wp","href":"https:\/\/api.w.org\/{rel}","templated":true}]}}