{"id":19479,"date":"2014-10-15T18:14:45","date_gmt":"2014-10-15T18:14:45","guid":{"rendered":"http:\/\/www.marianagurza.ro\/blog\/?p=19479"},"modified":"2014-10-15T19:25:27","modified_gmt":"2014-10-15T19:25:27","slug":"romania-unita-e-iubita-scriitoarea-mariana-cristescu-despre-bogdan-diaconu-si-%e2%80%9cpartidul-lui-vlad-tepes%e2%80%9d","status":"publish","type":"post","link":"https:\/\/www.marianagurza.ro\/blog\/2014\/10\/15\/romania-unita-e-iubita-scriitoarea-mariana-cristescu-despre-bogdan-diaconu-si-%e2%80%9cpartidul-lui-vlad-tepes%e2%80%9d\/","title":{"rendered":"Rom\u00e2nia Unit\u0103 e Iubit\u0103! Scriitoarea Mariana Cristescu despre Bogdan Diaconu \u015fi \u201cPartidul lui Vlad \u0162epe\u015f\u201d"},"content":{"rendered":"<p style=\"text-align: center;\"><a href=\"http:\/\/www.marianagurza.ro\/blog\/wp-content\/uploads\/2014\/10\/Romania-Iubita-de-Bogdan-Diaconu-Romania-Unita-Info.jpg\"><img loading=\"lazy\" decoding=\"async\" class=\"size-medium wp-image-19481\" title=\"Romania-Iubita-de-Bogdan-Diaconu-Romania-Unita-Info\" src=\"http:\/\/www.marianagurza.ro\/blog\/wp-content\/uploads\/2014\/10\/Romania-Iubita-de-Bogdan-Diaconu-Romania-Unita-Info-300x153.jpg\" alt=\"\" width=\"300\" height=\"153\" srcset=\"https:\/\/www.marianagurza.ro\/blog\/wp-content\/uploads\/2014\/10\/Romania-Iubita-de-Bogdan-Diaconu-Romania-Unita-Info-300x153.jpg 300w, https:\/\/www.marianagurza.ro\/blog\/wp-content\/uploads\/2014\/10\/Romania-Iubita-de-Bogdan-Diaconu-Romania-Unita-Info.jpg 1000w\" sizes=\"auto, (max-width: 300px) 100vw, 300px\" \/><\/a><\/p>\n<p style=\"text-align: justify;\">\u201eUn om politic m\u00e2nat doar de idealuri poate fi considerat \u00abnaiv\u00bb, dar un politician f\u0103r\u0103 niciun ideal este cu siguran\u0163\u0103 \u00abun ho\u0163\u00bb!\u201d \u2013 scrie Bogdan Diaconu, \u00een volumul \u201eRom\u00e2nia Unit\u0103\u201d, ap\u0103rut \u00een 2012, ca un corolar al convingerilor sale pentru a c\u0103ror punere \u00een oper\u0103 cei care i le \u00eemp\u0103rt\u0103\u015fesc l-au trimis \u00een Sfatul \u0162\u0103rii. \u2013 \u201eEu cred, cu t\u0103rie \u2013 continu\u0103 t\u00e2n\u0103rul lider al celei mai noi forma\u0163iuni politice cresc\u00e2nd numeric pe zi ce trece, precum voinicul din poveste \u2013 c\u0103 istoria nu-i va consemna pe niciunii dintre ei. Istoria va avea grij\u0103 numai de ideali\u015ftii care se bat \u015fi reu\u015fesc cu ambi\u0163ie \u015fi pragmatism s\u0103 transpun\u0103 idealurile \u00een realitate\u201d.<\/p>\n<p style=\"text-align: justify;\">L-am a\u015fteptat cu interes \u015fi speran\u0163e la T\u00e2rgu-Mure\u015f pe Bogdan Diaconu, cunosc\u00e2ndu-l \u015fi admir\u00e2ndu-l doar din scris. Ne-am \u00eent\u00e2lnit \u015fi s-a \u00eent\u00e2lnit cu simpatizan\u0163ii \u015fi jurnali\u015ftii t\u00e2rgumure\u015fen luni, a\u015fa cum promisese, \u00eenso\u0163it de o echip\u0103 frumoas\u0103, t\u00e2n\u0103r\u0103, puternic\u0103, de vis\u0103tori\u2026 \u201ecu picioarele pe p\u0103m\u00e2nt\u201d: avocatul dr.Vlad Hogea (prim-vicepre\u015fedinte PRU), George Roncea (vicepre\u015fedinte), Hora\u021biu \u0218erb (secretar general adjunct), Ana-Maria Savu (secretar\u0103), popasul t\u00e2rgumure\u015fan fiind inclus \u00eentr-un turneu de constituire a unor noi filiale, la Ploie\u0219ti, Bra\u0219ov, Reghin \u0219i T\u00e2rn\u0103veni. A fost o real\u0103 pl\u0103cere ca, \u00eempreun\u0103 cu scriitorul Laz\u0103r L\u0103dariu \u015fi atentul personal al hotelului \u201eContinental\u201d, s\u0103 le fim gazde \u015fi colaboratori.<\/p>\n<p style=\"text-align: justify;\"><a href=\"http:\/\/www.marianagurza.ro\/blog\/wp-content\/uploads\/2014\/10\/Bogdan-Diaconu-Romania-Unita-211x3001.jpg\"><img loading=\"lazy\" decoding=\"async\" class=\"alignright size-full wp-image-19482\" title=\"Bogdan-Diaconu-Romania-Unita-211x300\" src=\"http:\/\/www.marianagurza.ro\/blog\/wp-content\/uploads\/2014\/10\/Bogdan-Diaconu-Romania-Unita-211x3001.jpg\" alt=\"\" width=\"211\" height=\"300\" \/><\/a>Bogdan Diaconu este un politician t\u00e2n\u0103r. S-a n\u0103scut la 9 octombrie 1979, a\u015fadar, chiar m\u00e2ine va \u00eemplini 35 de ani. LA MUL\u0162I ANI! \u201eSunt pre\u0219edintele Partidului Rom\u00e2nia Unit\u0103 \u0219i deputat \u00een Parlamentul Rom\u00e2niei, ales pe 9 decembrie 2012 cu 69 la sut\u0103 din voturile cet\u0103\u0163enilor prezen\u0163i la vot din Colegiul 17 Bucure\u015fti (Sectorul 4)\u201d- se prezenta oaspetele la \u00eent\u00e2lnirea de luni, de la hotelul \u201eContinental\u201d, \u00een fa\u0163a unui public nu at\u00e2t de numeros cum ne a\u015fteptam, dar redutabil prin calitate: doamna Mariana Ploe\u015fteanu, domnii senatori Dumitru Pop \u015fi Marius Pa\u015fcan, ing.Gavril \u0162\u00eeru \u2013 fost prefect al jude\u0163ului, av. Ioan Sab\u0103u \u2013 pre\u015fedintele Forumului Civic Harghita-Covasna-Mure\u015f, ing. Florin Oproiescu \u2013 pre\u015fedintele Uniunii Vatra Rom\u00e2neasc\u0103, Ioan Ber\u0163a \u2013 pre\u015fedintele Asocia\u0163iei \u201eAvram Iancu\u201d, Marius Moldovan \u2013 pre\u015fedintele filialei Noua Dreapt\u0103 Mure\u015f, poetul Mircea Dorin Istrate \u015f.a. .<\/p>\n<p style=\"text-align: justify;\">\u201eProvin dintr-o familie de preo\u0163i cu tradi\u0163ie \u015fi am \u00eenv\u0103\u0163at, din primii ani, c\u0103 neamul \u015fi credin\u0163a sunt mai presus de orice. Sunt jurist de profesie, \u015fi astfel am \u00eenv\u0103\u0163at respectul legii. \u2013 se dest\u0103inuia Bogdan Diaconu. \u2013 \u00cen 2012 am publicat cartea \u00abRom\u00e2nia Unit\u0103\u00bb, o lucrare dedicat\u0103 valorilor na\u0163ionale \u015fi dreptului la o via\u0163\u0103 decent\u0103 \u015fi care promoveaz\u0103 trei piloni de baz\u0103 ai societ\u0103\u0163ii rom\u00e2ne\u015fti: educa\u0163ie, s\u0103n\u0103tate \u015fi siguran\u0163a cet\u0103\u0163enilor. Din data de 21 august 2014 am lansat proiectul Partidului Rom\u00e2nia Unit\u0103 ca alternativ\u0103 la clasa politic\u0103 a ultimilor 25 de ani.\u201d<\/p>\n<p style=\"text-align: justify;\">Un partid nou, la baz\u0103 c\u0103ruia st\u0103 doctrina na\u0163ional-democrat\u0103, aplicat\u0103 \u00een perioada interbelic\u0103 de marele om de cultur\u0103 Nicolae Iorga. \u201ePartidul Rom\u00e2nia Unit\u0103 \u00ee\u015fi asum\u0103 \u00eens\u0103 aceast\u0103 doctrin\u0103 \u00eentr-o variant\u0103 modern\u0103, adaptat\u0103 provoc\u0103rilor din timpurile noastre\u201d \u2013 declar\u0103 Bogdan Diaconu. \u2013 \u201eProgramul politic al Partidului Rom\u00e2nia Unit\u0103 con\u0163ine un principiu de baz\u0103: datoria de re\u00eentregire a Rom\u00e2niei prin reunificarea celor dou\u0103 state rom\u00e2ne\u015fti desp\u0103r\u0163ite artificial prin jocurile nedrepte ale istoriei f\u0103cute peste capul rom\u00e2nilor. Partidul Rom\u00e2nia Unit\u0103 sus\u021bine re\u00eentregirea teritoriului na\u021bional rom\u00e2nesc. Din punct de vedere al integr\u0103rii europene, calea cea mai simpl\u0103 pentru cel de-al doilea stat rom\u00e2nesc este integrarea prin reunificare, aceasta fiind singura \u015fans\u0103 de a asigura siguran\u0163a \u015fi viitorul acestui teritoriu rom\u00e2nesc \u00een fa\u0163a expansiunii ruse\u015fti care amenin\u0163\u0103 tot mai puternic Republica Moldova. Referitor \u00eens\u0103 la orice ar propune Partidul Rom\u00e2nia Unit\u0103 societ\u0103\u0163ii rom\u00e2ne\u015fti, nu noi le impunem rom\u00e2nilor ce au nevoie, ci ei sunt cei mai \u00een m\u0103sur\u0103 s\u0103 decid\u0103 \u015fi s\u0103 aleag\u0103 pentru ei \u00een\u015fi\u015fi. Partidul Rom\u00e2nia Unit\u0103 este doar ascult\u0103torul smerit \u015fi atent al rom\u00e2nilor \u015fi purt\u0103torul lor de mesaj. Sau, cum a spus Nicolae Iorga pe care \u00eemi permit s\u0103 \u00eel citez aici: \u00abS\u0103 nu ne credem noi prea mari \u015fi prea noi fa\u0163\u0103 de poporul nostru, pe care s\u0103-l consider\u0103m ca prea pu\u0163in nou \u015fi prea mic; s\u0103 nu pretindem a \u00eenv\u0103\u0163a poporul ceea ce nu \u015ftie, ci s\u0103 ne apropiem, smeri\u0163i ucenici, de ceea ce poporul \u015ftie mai bine dec\u00e2t noi. S\u0103 nu ne lu\u0103m atitudini de pedan\u0163i care scormonesc nu \u015ftiu ce teorii apusene \u015fi pretind s\u0103 schimbe obiceiurile de cugetare ale na\u0163iunii lor, ci s\u0103 \u00eencepem \u00eent\u00e2i, prin studierea obiceiurilor de cugetare ale na\u0163iunii noastre, s\u0103 ne inspir\u0103m din toate tradi\u0163iile poporului din care facem parte, s\u0103 \u00eensum\u0103m \u00een sufletul nostru toate experien\u0163ele de at\u00e2tea veacuri ale acelui popor \u015fi, dup\u0103 ce vom \u015fti toate aceste lucruri, pe urm\u0103 s\u0103 ne g\u00e2ndim la elaborarea unei doctrine pe care s-o punem la \u00eendem\u00e2na poporului \u015fi pe care el n-o va primi niciodat\u0103 dac\u0103 nu va veni, \u00een r\u00e2ndul \u00eent\u00e2i, de la d\u00e2nsul\u00bb.<\/p>\n<p style=\"text-align: justify;\">Respect\u00e2nd acest \u00eendemn al marelui istoric, am considerat necesar s\u0103 prezint liniile directoare ale noii doctrine a\u015fa cum a fost ea construit\u0103 din \u00eent\u00e2lnirile cu foarte mul\u0163i rom\u00e2ni \u015fi din mesajele pe care le-am primit de peste tot, pentru c\u0103 Partidul Rom\u00e2nia Unit\u0103 reune\u015fte oameni care cred \u00een ceva: \u00een valorile neamului, \u00een identitatea rom\u00e2neasc\u0103 \u015fi \u00een dreptul nostru de a fi pe acest p\u0103m\u00e2nt. Spre deosebire de clasa politic\u0103 a ultimilor 25 de ani \u00een care au fost prea pu\u0163ine excep\u0163ii, Partidul Rom\u00e2nia Unit\u0103 s-a format pe baza idealului na\u0163ional \u015fi a aderen\u0163ei profunde la valorile acestui popor la care se refer\u0103 toat\u0103 lumea, dar \u00een care nu mai crede nimeni. Noi credem! Aceast\u0103 nou\u0103 direc\u0163ie a politicii rom\u00e2ne\u015fti poate fi \u00een\u0163eleas\u0103 doar dac\u0103 ne referim la cele patru crize prin care trece Rom\u00e2nia: criza identitar\u0103, criza moral\u0103, criza demografic\u0103 \u015fi, \u00een cele din urm\u0103, ca o consecin\u0163\u0103 a primelor trei, criza economic\u0103. Partidul Rom\u00e2nia Unit\u0103 a ap\u0103rut ca reac\u0163ie la aceste crize, ca r\u0103spuns la provocarea \u015fi la amenin\u0163area pe care ele o reprezint\u0103 \u015fi ca solu\u0163ie de rezolvare a lor. Faptul c\u0103 limba rom\u00e2n\u0103 este tot mai trunchiat\u0103 \u015fi mai s\u0103r\u0103cit\u0103, inclusiv la nivelul a\u015fa numitelor elite politice, este o dovad\u0103 a pierderii identit\u0103\u0163ii noastre. Am promis prin Constitu\u0163ie c\u0103 avem grij\u0103 de cet\u0103\u0163eni. Acest lucru nu este op\u0163ional, este obligatoriu. Partidul Rom\u00e2nia Unit\u0103 aduce nou \u00een politica ultimilor 25 de ani luarea \u00een serios a angajamentelor pe care statul \u015fi le-a asumat \u00een fa\u0163a cet\u0103\u0163enilor s\u0103i.\u201d<\/p>\n<p style=\"text-align: justify;\">Acestea \u015fi \u00eenc\u0103 multe altele au fost temele abordate de echipa PRU \u00een discu\u0163iile cu simpatizan\u0163ii, cu presa, cu prietenii. Partidul Rom\u00e2nia Unit\u0103 \u00eenc\u0103 se na\u015fte \u015fi cre\u015fte, nu este \u00een campanie electoral\u0103. Bogdan Diaconu nu candideaz\u0103 la preziden\u0163iale. Nu \u00eenc\u0103! Cu siguran\u0163\u0103, va veni \u015fi vremea aceea.\u00a0 A\u015fa cum enun\u0163am \u00eenc\u0103 din titlu, iubirea de \u0163ar\u0103, la bornele timpului pe care \u00eel tr\u0103im, devine \u015ftiin\u0163a de a-\u0163i ancora idealul \u00een strig\u0103tul clipei. LA MUL\u0162I ANI, Bogdan Diaconu! Fie-\u0163i idealurile \u00eemplinite!<\/p>\n<p style=\"text-align: right;\">MARIANA CRISTESCU \/ <a href=\"http:\/\/www.cuvantul-liber.ro\/\">Cuv\u00e2ntul liber<\/a>, T\u00e2rgu Mure\u015f<\/p>\n<p style=\"text-align: right;\">Sursa: <a href=\"http:\/\/romaniaunita.info\"><strong>Romania Unita Info<\/strong><\/a><\/p>\n<p style=\"text-align: right;\">Foto: <a href=\"http:\/\/roncea.ro\/\" target=\"_blank\">Victor Roncea<\/a><\/p>\n<p style=\"text-align: center;\">\u00a0<a href=\"http:\/\/www.marianagurza.ro\/blog\/wp-content\/uploads\/2014\/10\/lansare-romania-unita-bogdan-diaconu.jpg\"><img loading=\"lazy\" decoding=\"async\" class=\"size-medium wp-image-19483\" title=\"lansare romania unita bogdan diaconu\" src=\"http:\/\/www.marianagurza.ro\/blog\/wp-content\/uploads\/2014\/10\/lansare-romania-unita-bogdan-diaconu-300x225.jpg\" alt=\"\" width=\"300\" height=\"225\" srcset=\"https:\/\/www.marianagurza.ro\/blog\/wp-content\/uploads\/2014\/10\/lansare-romania-unita-bogdan-diaconu-300x225.jpg 300w, https:\/\/www.marianagurza.ro\/blog\/wp-content\/uploads\/2014\/10\/lansare-romania-unita-bogdan-diaconu.jpg 960w\" sizes=\"auto, (max-width: 300px) 100vw, 300px\" \/><\/a><\/p>\n<p style=\"text-align: center;\">Lansarea volumului \u201eRom\u00e2nia Iubit\u0103\u201d, autor, deputatul Bogdan Diaconu<\/p>\n<p style=\"text-align: center;\">15 octombrie 2014<\/p>\n<p style=\"text-align: center;\">Felicit\u0103ri autorului!<\/p>\n<p style=\"text-align: center;\">Mai multe informa\u021bii via <a href=\"http:\/\/roncea.ro\/\" target=\"_blank\">Victor Roncea<\/a><\/p>\n","protected":false},"excerpt":{"rendered":"<p>\u201eUn om politic m\u00e2nat doar de idealuri poate fi considerat \u00abnaiv\u00bb, dar un politician f\u0103r\u0103 niciun ideal este cu siguran\u0163\u0103 [&#038;hellip<\/p>\n","protected":false},"author":1,"featured_media":0,"comment_status":"closed","ping_status":"closed","sticky":false,"template":"","format":"standard","meta":{"footnotes":""},"categories":[3,6],"tags":[],"class_list":["post-19479","post","type-post","status-publish","format-standard","hentry","category-articole","category-linkuri-externe"],"_links":{"self":[{"href":"https:\/\/www.marianagurza.ro\/blog\/wp-json\/wp\/v2\/posts\/19479","targetHints":{"allow":["GET"]}}],"collection":[{"href":"https:\/\/www.marianagurza.ro\/blog\/wp-json\/wp\/v2\/posts"}],"about":[{"href":"https:\/\/www.marianagurza.ro\/blog\/wp-json\/wp\/v2\/types\/post"}],"author":[{"embeddable":true,"href":"https:\/\/www.marianagurza.ro\/blog\/wp-json\/wp\/v2\/users\/1"}],"replies":[{"embeddable":true,"href":"https:\/\/www.marianagurza.ro\/blog\/wp-json\/wp\/v2\/comments?post=19479"}],"version-history":[{"count":3,"href":"https:\/\/www.marianagurza.ro\/blog\/wp-json\/wp\/v2\/posts\/19479\/revisions"}],"predecessor-version":[{"id":19485,"href":"https:\/\/www.marianagurza.ro\/blog\/wp-json\/wp\/v2\/posts\/19479\/revisions\/19485"}],"wp:attachment":[{"href":"https:\/\/www.marianagurza.ro\/blog\/wp-json\/wp\/v2\/media?parent=19479"}],"wp:term":[{"taxonomy":"category","embeddable":true,"href":"https:\/\/www.marianagurza.ro\/blog\/wp-json\/wp\/v2\/categories?post=19479"},{"taxonomy":"post_tag","embeddable":true,"href":"https:\/\/www.marianagurza.ro\/blog\/wp-json\/wp\/v2\/tags?post=19479"}],"curies":[{"name":"wp","href":"https:\/\/api.w.org\/{rel}","templated":true}]}}