{"id":19505,"date":"2014-10-17T09:20:42","date_gmt":"2014-10-17T09:20:42","guid":{"rendered":"http:\/\/www.marianagurza.ro\/blog\/?p=19505"},"modified":"2014-10-17T21:53:33","modified_gmt":"2014-10-17T21:53:33","slug":"boris-david-cea-mica","status":"publish","type":"post","link":"https:\/\/www.marianagurza.ro\/blog\/2014\/10\/17\/boris-david-cea-mica\/","title":{"rendered":"Boris David: Cea Mic\u0103&#8230;"},"content":{"rendered":"<p style=\"text-align: center;\"><a href=\"http:\/\/www.marianagurza.ro\/blog\/wp-content\/uploads\/2014\/10\/icoana-maica-rarau-3.jpg\"><img loading=\"lazy\" decoding=\"async\" class=\"size-medium wp-image-19509\" title=\"icoana-maica-rarau-(3)\" src=\"http:\/\/www.marianagurza.ro\/blog\/wp-content\/uploads\/2014\/10\/icoana-maica-rarau-3-193x300.jpg\" alt=\"\" width=\"193\" height=\"300\" srcset=\"https:\/\/www.marianagurza.ro\/blog\/wp-content\/uploads\/2014\/10\/icoana-maica-rarau-3-193x300.jpg 193w, https:\/\/www.marianagurza.ro\/blog\/wp-content\/uploads\/2014\/10\/icoana-maica-rarau-3.jpg 450w\" sizes=\"auto, (max-width: 193px) 100vw, 193px\" \/><\/a><\/p>\n<p style=\"text-align: center;\"><em>Icoana<\/em> Maicii Domnului cu Pruncul, de la Manastirea <em>Rarau<\/em><\/p>\n<p>&nbsp;<\/p>\n<p><strong>Cea Mic\u0103&#8230;<\/strong><\/p>\n<p><em>\u00a0\u00a0\u00a0\u00a0\u00a0\u00a0\u00a0\u00a0\u00a0\u00a0\u00a0\u00a0\u00a0\u00a0\u00a0\u00a0\u00a0\u00a0\u00a0\u00a0\u00a0\u00a0\u00a0\u00a0\u00a0\u00a0\u00a0\u00a0\u00a0\u00a0 (Un dar aniversar,\u00a0 Mariei Miculescu)<\/em><strong><\/strong><\/p>\n<p><strong><br \/>\n<\/strong><br data-reactid=\".5m.1:3:1:$comment1551599765053633_1551724661707810:0.0.$right.0.$left.0.0.1:$comment-body.0.0.$end:0:$3:0\" \/> Maria cea Mic\u0103, a\u0219a am s\u0103-\u021bi spun<br data-reactid=\".5m.1:3:1:$comment1551599765053633_1551724661707810:0.0.$right.0.$left.0.0.1:$comment-body.0.3.0.$end:0:$1:0\" \/> Nu mai am timp s\u0103 v\u0103d cum mai cre\u0219ti<br data-reactid=\".5m.1:3:1:$comment1551599765053633_1551724661707810:0.0.$right.0.$left.0.0.1:$comment-body.0.3.0.$end:0:$3:0\" \/> Cu ochi-\u021bi privind parc\u0103-ascul\u021bi din povesti <br data-reactid=\".5m.1:3:1:$comment1551599765053633_1551724661707810:0.0.$right.0.$left.0.0.1:$comment-body.0.3.0.$end:0:$5:0\" \/> <br data-reactid=\".5m.1:3:1:$comment1551599765053633_1551724661707810:0.0.$right.0.$left.0.0.1:$comment-body.0.3.0.$end:0:$7:0\" \/> P\u0103stra-voi imagini \u00een ultimul drum<br data-reactid=\".5m.1:3:1:$comment1551599765053633_1551724661707810:0.0.$right.0.$left.0.0.1:$comment-body.0.3.0.$end:0:$9:0\" \/> Cu tine \u00een bra\u021be-o bunic\u0103 z\u00e2mbind<br data-reactid=\".5m.1:3:1:$comment1551599765053633_1551724661707810:0.0.$right.0.$left.0.0.1:$comment-body.0.3.0.$end:0:$11:0\" \/> Cu ochi ce tr\u0103deaz\u0103-a iubirii parfum<br data-reactid=\".5m.1:3:1:$comment1551599765053633_1551724661707810:0.0.$right.0.$left.0.0.1:$comment-body.0.3.0.$end:0:$13:0\" \/> Cu-n g\u00e2nd spre Fecioar\u0103, \u00eencet murmur\u00e2nd<br data-reactid=\".5m.1:3:1:$comment1551599765053633_1551724661707810:0.0.$right.0.$left.0.0.1:$comment-body.0.3.0.$end:0:$15:0\" \/> \u201dAi grij\u0103 Prea Sf\u00e2nt\u0103, de unicul prunc<br data-reactid=\".5m.1:3:1:$comment1551599765053633_1551724661707810:0.0.$right.0.$left.0.0.1:$comment-body.0.3.0.$end:0:$17:0\" \/> S-o v\u0103d pe Maria, cum cre\u0219te r\u00e2z\u00e2nd<br data-reactid=\".5m.1:3:1:$comment1551599765053633_1551724661707810:0.0.$right.0.$left.0.0.1:$comment-body.0.3.0.$end:0:$19:0\" \/> Cum face n\u0103zb\u00e2tii, cum noi to\u021bi iert\u00e2nd<br data-reactid=\".5m.1:3:1:$comment1551599765053633_1551724661707810:0.0.$right.0.$left.0.0.1:$comment-body.0.3.0.$end:0:$21:0\" \/> Cum via\u021ba-i se umple cu numele-\u021ai Sf\u00e2nt<br data-reactid=\".5m.1:3:1:$comment1551599765053633_1551724661707810:0.0.$right.0.$left.0.0.1:$comment-body.0.3.0.$end:0:$23:0\" \/> Fecioar\u0103 \u0219i Mam\u0103-ntre Cer \u0219i P\u0103m\u00e2nt&#8230;\u201d<\/p>\n<p>&nbsp;<\/p>\n<p>Boris David<\/p>\n<p>Bucure\u0219ti<\/p>\n<p>17 octombrie 2014<\/p>\n<p>&nbsp;<\/p>\n<p style=\"text-align: center;\"><a href=\"http:\/\/www.marianagurza.ro\/blog\/wp-content\/uploads\/2014\/10\/eu-maria.jpg\"><img loading=\"lazy\" decoding=\"async\" title=\"eu maria\" src=\"http:\/\/www.marianagurza.ro\/blog\/wp-content\/uploads\/2014\/10\/eu-maria-300x225.jpg\" alt=\"\" width=\"300\" height=\"225\" \/><\/a><\/p>\n<p style=\"text-align: center;\">\n<p style=\"text-align: center;\">Buni \u0219i Maria<\/p>\n<p style=\"text-align: center;\">\n<p style=\"text-align: center;\"><a href=\"http:\/\/www.marianagurza.ro\/blog\/wp-content\/uploads\/2014\/10\/buni-\u0219i-maria.jpg\"><img loading=\"lazy\" decoding=\"async\" class=\"size-medium wp-image-19514\" title=\"buni \u0219i maria\" src=\"http:\/\/www.marianagurza.ro\/blog\/wp-content\/uploads\/2014\/10\/buni-\u0219i-maria-300x225.jpg\" alt=\"\" width=\"300\" height=\"225\" srcset=\"https:\/\/www.marianagurza.ro\/blog\/wp-content\/uploads\/2014\/10\/buni-\u0219i-maria-300x225.jpg 300w, https:\/\/www.marianagurza.ro\/blog\/wp-content\/uploads\/2014\/10\/buni-\u0219i-maria.jpg 480w\" sizes=\"auto, (max-width: 300px) 100vw, 300px\" \/><\/a><\/p>\n<p style=\"text-align: center;\">\n","protected":false},"excerpt":{"rendered":"<p>Icoana Maicii Domnului cu Pruncul, de la Manastirea Rarau &nbsp; Cea Mic\u0103&#8230; \u00a0\u00a0\u00a0\u00a0\u00a0\u00a0\u00a0\u00a0\u00a0\u00a0\u00a0\u00a0\u00a0\u00a0\u00a0\u00a0\u00a0\u00a0\u00a0\u00a0\u00a0\u00a0\u00a0\u00a0\u00a0\u00a0\u00a0\u00a0\u00a0\u00a0 (Un dar aniversar,\u00a0 Mariei Miculescu) Maria cea [&#038;hellip<\/p>\n","protected":false},"author":1,"featured_media":0,"comment_status":"closed","ping_status":"closed","sticky":false,"template":"","format":"standard","meta":{"footnotes":""},"categories":[3],"tags":[],"class_list":["post-19505","post","type-post","status-publish","format-standard","hentry","category-articole"],"_links":{"self":[{"href":"https:\/\/www.marianagurza.ro\/blog\/wp-json\/wp\/v2\/posts\/19505","targetHints":{"allow":["GET"]}}],"collection":[{"href":"https:\/\/www.marianagurza.ro\/blog\/wp-json\/wp\/v2\/posts"}],"about":[{"href":"https:\/\/www.marianagurza.ro\/blog\/wp-json\/wp\/v2\/types\/post"}],"author":[{"embeddable":true,"href":"https:\/\/www.marianagurza.ro\/blog\/wp-json\/wp\/v2\/users\/1"}],"replies":[{"embeddable":true,"href":"https:\/\/www.marianagurza.ro\/blog\/wp-json\/wp\/v2\/comments?post=19505"}],"version-history":[{"count":7,"href":"https:\/\/www.marianagurza.ro\/blog\/wp-json\/wp\/v2\/posts\/19505\/revisions"}],"predecessor-version":[{"id":19508,"href":"https:\/\/www.marianagurza.ro\/blog\/wp-json\/wp\/v2\/posts\/19505\/revisions\/19508"}],"wp:attachment":[{"href":"https:\/\/www.marianagurza.ro\/blog\/wp-json\/wp\/v2\/media?parent=19505"}],"wp:term":[{"taxonomy":"category","embeddable":true,"href":"https:\/\/www.marianagurza.ro\/blog\/wp-json\/wp\/v2\/categories?post=19505"},{"taxonomy":"post_tag","embeddable":true,"href":"https:\/\/www.marianagurza.ro\/blog\/wp-json\/wp\/v2\/tags?post=19505"}],"curies":[{"name":"wp","href":"https:\/\/api.w.org\/{rel}","templated":true}]}}