{"id":19553,"date":"2014-10-23T18:28:48","date_gmt":"2014-10-23T18:28:48","guid":{"rendered":"http:\/\/www.marianagurza.ro\/blog\/?p=19553"},"modified":"2014-10-23T19:33:34","modified_gmt":"2014-10-23T19:33:34","slug":"daris-basarab-antume-ntr-un-final%e2%80%a6","status":"publish","type":"post","link":"https:\/\/www.marianagurza.ro\/blog\/2014\/10\/23\/daris-basarab-antume-ntr-un-final%e2%80%a6\/","title":{"rendered":"Daris Basarab: Antume-ntr-un final\u2026"},"content":{"rendered":"<p style=\"text-align: center;\"><a href=\"http:\/\/www.marianagurza.ro\/blog\/wp-content\/uploads\/2014\/10\/Boris-si-Margareta.jpg\"><img loading=\"lazy\" decoding=\"async\" class=\"size-medium wp-image-19554\" title=\"Boris si Margareta\" src=\"http:\/\/www.marianagurza.ro\/blog\/wp-content\/uploads\/2014\/10\/Boris-si-Margareta-300x168.jpg\" alt=\"\" width=\"300\" height=\"168\" srcset=\"https:\/\/www.marianagurza.ro\/blog\/wp-content\/uploads\/2014\/10\/Boris-si-Margareta-300x168.jpg 300w, https:\/\/www.marianagurza.ro\/blog\/wp-content\/uploads\/2014\/10\/Boris-si-Margareta.jpg 960w\" sizes=\"auto, (max-width: 300px) 100vw, 300px\" \/><\/a><\/p>\n<p style=\"text-align: center;\"><strong>Margareta \u0219i Boris David\u00a0<\/strong><\/p>\n<p style=\"text-align: center;\">(60 de ani de la c\u0103s\u0103torie)<\/p>\n<p style=\"text-align: center;\">***<\/p>\n<p align=\"center\"><strong>Antume-ntr-un final\u2026<\/strong><\/p>\n<p align=\"center\"><strong>~ spicuiri ~<br \/>\n<\/strong><\/p>\n<p align=\"center\"><strong>\u00a0<\/strong><\/p>\n<p align=\"center\"><strong>2014<\/strong><\/p>\n<p><strong>\u00a0<\/strong><\/p>\n<p><strong>\u00a0<\/strong><\/p>\n<p><strong>\u00a0<\/strong><\/p>\n<p><strong>\u00a0<\/strong><\/p>\n<p><strong>Mi-am amintit\u2026<\/strong><\/p>\n<p><strong>\u00a0<\/strong><\/p>\n<p>Mi-am amintit \u00eent\u00e2mpl\u0103tor &#8211;<\/p>\n<p>Am dat peste-un album cu poze &#8211;<\/p>\n<p>Eram de-o seam\u0103, am\u00e2ndoi,<\/p>\n<p>\u0218i cei din jur erau ca noi<\/p>\n<p>Dar noi sclipeam cumva aparte.<\/p>\n<p>&nbsp;<\/p>\n<p>\u0218i-am rasfoit prin amintiri<\/p>\n<p>M\u00e2nat de-ascunsele sclipiri<\/p>\n<p>\u0218i-am retr\u0103it cu ochi-nchi\u0219i<\/p>\n<p>Secretul unor am\u0103giri<\/p>\n<p>Care nici azi nu-mi par de\u0219arte.<\/p>\n<p>C\u0103ci ce a fost nu-i de uitat<\/p>\n<p>Noi am plutit prin utopie<\/p>\n<p>Uit\u00e2nd c\u0103 visu-i nebunie<\/p>\n<p>C\u0103-n fapt eram pe veci lega\u021bi<\/p>\n<p>De-alte f\u0103pturi nevinovate.<\/p>\n<p>&nbsp;<\/p>\n<p>Cea care s-a trezit din vis<\/p>\n<p>Ai fost tu, plin\u0103 de principii<\/p>\n<p>\u0218i f\u0103r\u0103 niciun preaviz<\/p>\n<p>Ai disp\u0103rut l\u0103s\u00e2nd un iz<\/p>\n<p>Ce-l simt \u0219i azi din mine parte.<\/p>\n<p>&nbsp;<\/p>\n<p style=\"text-align: center;\">\u00a0<a href=\"http:\/\/www.marianagurza.ro\/blog\/wp-content\/uploads\/2014\/10\/MARGARETA-BORIS.jpg\"><img loading=\"lazy\" decoding=\"async\" class=\"size-full wp-image-19559\" title=\"MARGARETA BORIS\" src=\"http:\/\/www.marianagurza.ro\/blog\/wp-content\/uploads\/2014\/10\/MARGARETA-BORIS.jpg\" alt=\"\" width=\"151\" height=\"189\" \/><\/a><\/p>\n<p style=\"text-align: center;\"><em>Margareta-Ana Kruch<\/em><\/p>\n<p><strong>Nostalgie<\/strong><\/p>\n<p>&nbsp;<\/p>\n<p>Departe-s clipele c\u00e2nd m\u0103 jucam<\/p>\n<p>De-a scrie-n vers a mea iubire<\/p>\n<p>Atras de chipuri ce sclipeau<\/p>\n<p>\u00cen frageda-mi \u00eenchipuire.<\/p>\n<p>Vedeam frumosul peste tot<\/p>\n<p>Pe chipuri, z\u00e2mbete-n privire<\/p>\n<p>Adolescen\u021bi cu to\u021bi eram<\/p>\n<p>Habar ce-i via\u021ba nu aveam<\/p>\n<p>\u0218i cu emo\u021bii antamam<\/p>\n<p>Cu-o vorb\u0103, dou\u0103, de puteam<\/p>\n<p>O declara\u021bie de iubire.<\/p>\n<p>&nbsp;<\/p>\n<p>Ro\u0219ea \u0219i ea, ro\u0219eam \u0219i eu<\/p>\n<p>\u0218i ne prindeam timid de m\u00e2n\u0103<\/p>\n<p>Obrazu-i cerea m\u00e2ng\u00e2iri<\/p>\n<p>Dar hot\u0103ram c\u0103 se am\u00e2n\u0103.<\/p>\n<p>\u0218i ne-am retras \u00a0spre un copac<\/p>\n<p>Nu pentru umbr\u0103, de ru\u0219ine<\/p>\n<p>Ea \u00eencerc\u00e2nd a-mi fi pe plac<\/p>\n<p>C\u0103t\u00e2nd \u00een jur s\u0103 nu o vad\u0103<\/p>\n<p>Vreun trec\u0103tor pornit pe svad\u0103<\/p>\n<p>S-a cuib\u0103rit la pieptul meu<\/p>\n<p>M-a s\u0103rutat, ca-n prima dat<\/p>\n<p>\u0218i m-a-nv\u0103\u021bat c\u00e2t e de bine.<\/p>\n<p>&nbsp;<\/p>\n<p>Apoi s-a smuls \u0219i-n pas gr\u0103bit<\/p>\n<p>S-a dep\u0103rtat strig\u00e2nd \u2018pe m\u00e2ine!<\/p>\n<p>Te-a\u0219tept aicea,\u00a0 sub copac<\/p>\n<p>S\u0103 m\u0103 s\u0103ru\u021bi \u0219i tu pe mine\u2019\u2026<\/p>\n<p>&nbsp;<\/p>\n<p>&nbsp;<\/p>\n<p><strong>C<\/strong><strong>\u00e2t de mullt&#8230;<\/strong><\/p>\n<p>&nbsp;<\/p>\n<p>C\u00e2t de mult te-am iubit<\/p>\n<p>N-ai s\u0103 \u0219tii niciodat\u0103<\/p>\n<p>Nu \u021bi-am spus-o direct<\/p>\n<p>Doar cumva, voalat\u0103.<\/p>\n<p>&nbsp;<\/p>\n<p>Dac\u0103 stau \u0219i g\u00e2ndesc<\/p>\n<p>Nici n-aveam cum o spune<\/p>\n<p>Te-am v\u0103zut doar \u00een vis<\/p>\n<p>Nu-ntr-o lume anume.<\/p>\n<p>&nbsp;<\/p>\n<p>Cu o poz\u0103 de ieri<\/p>\n<p>Sau un\u00a0 clip \u00eentr-o fug\u0103<\/p>\n<p>Ce po\u021bi s\u0103 \u00een\u021belegi\u00a0?!<\/p>\n<p>Nu-i icoan\u0103, nu-i rug\u0103.<\/p>\n<p>&nbsp;<\/p>\n<p>S-a-nt\u00e2mplat \u00een context<\/p>\n<p>E o mod\u0103 de-a spune<\/p>\n<p>C\u0103 \u00een fapt \u0219i g\u00e2nde\u0219ti<\/p>\n<p>Nu-i o stare pe bune.<\/p>\n<p>&nbsp;<\/p>\n<p>Am sim\u021bit c\u0103-i altfel<\/p>\n<p>De ce-n sufletu-mi zace<\/p>\n<p>Dar de-aici p\u00e2n la cer<\/p>\n<p>E-un r\u0103zboi, nu \u0219i pace\u00a0!<\/p>\n<p>&nbsp;<\/p>\n<p>Am mai spus, n-ai cum \u0219ti<\/p>\n<p>O \u0219tiu al\u021bii, din umbr\u0103<\/p>\n<p>De ne-am fi \u00eent\u00e2lnit<\/p>\n<p>A\u0219 fi-ie\u0219it din penumbr\u0103.<\/p>\n<p>&nbsp;<\/p>\n<p>\u0218i a\u0219 fi spus, poate-un da<\/p>\n<p>Sau un nu, pe t\u0103cute<\/p>\n<p>E un fel de-a vorbi<\/p>\n<p>Despre lucruri pl\u0103cute.<\/p>\n<p>&nbsp;<\/p>\n<p>Ast\u0103zi doar amintiri<\/p>\n<p>\u00cembr\u0103cate-n regrete<\/p>\n<p>Pe atunci m\u0103-mb\u0103tam<\/p>\n<p>Admirat pentru plete\u2026<\/p>\n<p>&nbsp;<\/p>\n<p>C-am pierdut, c\u00e2\u0219tigat<\/p>\n<p>N-o pot spune anume<\/p>\n<p>Prea mul\u021bi ani au trecut<\/p>\n<p>S\u0103 pronun\u021b azi un nume\u2026<\/p>\n<p>&nbsp;<\/p>\n<p>&nbsp;<\/p>\n<p><strong>G\u00e2nduri sumbre&#8230;<\/strong><\/p>\n<p><strong>\u00a0<\/strong><\/p>\n<p>G\u00e2nduri sumbre m-apas\u0103<\/p>\n<p>Nu m\u0103-mpac cu ce sunt<\/p>\n<p>O epav\u0103 uitat\u0103<\/p>\n<p>Pe un fund de ocean<\/p>\n<p>Unde n-ai cum ajunge<\/p>\n<p>Unde-amintiri zac \u00een van.<\/p>\n<p>&nbsp;<\/p>\n<p>Cin\u2019 s\u0103 vrea s\u0103 priveasc\u0103<\/p>\n<p>\u00cen ce-aduce-a ce-a fost<\/p>\n<p>Totul pare-o n\u0103luc\u0103<\/p>\n<p>Pe un fund de lighean<\/p>\n<p>Unde-o ap\u0103 murdar\u0103<\/p>\n<p>E al ei paravan.<\/p>\n<p>&nbsp;<\/p>\n<p>N-o z\u0103re\u0219ti cu privirea<\/p>\n<p>Nici cu g\u00e2ndul n-o ca\u021bi<\/p>\n<p>Ce a fost nu mai este<\/p>\n<p>Poate c\u0103 nici n-a fost<\/p>\n<p>Dup\u0103 cum se prezint\u0103<\/p>\n<p>S-o prive\u0219ti n-are rost.<\/p>\n<p>&nbsp;<\/p>\n<p>Da, a\u0219a cum arat\u0103<\/p>\n<p>O epav\u0103 prive\u0219ti<\/p>\n<p>De-acel timp ce nu iart\u0103<\/p>\n<p>Ce comori s\u0103 g\u0103se\u0219ti?!<\/p>\n<p>\u0218i cum timpul e money<\/p>\n<p>Nici nu te mai opre\u0219ti.<\/p>\n<p>&nbsp;<\/p>\n<p>Iar n\u0103luca se mi\u0219c\u0103-n<\/p>\n<p>Unduiri \u00a0de lighean<\/p>\n<p>Arunci apa murdar\u0103<\/p>\n<p>Ea se-opre\u0219te pripit<\/p>\n<p>Poate vei \u00een\u021belege<\/p>\n<p>C\u0103 \u0219i ea a tr\u0103it&#8230;<\/p>\n<p>&nbsp;<\/p>\n<p>&nbsp;<\/p>\n<p><strong>G\u00e2nduri negre\u2026<\/strong><\/p>\n<p><strong>\u00a0<\/strong><\/p>\n<p>C\u00e2nd g\u00e2nduri negre bat \u00een geam<\/p>\n<p>Cu noaptea ce se las\u0103<\/p>\n<p>\u00cenchid \u0219i pleoapele s\u0103 pot<\/p>\n<p>Gusta acel \u201dnu-mi pas\u0103\u201d.<\/p>\n<p>&nbsp;<\/p>\n<p>\u0218i stau \u0219i-a\u0219tept s\u0103 pot avea<\/p>\n<p>Un\u00a0 somn, ce nu se las\u0103<\/p>\n<p>\u0218i-n vis, c\u0103-i vis, s\u0103 pot visa<\/p>\n<p>C\u0103-ntr-adev\u0103r nu-mi pas\u0103.<\/p>\n<p>&nbsp;<\/p>\n<p>Dar pleoapele-n zadar le-nchid<\/p>\n<p>C\u0103ci g\u00e2ndul nu m\u0103 las\u0103<\/p>\n<p>La ce m\u0103 b\u00e2ntuie de-un timp<\/p>\n<p>S\u0103 spun c\u0103 nu-mi mai pas\u0103.<\/p>\n<p>&nbsp;<\/p>\n<p>\u0218i-atunci m\u0103 scol \u0219i plec hoinar<\/p>\n<p>Prin ploaia ce se las\u0103<\/p>\n<p>\u0218i tot primind apa-n obraz<\/p>\n<p>Eu simt chiar c\u0103\u00a0 nu-mi pas\u0103&#8230;<\/p>\n<p>&nbsp;<\/p>\n<p>&nbsp;<\/p>\n<p><strong>S\u0103-\u021bi scriu&#8230;<\/strong><\/p>\n<p><strong>\u00a0<\/strong><\/p>\n<p>S\u0103-\u021bi scriu ceva proasp\u0103t<\/p>\n<p>S\u0103-\u021bi fie pe plac<\/p>\n<p>A\u0219a m\u0103-ndemnai printre r\u00e2nduri<\/p>\n<p>Chiar dac\u0103 nu-mi place<\/p>\n<p>S\u0103 \u0219tii c\u0103 o fac<\/p>\n<p>De c\u00e2te ori cad azi pe g\u00e2nduri.<\/p>\n<p>&nbsp;<\/p>\n<p>Dar \u0219tii, c\u0103 nu e, cum vrei tu<\/p>\n<p>Nici cum a\u0219 putea a o face<\/p>\n<p>Eu scriu doar din suflet dict\u00e2nd<\/p>\n<p>\u0218i chiar dac\u0103-\u021bi place, sau nu<\/p>\n<p>C\u00e2nd scriu un poem<\/p>\n<p>O fac l\u00e2ng\u0103 tine vibr\u00e2nd.<\/p>\n<p>&nbsp;<\/p>\n<p>\u0218i v\u0103d \u0219i imaginea ta<\/p>\n<p>Din vis, sau din poza pierdut\u0103<\/p>\n<p>\u0218i-ntreb, oare cum o fi ea?<\/p>\n<p>A\u0219a cum \u00een sufletu-mi zace?<\/p>\n<p>Sau poate, e-a\u0219a cum vreau eu<\/p>\n<p>Pe-un cer plin de stele, o stea?<\/p>\n<p>&nbsp;<\/p>\n<p>Nu!, nu e bine ce scriu<\/p>\n<p>Nu asta a\u0219teapt\u0103-o femeie<\/p>\n<p>Ea vrea, pe p\u0103m\u00e2nt, \u0219i o cere<\/p>\n<p>Iubirea ce-aduce-un oftat<\/p>\n<p>Un bra\u021b ce str\u00e2ng\u00e2nd-o la piept<\/p>\n<p>S\u0103 pl\u00e2ng\u0103, de-at\u00e2ta pl\u0103cere&#8230;<\/p>\n<p>&nbsp;<\/p>\n<p>&nbsp;<\/p>\n<p><strong>Am cunoscut&#8230;<\/strong><\/p>\n<p><strong>\u00a0<\/strong><\/p>\n<p>Am cunoscut o fat\u0103 &#8211;<\/p>\n<p>Purta numele t\u0103u &#8211;<\/p>\n<p>Ne-am intalnit pe plaj\u0103&#8230;<\/p>\n<p>De z\u00e2mbetu-i \u0219\u0103galnic<\/p>\n<p>\u0218i-acum \u00eemi pare r\u0103u.<\/p>\n<p>&nbsp;<\/p>\n<p>Avea \u00een el chemarea<\/p>\n<p>Ce-n mare-am mai g\u0103sit<\/p>\n<p>La semnul de-ntrebare<\/p>\n<p>Ca doi copii de m\u00e2n\u0103<\/p>\n<p>Spre ap\u0103 am fugit.<\/p>\n<p>A fost ea prima care<\/p>\n<p>\u00cen val s-a aruncat<\/p>\n<p>\u0218i disp\u0103r\u00e2nd sub ap\u0103<\/p>\n<p>F\u0103r\u0103 s\u0103 \u0219tiu ce vrea<\/p>\n<p>Chemarea-i am urmat.<\/p>\n<p>&nbsp;<\/p>\n<p>Sub ap\u0103 nu-i de glum\u0103<\/p>\n<p>\u0218tiam ce e un joc<\/p>\n<p>Am prins-o de o m\u00e2n\u0103<\/p>\n<p>Ma prins \u0219i ea de g\u00e2t<\/p>\n<p>Ne-am s\u0103rutat cu foc.<\/p>\n<p>&nbsp;<\/p>\n<p>\u021aineam noi r\u0103suflarea<\/p>\n<p>F\u0103r\u0103 prea mult efort<\/p>\n<p>Ea plin\u0103 de c\u0103ldur\u0103<\/p>\n<p>Eu, profitam de faptul<\/p>\n<p>C\u0103 mai f\u0103cusem sport.<\/p>\n<p>&nbsp;<\/p>\n<p>C\u00e2nd, totu\u0219i, rezisten\u021ba<\/p>\n<p>Ne-a pus la \u00eencercat<\/p>\n<p>Noi am s\u0103ltat afar\u0103<\/p>\n<p>\u0218i la un mic spectacol<\/p>\n<p>R\u00e2z\u00e2nd am asistat.<\/p>\n<p>&nbsp;<\/p>\n<p>Ascun\u0219i cam mult sub ap\u0103<\/p>\n<p>Am fost da\u021bi disp\u0103ru\u021bi<\/p>\n<p>La strig\u0103te de-alarm\u0103<\/p>\n<p>Salvmari intra\u021bi \u00een ap\u0103<\/p>\n<p>Ne c\u0103utau gr\u0103bi\u021bi.<\/p>\n<p>&nbsp;<\/p>\n<p>Ce furie pe d\u00e2n\u0219ii<\/p>\n<p>S\u0103 fie deranja\u021bi!?<\/p>\n<p>Eu o luai de umeri<\/p>\n<p>\u0218i am plecat, fugind<\/p>\n<p>De-ntreaga asisten\u021b\u0103,<\/p>\n<p>Am fost aplauda\u021bi&#8230;<\/p>\n<p>&nbsp;<\/p>\n<p><strong>\u00a0<\/strong><\/p>\n<p><strong>Doar tu&#8230;<\/strong><\/p>\n<p><strong>\u00a0<\/strong><\/p>\n<p>\u021ai-am spus-o eu odat\u0103<\/p>\n<p>C\u00e2nd mai credeam \u00een noi<\/p>\n<p>Tu mi-ai z\u00e2mbit \u0219\u0103galnic<\/p>\n<p>\u00cen lacrimi, pentru doi.<\/p>\n<p>&nbsp;<\/p>\n<p>\u0218tiam c\u0103 n-am mai spus-o<\/p>\n<p>Credeam c\u0103 n-am s-o fac<\/p>\n<p>Tu mi-ai \u00eentors s\u0103rutul<\/p>\n<p>Nu pentru-a-mi fi pe plac.<\/p>\n<p>&nbsp;<\/p>\n<p>C\u0103ci tu sim\u021beai ca mine<\/p>\n<p>C\u00e2nd te str\u00e2ngeam la piept<\/p>\n<p>Chiar dac\u0103 din privire<\/p>\n<p>Tu m\u0103 rugai s-a\u0219tept.<\/p>\n<p>&nbsp;<\/p>\n<p>\u0218i-am a\u0219teptat o var\u0103<\/p>\n<p>\u0218i toamna a trecut<\/p>\n<p>\u0218i-al\u021bi doi, trei ani, \u00een fug\u0103<\/p>\n<p>P\u0103rea c\u0103 te-am pierdut.<\/p>\n<p>&nbsp;<\/p>\n<p>\u0218i-am \u00een\u021beles atuncea<\/p>\n<p>C\u0103 nu era de noi<\/p>\n<p>Eram mai mult prieteni<\/p>\n<p>Cu sufletele goi.<\/p>\n<p>&nbsp;<\/p>\n<p>C\u0103ci tu mi-ai spus adio<\/p>\n<p>Nu pot s\u0103 fiu a ta<\/p>\n<p>Iubirea am pierdut-o<\/p>\n<p>\u0218i nu din vrerea mea.<\/p>\n<p>&nbsp;<\/p>\n<p>&nbsp;<\/p>\n<p>Cel care m\u0103 vr\u0103jise<\/p>\n<p>Mi-a spus \u0219i el \u201ddoar tu\u201d<\/p>\n<p>Mai simt \u0219i-acum \u00een vorba-i<\/p>\n<p>Un neuitat \u201dte du!\u201d<\/p>\n<p>&nbsp;<\/p>\n<p>N-am \u00een\u021beles plecarea-i<\/p>\n<p>N-o \u00een\u021beleg acum<\/p>\n<p>Dar auzindu-i vorba<\/p>\n<p>M\u0103 tem c\u0103 e\u0219ti pe drum.<\/p>\n<p>&nbsp;<\/p>\n<p>&#8230;&#8230;&#8230;&#8230;&#8230;&#8230;&#8230;&#8230;&#8230;&#8230;<wbr>&#8230;&#8230;&#8230;&#8230;<\/wbr><\/p>\n<p>&nbsp;<\/p>\n<p>Am \u00een\u021beles mesajul<\/p>\n<p>Eram \u0219i eu p\u0103\u021bit<\/p>\n<p>C\u00e2ndva, tot dup-o vorb\u0103<\/p>\n<p>A pl\u00e2ns, m-a p\u0103r\u0103sit&#8230;<\/p>\n<p>&nbsp;<\/p>\n<p>&nbsp;<\/p>\n<p><strong>Tumult&#8230;<\/strong><\/p>\n<p><strong>\u00a0<\/strong><\/p>\n<p>Tumultu-i zbucium sufletesc &#8211;<\/p>\n<p>Tu-ai pomenit de-aceast\u0103 stare &#8211;<\/p>\n<p>\u00cen versu-\u021bi plin de nostalgie<\/p>\n<p>Am \u00een\u021beles c\u0103-i omenesc.<\/p>\n<p>&nbsp;<\/p>\n<p>\u0218i-am reflectat la ce-am sim\u021bit<\/p>\n<p>C\u00e2nd te-am pierdut f\u0103r\u0103 de veste<\/p>\n<p>C\u0103ci dac\u0103 visu-i utopie<\/p>\n<p>Nu-nseamn\u0103 c\u0103 ai fost min\u021bit.<\/p>\n<p>&nbsp;<\/p>\n<p>\u0218i eu \u0219i tu, sau tu \u0219i el<\/p>\n<p>Am cunoscut a vie\u021bii fe\u021be<\/p>\n<p>\u0218i ar fi fost chiar nebunie<\/p>\n<p>S\u0103 n-accept\u0103m pierdutul \u021bel.<\/p>\n<p>&nbsp;<\/p>\n<p>Tumultul apei-nvolburate<\/p>\n<p>Se manifest\u0103 cam la fel&#8230;<\/p>\n<p>&nbsp;<\/p>\n<p>&nbsp;<\/p>\n<p><strong>E s\u0103rb\u0103toare&#8230;<\/strong><\/p>\n<p><strong>\u00a0<\/strong><\/p>\n<p>E s\u0103rb\u0103toare \u0219i-i firesc<\/p>\n<p>S\u0103-ncerc \u0219i eu o bucurie<\/p>\n<p>Marii am \u00eent\u00e2lnit mereu<\/p>\n<p>S-aleg din amintiri e greu<\/p>\n<p>Mai mult, \u00eemi pare-o nebunie.<\/p>\n<p>&nbsp;<\/p>\n<p>Eu cat \u00een jur, c\u0103ci mai tr\u0103iesc,<\/p>\n<p>Trecutul nu m\u0103 mai \u00eembie<\/p>\n<p>Dar \u00een prezent m\u0103 poticnesc<\/p>\n<p>Spun\u00e2nd direct, \u0219tiu c\u0103 gre\u0219esc<\/p>\n<p>Iar visu-i simpl\u0103 utopie.<\/p>\n<p>&nbsp;<\/p>\n<p>\u0218i cat adrese din mai ieri<\/p>\n<p>\u0218i scriu, sau sun, la \u00eent\u00e2mplare<\/p>\n<p>Surprize n-am cum \u00a0provoca<\/p>\n<p>Nici nu m-a\u0219tept l-a\u0219a ceva<\/p>\n<p>Ce-a fost nu are cum s\u0103 fie.<\/p>\n<p>&nbsp;<\/p>\n<p>\u0218i-atunci Rachmaninov e-al meu<\/p>\n<p>\u0218i-l pun mereu s\u0103 se repete<\/p>\n<p>\u0218i-l fredonez, cum pot \u0219i eu<\/p>\n<p>\u0218i pe Cioran \u2019l evoc mereu<\/p>\n<p>\u0218i-a\u0219tept ca noaptea s\u0103 revie&#8230;<\/p>\n<p>&nbsp;<\/p>\n<p><strong>\u00a0<\/strong><\/p>\n<p><strong>\u201dN-a fost s\u0103 fie&#8230;\u201d<\/strong><\/p>\n<p>&nbsp;<\/p>\n<p>O sintagm\u0103 preluat\u0103<\/p>\n<p>\u00cenc\u0103 din copil\u0103rie<\/p>\n<p>De la unchiul, zis Alexe<\/p>\n<p>Cel cu dorul s\u0103u de duc\u0103.<\/p>\n<p>&nbsp;<\/p>\n<p>A-nv\u0103\u021bat-o-n cursul vie\u021bii<\/p>\n<p>De hoinar f\u0103r\u0103 ast\u00e2mp\u0103r<\/p>\n<p>C\u00e2nd pe drumuri neumblate<\/p>\n<p>A-nt\u00e2lnit c\u00e2te-o n\u0103luc\u0103.<\/p>\n<p>Rod al unui vis utopic<\/p>\n<p>Destr\u0103mat pe nu \u0219tiu unde<\/p>\n<p>S-a \u00eentors din a lui cale<\/p>\n<p>C\u0103ci \u0219tia c\u0103 iar se-apuc\u0103.<\/p>\n<p>&nbsp;<\/p>\n<p>\u0218i se apuca pe bune<\/p>\n<p>De-un nou vis, \u0219i mai utopic<\/p>\n<p>Plin de am\u0103giri, fantasme<\/p>\n<p>Cum putea s\u0103 nu se duc\u0103?!<\/p>\n<p>&nbsp;<\/p>\n<p>Se-nt\u00e2mpla s\u0103 e\u0219ueze<\/p>\n<p>C\u0103z\u00e2nd prad\u0103 unei fete<\/p>\n<p>Fat-aceea zis Morgana<\/p>\n<p>Mai ceva ca o n\u0103luc\u0103.<\/p>\n<p>&nbsp;<\/p>\n<p>Intrigat punea-ntrebarea<\/p>\n<p>Cum s\u0103 piar\u0103 o visare?!<\/p>\n<p>Renun\u021b\u00e2nd s\u0103 se fr\u0103m\u00e2nte<\/p>\n<p>El \u0219tia c\u0103 iar se-apuc\u0103.<\/p>\n<p>&nbsp;<\/p>\n<p>Unii cereau explica\u021bii<\/p>\n<p>La a\u0219a-nc\u0103p\u0103\u021b\u00e2nare<\/p>\n<p>\u0218i-a r\u0103spuns \u201dn-a fost s\u0103 fie\u201d<\/p>\n<p>C\u0103ci a\u0219a-i\u00a0 Dorul de Duc\u0103!<\/p>\n<p>&nbsp;<\/p>\n<p style=\"text-align: center;\"><a href=\"http:\/\/www.marianagurza.ro\/blog\/wp-content\/uploads\/2014\/10\/gurza2.jpg\"><img loading=\"lazy\" decoding=\"async\" class=\"size-medium wp-image-19565\" title=\"gurza2\" src=\"http:\/\/www.marianagurza.ro\/blog\/wp-content\/uploads\/2014\/10\/gurza2-300x229.jpg\" alt=\"\" width=\"300\" height=\"229\" srcset=\"https:\/\/www.marianagurza.ro\/blog\/wp-content\/uploads\/2014\/10\/gurza2-300x229.jpg 300w, https:\/\/www.marianagurza.ro\/blog\/wp-content\/uploads\/2014\/10\/gurza2.jpg 339w\" sizes=\"auto, (max-width: 300px) 100vw, 300px\" \/><\/a><\/p>\n<p><strong>\u00a0<\/strong><\/p>\n<p><strong>Tu nu mi-ai spus&#8230;<\/strong><\/p>\n<p>&nbsp;<\/p>\n<p>Tu nu mi-ai spus adio sau la revedere<\/p>\n<p>Precipitat\u0103 ai plecat f\u0103r\u0103 de veste<\/p>\n<p>\u021ai-am spus c\u00e2ndva c\u0103 totu-i a ta vrere<\/p>\n<p>Dar nu s\u0103 negi un vis \u0219i-a lui poveste.<\/p>\n<p>&nbsp;<\/p>\n<p>Po\u021bi pune stop spun\u00e2nd c-a fost o utopie<\/p>\n<p>Pe unde e\u0219ti m\u0103 po\u021bi p\u0103stra \u00een amintire<\/p>\n<p>S\u0103 m\u0103 convingi c-a fost o nebunie<\/p>\n<p>C\u0103 ne-am l\u0103sat \u00eempin\u0219i de-o am\u0103gire.<\/p>\n<p>&nbsp;<\/p>\n<p>Dar s\u0103 dispari acoperit\u0103 de t\u0103cere?!<\/p>\n<p>Doar noi clamam \u00een tandem c\u0103 suntem prieteni<\/p>\n<p>Mai mult, c\u0103 suntem unici, f\u0103r\u0103 de temere<\/p>\n<p>Ciuda\u021bi, cu har, printre ai no\u0219tri semeni.<\/p>\n<p>&nbsp;<\/p>\n<p>Da, era o cale de-a salva trecutul<\/p>\n<p>Citind din c\u00e2nd \u00een c\u00e2nd, cea unic\u0103 poveste&#8230;<\/p>\n<p>&nbsp;<\/p>\n<p><strong>\u00a0<\/strong><\/p>\n<p><strong>Ca-ntr-un final&#8230;<\/strong><\/p>\n<p>&nbsp;<\/p>\n<p>Mi-aduc aminte cum, demult<\/p>\n<p>Am hot\u0103r\u00e2t\u00a0 s\u0103 o sf\u00e2r\u0219im&#8230;<\/p>\n<p>\u00cent\u00e2mpl\u0103tor ne \u00eent\u00e2lnim<\/p>\n<p>Ca \u00een trecut ne-mbr\u0103\u021bi\u0219\u0103m<\/p>\n<p>La bra\u021b mai facem pa\u0219i \u00een doi<\/p>\n<p>Nu mul\u021bi, doar nu e dup\u0103 noi<\/p>\n<p>Chiar indecent s\u0103 ne-afi\u0219\u0103m.<\/p>\n<p>\u00cen glum\u0103, poate chiar serios<\/p>\n<p>De ce a fost ne amintim<\/p>\n<p>Privirea ei o \u00eent\u00e2lnesc<\/p>\n<p>\u0218i ca \u0219i ieri eu \u00eei z\u00e2mbesc.<\/p>\n<p>Vorbesc aiurea de ce-a fost<\/p>\n<p>La \u00eentreb\u0103ri nu-i dau r\u0103spuns<\/p>\n<p>\u0218i-atunci se-opre\u0219te \u00eentreb\u00e2nd:<\/p>\n<p>Tu \u0219tii ce fetele spuneau?<\/p>\n<p>C\u0103 trei condi\u021bii \u00eentruneai &#8211;<\/p>\n<p>Erai \u00eenalt, z\u00e2mbeai duios<\/p>\n<p>\u0218i ce mai plete tu aveai! &#8211;<\/p>\n<p>\u0218i asta-i\u00a0 tot, m\u0103 minunam?!<\/p>\n<p>Nu, mai aveai \u00eenc\u0103 ceva<\/p>\n<p>Chiar dac\u0103 asta nu-mi pl\u0103cea<\/p>\n<p>Min\u021beai senin, iar eu credeam&#8230;<\/p>\n<p>&nbsp;<\/p>\n<p>&nbsp;<\/p>\n<p><strong>Mi-e dor&#8230;<\/strong><\/p>\n<p><strong>\u00a0<\/strong><\/p>\n<p>Mi-e dor de ce-a fost<\/p>\n<p>Mi-e dor de ce este \u0219i nu e<\/p>\n<p>Mi-e dor de ce-ar fi fost s\u0103 fie<\/p>\n<p>\u0218i de ce nu va mai fi&#8230;<\/p>\n<p>&nbsp;<\/p>\n<p>E-o boal\u0103 la mine cu dorul<\/p>\n<p>Nu uit mai nimic din ce-a fost<\/p>\n<p>M\u0103 leg f\u0103r\u0103 rost de ce este<\/p>\n<p>Cu m\u00e2ine nu po\u021bi tu a \u0219ti&#8230;<\/p>\n<p>&nbsp;<\/p>\n<p>\u0218i-tunci m\u0103 \u00eentorc la sintagma<\/p>\n<p>Ce-n via\u021b\u0103 m-a tot urm\u0103rit<\/p>\n<p>Aceea cu \u201dN-a fost s\u0103 fie\u201d<\/p>\n<p>\u0218i-ncerc sup\u0103rat a nu fi&#8230;<\/p>\n<p>&nbsp;<\/p>\n<p>Dar cum nu e tot ca la carte<\/p>\n<p>\u00cemi spun c\u0103 nu po\u021bi, toate-a \u0219ti&#8230;<\/p>\n<p>&nbsp;<\/p>\n<p><strong>\u00a0<\/strong><\/p>\n<p><strong>A\u0219 vrea&#8230;<\/strong><\/p>\n<p><strong>\u00a0<\/strong><\/p>\n<p>A\u0219 vrea s\u0103-\u021bi mai scriu versuri<\/p>\n<p>Dar simt c\u0103 nu se prinde<\/p>\n<p>Nici toamna pe sf\u00e2r\u0219ite<\/p>\n<p>\u0218i nici plecarea ta<\/p>\n<p>Nu mai mi-adun\u0103 g\u00e2ndul<\/p>\n<p>Ce-at\u00e2t te urm\u0103rea<\/p>\n<p>C\u00e2nd mai speram c\u0103 visul<\/p>\n<p>Utopic, dar mirific<\/p>\n<p>Sub pleoapele \u00eenchise<\/p>\n<p>\u00cen bra\u021be te-a\u0219tepta.<\/p>\n<p>&nbsp;<\/p>\n<p>\u00cen van mai \u00eenchid ochii<\/p>\n<p>Nimic nu se perind\u0103<\/p>\n<p>\u00cen fa\u021b\u0103-i doar pustiul<\/p>\n<p>L\u0103sat de urma ta<\/p>\n<p>De ce-ai plecat iubit-o?!<\/p>\n<p>Nimic n-o prevedea<\/p>\n<p>Eu chiar tr\u0103iam misterul<\/p>\n<p>A ce nu se-nt\u00e2mplase<\/p>\n<p>A ce-a\u0219 fi vrut din suflet<\/p>\n<p>S\u0103 fie vrerea ta.<\/p>\n<p>&nbsp;<\/p>\n<p>\u0218i toamna asta, Doamne!<\/p>\n<p>La ce p\u0103streaz\u0103 frunza<\/p>\n<p>De-un verde de smarald?!<\/p>\n<p>Sau vrea, poate, s-alunge<\/p>\n<p>Triste\u021bea-mi creatoare<\/p>\n<p>Ce mi-a dictat \u0219i versul<\/p>\n<p>\u0218i visul alt\u0103dat?<\/p>\n<p>&nbsp;<\/p>\n<p>\u0218i-atunci?!<\/p>\n<p>&nbsp;<\/p>\n<p>A\u0219tept s\u0103 cad\u0103 frunza<\/p>\n<p>De-un galben auriu<\/p>\n<p>S-alerg spre cimitirul<\/p>\n<p>\u00cenntr-un amurg t\u00e2rziu<\/p>\n<p>S\u0103 calc covorul moale<\/p>\n<p>\u0218i s\u0103 p\u00e2ndesc momentul<\/p>\n<p>At\u00e2t de a\u0219teptat<\/p>\n<p>Atunci c\u00e2nd \u0219tiu c\u0103 scrisul<\/p>\n<p>Se-a\u0219terne-nvolburat&#8230;<\/p>\n<p>&nbsp;<\/p>\n<p><strong>La m\u00e2ine&#8230;<\/strong><\/p>\n<p>&nbsp;<\/p>\n<p>La m\u00e2ine nu m\u0103 pot g\u00e2ndi<\/p>\n<p>Nici nu pot \u0219ti cam cum el este<\/p>\n<p>P\u0103m\u00e2ntu-i tot ce-am cunoscut<\/p>\n<p>Cu ce va fi, e doar poveste.<\/p>\n<p>&nbsp;<\/p>\n<p>Nu-i lamentare, nici regret<\/p>\n<p>Cum s\u0103 regre\u021bi \u00eentreg trecutul?!<\/p>\n<p>Cu to\u021bi avem ceva de spus<\/p>\n<p>P\u0103m\u00e2ntu-ntreg ne-a fost avutul.<\/p>\n<p>&nbsp;<\/p>\n<p>C\u00e2nd m\u0103 g\u00e2ndesc la cum am fost<\/p>\n<p>La visele \u00eenvolburate<\/p>\n<p>La utopii ce m-au hr\u0103nit<\/p>\n<p>La slalomul printre p\u0103cate<\/p>\n<p>Cum s\u0103 m\u0103-mpac cu ce nu \u0219tiu<\/p>\n<p>Cu-o lume de noi inventat\u0103?!<\/p>\n<p>S\u0103 las at\u00e2tea ne-mpliniri<\/p>\n<p>Ce mai a\u0219teapt\u0103 o etap\u0103?!<\/p>\n<p>&nbsp;<\/p>\n<p>Nu, nu!, nu-n m\u00e2ine m\u0103-ntrev\u0103d<\/p>\n<p>Destul c\u0103 nu \u0219tim \u00eenceputul<\/p>\n<p>Neant a fost, neant va fi<\/p>\n<p>Sus\u021bin, p\u0103m\u00e2ntul ni-e avutul&#8230;<\/p>\n<p>&nbsp;<\/p>\n<p>&nbsp;<\/p>\n<p><strong>Toamn\u0103 cenu\u0219ie&#8230;<\/strong><\/p>\n<p><strong>\u00a0<\/strong><\/p>\n<p>Toamn\u0103 cenu\u0219ie<\/p>\n<p>Spune-mi unde-or fi<\/p>\n<p>Galbenul \u0219i ro\u0219ul<\/p>\n<p>Cu-al lor iz fatal<\/p>\n<p>S\u0103 atac cu versul<\/p>\n<p>F\u0103r\u0103-a fi banal<\/p>\n<p>Inima de piatr\u0103<\/p>\n<p>Ce m-a subjugat<\/p>\n<p>Chipu-i f\u0103r\u0103 seam\u0103n<\/p>\n<p>Glasu-i de cristal<\/p>\n<p>Mersu-i de felin\u0103<\/p>\n<p>De pe-un mal astral<\/p>\n<p>Ce-a r\u0103mas \u00een urm\u0103<\/p>\n<p>Printre amintiri<\/p>\n<p>Unde-un Dor de Duc\u0103<\/p>\n<p>M-a f\u0103cut s\u0103 fiu<\/p>\n<p>Blond f\u0103r\u0103 m\u0103sur\u0103<\/p>\n<p>Printre negri vii<\/p>\n<p>Unde o metis\u0103<\/p>\n<p>Mi-a strigat \u00a0\u201dRevii!\u201d<\/p>\n<p>Uit\u00e2nd c\u0103-i din st\u00e2nc\u0103<\/p>\n<p>Cum a vrut a fi<\/p>\n<p>C\u00e2nd seara la lun\u0103<\/p>\n<p>Mi-a spus printre alte<\/p>\n<p>\u201dNu, nu te pripi!\u201d<\/p>\n<p>Cu g\u00e2ndul acolo<\/p>\n<p>A\u0219 vrea s\u0103 fiu trist<\/p>\n<p>Dar unde e frunza<\/p>\n<p>Cu ten auriu<\/p>\n<p>S\u0103 smulg\u0103 din suflet<\/p>\n<p>Ce zace-nc\u0103 viu<\/p>\n<p>S\u0103 pot chiar s\u0103 pl\u00e2ng<\/p>\n<p>\u00cenot\u00e2nd \u00een pustiu&#8230;<\/p>\n<p>&nbsp;<\/p>\n<p>Dar glasul cu-acel \u201dS\u0103 revii!\u201d<\/p>\n<p>R\u0103sun\u0103 \u0219optindu-mi<\/p>\n<p>\u201dCe-ai fost, n-ai s\u0103 fii&#8230;\u201d<\/p>\n<p>&nbsp;<\/p>\n<p><strong>\u00a0<\/strong><\/p>\n<p><strong>Triste\u021bea clipei&#8230;<\/strong><\/p>\n<p><strong>\u00a0<\/strong><\/p>\n<p>Triste\u021bea clipei ce-a trecut<\/p>\n<p>Prezent\u0103 este \u00eenc\u0103<\/p>\n<p>Ea prin amploare a-ntrecut<\/p>\n<p>Durata ei de st\u00e2nc\u0103.<\/p>\n<p>&nbsp;<\/p>\n<p>C\u00e2nd spui o clip\u0103, spune tot<\/p>\n<p>E-o clip\u0103 p\u0103m\u00e2ntean\u0103<\/p>\n<p>Ea se ascunde \u0219i nu pot<\/p>\n<p>S-o smulg, nu-i buruian\u0103.<\/p>\n<p>&nbsp;<\/p>\n<p>Se-ntinde peste zile, nop\u021bi<\/p>\n<p>\u0218i numeri lunile, chiar anii<\/p>\n<p>\u0218i-oric\u00e2t ai vrea s\u0103 ui\u021bi, nu po\u021bi<\/p>\n<p>Zadarnice str\u0103danii.<\/p>\n<p>&nbsp;<\/p>\n<p>\u0218i cau\u021bi, \u0219i \u00eencerci mereu<\/p>\n<p>O nou\u0103 clip\u0103-n via\u021b\u0103<\/p>\n<p>\u0218i noaptea c\u00e2nd e \u0219i mai greu<\/p>\n<p>\u021ai-e sufletul de ghea\u021b\u0103.<\/p>\n<p>&nbsp;<\/p>\n<p>C\u0103ci n-ai un g\u00e2nd s\u0103-l \u00eenc\u0103lze\u0219ti<\/p>\n<p>Prea lung e labirintul<\/p>\n<p>Clipa alearg\u0103, n-o g\u0103se\u0219ti<\/p>\n<p>S\u0103-i domole\u0219ti av\u00e2ntul.<\/p>\n<p>&nbsp;<\/p>\n<p>Iar timpul trece nemilos<\/p>\n<p>Chiar de-l m\u0103sori \u00een clipe<\/p>\n<p>\u0218i-mb\u0103tr\u00e2ne\u0219ti f\u0103r\u0103 folos<\/p>\n<p>\u0218i-a\u0219tep\u021bi s\u0103 prinzi aripe&#8230;<\/p>\n<p>&nbsp;<\/p>\n<p><strong>\u00a0<\/strong><\/p>\n<p><strong>Derut\u0103, sau decep\u021bie?&#8230;<\/strong><\/p>\n<p><strong>\u00a0<\/strong><\/p>\n<p>Alt titlu, sincer, n-am g\u0103sit<\/p>\n<p>S\u0103 fie v\u00e2rsta-naintat\u0103?!<\/p>\n<p>\u00cen lumea leat\u0103 cu-a mea fat\u0103<\/p>\n<p>Sunt ca str\u0103inul r\u0103t\u0103cit.<\/p>\n<p>&nbsp;<\/p>\n<p>Mai sunt c\u00e2\u021biva ce cred c\u0103 sunt<\/p>\n<p>M\u00e2nat de amintiri, de vise<\/p>\n<p>C\u0103 nu-n\u021beleg c-au fost prescrise<\/p>\n<p>C\u0103 pentru ei sunt un c\u0103runt.<\/p>\n<p>&nbsp;<\/p>\n<p>Oi fi la p\u0103r \u0219i nu-mi st\u0103 r\u0103u<\/p>\n<p>C\u0103ci sufletul \u0219i mintea-s treze<\/p>\n<p>M\u0103-ncumet sus, pe metereze<\/p>\n<p>S\u0103-L chem la noi pe Dumnezeu.<\/p>\n<p>&nbsp;<\/p>\n<p>C\u0103 nu e dreptul meu s-o fac<\/p>\n<p>Nu m-au v\u0103zut f\u0103c\u00e2nd o cruce<\/p>\n<p>Dar Crucea mea cine o duce?<\/p>\n<p>Eu din pruncie-o duc \u0219i tac.<\/p>\n<p>&nbsp;<\/p>\n<p>C\u0103 am \u0219i calde amintiri<\/p>\n<p>Sau vise \u00eenc\u0103 ne-mplinite<\/p>\n<p>Chiar dac\u0103 sunt r\u0103st\u0103lm\u0103cite<\/p>\n<p>Nu-nseamn\u0103 c\u0103-s doar am\u0103giri.<\/p>\n<p>&nbsp;<\/p>\n<p>&nbsp;<\/p>\n<p>De-acolo-am tras seva \u00een mers<\/p>\n<p>Cu pa\u0219i m\u0103run\u021bi pe-aceste plaiuri<\/p>\n<p>\u0218i-am construit a mele Raiuri<\/p>\n<p>Ce zac \u00een suflet, nu-s de \u0219ters.<\/p>\n<p>&nbsp;<\/p>\n<p>C\u0103 \u00eendr\u0103znesc s\u0103 privesc sus<\/p>\n<p>C\u0103-mi ridic pleoapele spre soare<\/p>\n<p>C\u0103-n ochii mei v\u0103d doar splendoare<\/p>\n<p>C\u0103-mi place via\u021ba, am mai spus&#8230;<\/p>\n<p>&nbsp;<\/p>\n<p><strong>\u00a0<\/strong><\/p>\n<p><strong>Mi-ai spus&#8230;<\/strong><\/p>\n<p>&nbsp;<\/p>\n<p>Mi-ai spus s\u0103 nu mai scriu \u00een v\u00e2nt<\/p>\n<p>S\u0103 m-adresez, cui vreau, pe fa\u021b\u0103<\/p>\n<p>&nbsp;<\/p>\n<p>S\u0103 \u0219tie \u201dea\u201d, s\u0103 \u0219tiu \u0219i eu<\/p>\n<p>Doar n-ai s\u0103-mi spui c\u0103-\u021bi este greu<\/p>\n<p>S\u0103 fii exemplu, o pova\u021b\u0103.<\/p>\n<p>&nbsp;<\/p>\n<p>Pova\u021b\u0103 cui?, m-am \u00eentrebat<\/p>\n<p>Surprins de-a\u0219a curiozitate<\/p>\n<p>Vrei s\u0103 strig tare cine-i \u201dea\u201d?!<\/p>\n<p>Nu sunt convins c\u0103 i-ar pl\u0103cea<\/p>\n<p>S\u0103 etalez o noutate.<\/p>\n<p>&nbsp;<\/p>\n<p>Nu pare c\u0103 sunt chiar \u00een v\u00e2nt<\/p>\n<p>A\u0219a cum scrii, cin\u2019 s\u0103 se simt\u0103?<\/p>\n<p>Nu sunt naiv\u0103, cred c-o \u0219tii<\/p>\n<p>Cu mine sincer po\u021bi s\u0103 fii<\/p>\n<p>\u0218i s\u0103 nu-mi spui c\u0103 e vreo sf\u00e2nt\u0103.<\/p>\n<p>&nbsp;<\/p>\n<p>Pe-acest p\u0103m\u00e2nt nimic nu-i sf\u00e2nt<\/p>\n<p>Cum poate fi o p\u0103m\u00e2ntean\u0103?!<\/p>\n<p>&nbsp;<\/p>\n<p>Deci recuno\u0219ti, nu e doar vis<\/p>\n<p>Re\u021bine, chiar acum ai zis<\/p>\n<p>S\u0103 fie oare-o african\u0103?<\/p>\n<p>C\u0103ci de nu-i sf\u00e2nt\u0103,-i pe p\u0103m\u00e2nt<\/p>\n<p>Precum femeile, de-o teap\u0103<\/p>\n<p>Doar le-am v\u0103zut cum ele sunt<\/p>\n<p>Cu ml\u0103dieri, n-au p\u0103r c\u0103runt<\/p>\n<p>Ci doar priviri care \u00een\u021beap\u0103.<\/p>\n<p>&nbsp;<\/p>\n<p>Ei, asta-i bun\u0103, chiar de-i vis<\/p>\n<p>Pot s\u0103 m-opresc mult mai aproape<\/p>\n<p>Nu-i dor de duc\u0103, sunt \u0219i-aici<\/p>\n<p>\u0218i-oric\u00e2t ai vrea, nu po\u021bi s\u0103 zici<\/p>\n<p>C\u0103 nu p\u0103trund chiar \u0219i sub pleoape.<\/p>\n<p>&nbsp;<\/p>\n<p>Ei, vezi, aici am vrut s-ajung<\/p>\n<p>N-o mai lua pe ocolite<\/p>\n<p>M\u0103car pe vreuna o cunosc?<\/p>\n<p>Chiar, a\u0219 p\u0103utea s-o recunosc?<\/p>\n<p>S\u0103 nu-mi r\u0103spunzi pe neg\u00e2ndite!<\/p>\n<p>Am \u0219i eu dreptul s\u0103 nu mor<\/p>\n<p>De o meteahn\u0103 feminin\u0103<\/p>\n<p>Ca-n cercetare-un curios<\/p>\n<p>Nu se opre\u0219te, nu-i sfios<\/p>\n<p>Curiozitatea \u00eel anim\u0103&#8230;<\/p>\n<p>&nbsp;<\/p>\n<p style=\"text-align: center;\">\u00a0<a href=\"http:\/\/www.marianagurza.ro\/blog\/wp-content\/uploads\/2014\/10\/maria.august.jpg\"><img loading=\"lazy\" decoding=\"async\" class=\"size-medium wp-image-19566\" title=\"maria.august\" src=\"http:\/\/www.marianagurza.ro\/blog\/wp-content\/uploads\/2014\/10\/maria.august-199x300.jpg\" alt=\"\" width=\"199\" height=\"300\" srcset=\"https:\/\/www.marianagurza.ro\/blog\/wp-content\/uploads\/2014\/10\/maria.august-199x300.jpg 199w, https:\/\/www.marianagurza.ro\/blog\/wp-content\/uploads\/2014\/10\/maria.august.jpg 638w\" sizes=\"auto, (max-width: 199px) 100vw, 199px\" \/><\/a><\/p>\n<p>&nbsp;<\/p>\n<p><strong>Cea Mic\u0103&#8230;<\/strong><\/p>\n<p><strong>\u00a0<\/strong><\/p>\n<p>Maria cea Mic\u0103, a\u0219a am s\u0103-\u021bi spun<\/p>\n<p>Nu mai am timp s\u0103 v\u0103d cum mai cre\u0219ti<\/p>\n<p>Cu ochi-\u021bi privind parc\u0103-ascul\u021bi din povesti pove\u0219ti<\/p>\n<p>&nbsp;<\/p>\n<p>P\u0103stra-voi imagini \u00een ultimul drum<\/p>\n<p>Cu tine \u00een bra\u021be-o bunic\u0103 z\u00e2mbind<\/p>\n<p>Cu ochi ce tr\u0103deaz\u0103-a iubirii parfum<\/p>\n<p>Cu-n g\u00e2nd spre Fecioar\u0103, \u00eencet murmur\u00e2nd<\/p>\n<p>\u201dAi grij\u0103 Prea Sf\u00e2nt\u0103, de unicul prunc<\/p>\n<p>S-o v\u0103d pe Maria, cum cre\u0219te r\u00e2z\u00e2nd<\/p>\n<p>Cum face n\u0103zb\u00e2tii, cum noi to\u021bi iert\u00e2nd<\/p>\n<p>Cum via\u021ba-i se umple cu numele-\u021ai Sf\u00e2nt<\/p>\n<p>Fecioar\u0103 \u0219i Mam\u0103-ntre Cer \u0219i P\u0103m\u00e2nt&#8230;\u201d<\/p>\n<p>&nbsp;<\/p>\n<p><strong>\u00centre Cer \u0219i P\u0103m\u00e2nt<\/strong><\/p>\n<p>&nbsp;<\/p>\n<p><strong>\u00a0<\/strong><\/p>\n<p>\u00centre Cer \u0219i P\u0103m\u00e2nt<\/p>\n<p>E un drum de-ntreb\u0103ri<\/p>\n<p>La a c\u0103ror r\u0103spuns<\/p>\n<p>\u00cel g\u0103se\u0219ti doar \u00een Cer<\/p>\n<p>De-unde nu se-aud voci<\/p>\n<p>De prieteni pleca\u021bi<\/p>\n<p>C\u0103ci \u00een lumea de-Apoi<\/p>\n<p>Noi suntem cei uita\u021bi<\/p>\n<p>Ce prieteni, ce fra\u021bi!<\/p>\n<p>Nici \u00een vis nu apar<\/p>\n<p>S\u0103 ne fac\u0103 mai clar<\/p>\n<p>Cum e cu acest drum<\/p>\n<p>Cu tichetul \u201done way\u201d?<\/p>\n<p>Chiar de nu ne-o pl\u0103cea<\/p>\n<p>S\u0103 n-avem un cuv\u00e2nt<\/p>\n<p>S\u0103 ne-ntoarcem de-om vrea<\/p>\n<p>Colo jos, pe P\u0103m\u00e2nt?!<\/p>\n<p>Unde-i plin de minuni<\/p>\n<p>Ce cu ochi le vedem<\/p>\n<p>Unde visuri se nasc<\/p>\n<p>Chiar de sunt utopii<\/p>\n<p>Unde vrem s\u0103 uit\u0103m<\/p>\n<p>Chiar e\u0219ecuri, doar \u0219tim<\/p>\n<p>C\u0103 nu-orice prevedem<\/p>\n<p>Unde iar o pornim<\/p>\n<p>C\u0103ci nimic nu-nv\u0103\u021b\u0103m<\/p>\n<p>\u0218i-nspre culmi de argint<\/p>\n<p>Visuri noi \u00een\u0103l\u021b\u0103m<\/p>\n<p>F\u0103r\u2019 s\u0103 vrem s\u0103 zbur\u0103m&#8230;<\/p>\n<p>&nbsp;<\/p>\n<p>&nbsp;<\/p>\n<p><strong>Ce-ar putea?!&#8230;<\/strong><\/p>\n<p><strong>\u00a0<\/strong><\/p>\n<p>Ce-ar putea s\u0103 m-atrag\u0103<\/p>\n<p>C\u00e2nd at\u00e2te-am v\u0103zut?!<\/p>\n<p>Dus de dorul de duc\u0103<\/p>\n<p>Pe-unde nici n-am crezut<\/p>\n<p>Am sim\u021bit c\u00e2t de-ntins\u0103<\/p>\n<p>E planeta P\u0103m\u00e2nt<\/p>\n<p>C\u00e2t de plin\u0103-i de farmec<\/p>\n<p>Un imens z\u0103c\u0103m\u00e2nt<\/p>\n<p>Care darnic \u021bi-arat\u0103<\/p>\n<p>Lucruri ce n-ai visat<\/p>\n<p>\u00cen culori curcubee<\/p>\n<p>Ce din Cer au plecat<\/p>\n<p>\u0218i apoi, varietatea<\/p>\n<p>Nu sunt dou\u0103 la fel<\/p>\n<p>Chit c\u0103-s \u021b\u0103ri, sau ora\u0219e<\/p>\n<p>Sau p\u0103duri, c\u00e2mpii verzi<\/p>\n<p>Ape repezi, sau lacuri<\/p>\n<p>Sau un munte ple\u0219uv<\/p>\n<p>Ce sfideaz\u0103 c\u0103ldura<\/p>\n<p>Unui Ecuator<\/p>\n<p>Unde triburi uitate<\/p>\n<p>De r\u0103zboinici pleto\u0219i<\/p>\n<p>Se adun\u0103 \u00een cete<\/p>\n<p>S\u0103 se-ncing\u0103 \u00een joc<\/p>\n<p>Sau o list\u0103 cu locuri<\/p>\n<p>Unde-s altfel de flori<\/p>\n<p>Unde vezi animale<\/p>\n<p>Fioroase, sorbind<\/p>\n<p>Cu gazele fragile<\/p>\n<p>Apa dulce ce-aduce<\/p>\n<p>A-nfr\u0103\u021bire pe loc<\/p>\n<p>Multe sunt \u00eenc\u0103-ascunse<\/p>\n<p>Ce pu\u021bin am umblat!<\/p>\n<p>Ce-au l\u0103sat vechi popoare<\/p>\n<p>\u00cen vestigii ce zac<\/p>\n<p>Ascunz\u00e2nd printre pietre<\/p>\n<p>Explica\u021bii ce tac<\/p>\n<p>Dar oceanele lumii<\/p>\n<p>M\u00e2ng\u00e2ind ce-i p\u0103m\u00e2nt<\/p>\n<p>Cu o dragoste mare<\/p>\n<p>Pentru\u00a0 ce este Sf\u00e2nt?<\/p>\n<p>C\u0103ci P\u0103m\u00e2ntul nu-i piatr\u0103<\/p>\n<p>E l\u0103ca\u0219 pentru om<\/p>\n<p>Unde-\u0219i face el vatr\u0103<\/p>\n<p>\u0218i un Dom, pentru Domn<\/p>\n<p>Ce-ar putea s\u0103 m-atrag\u0103?!<\/p>\n<p>Infinitul din Om<\/p>\n<p>C\u0103ci \u0219i El face parte<\/p>\n<p>Din acest Babilon&#8230;<\/p>\n<p>&nbsp;<\/p>\n<p>&nbsp;<\/p>\n<p>&nbsp;<\/p>\n<p>&nbsp;<\/p>\n<p><strong>C\u00e2nd aud&#8230;<\/strong><\/p>\n<p><strong>\u00a0<\/strong><\/p>\n<p>C\u00e2nd aud de durere<\/p>\n<p>De-orice fel fie ea<\/p>\n<p>Uit de mine, de tine<\/p>\n<p>C\u0103ci \u00een jur ce se-nt\u00e2mpl\u0103<\/p>\n<p>\u00cemi arat\u0103 c\u0103 lumea<\/p>\n<p>E mai mult dec\u00e2t rea.<\/p>\n<p>&nbsp;<\/p>\n<p>Lumea, ca lume<\/p>\n<p>Cea uman\u0103, din \u201dnoi\u201d<\/p>\n<p>De f\u0103pturi ce nu v\u0103d<\/p>\n<p>Ce se-nt\u00e2mpl\u0103-mprejur<\/p>\n<p>C\u0103ci se-nt\u00e2mpl\u0103 la \u201dvoi\u201d<\/p>\n<p>Unde sunt \u0219i nevoi&#8230;<\/p>\n<p>&nbsp;<\/p>\n<p>Doar atunci c\u00e2nd sim\u021bim<\/p>\n<p>C\u0103 dureri ne-au ajuns<\/p>\n<p>De-orice fel, am mai spus<\/p>\n<p>Noi privim \u00eemprejur<\/p>\n<p>\u0218i nu \u021binem ascuns<\/p>\n<p>Ce dureri ne-au p\u0103truns.<\/p>\n<p>&nbsp;<\/p>\n<p>Atunci \u0219tim ce nu-i drept<\/p>\n<p>\u0218i-acuz\u0103m un sistem<\/p>\n<p>Pe un plan zis global<\/p>\n<p>Semnal\u00e2nd c\u0103 nu-i drept<\/p>\n<p>\u0218i c\u0103 pare-un blestem<\/p>\n<p>Ca \u0219i noi s\u0103 avem.<\/p>\n<p>&nbsp;<\/p>\n<p>Dar uit\u0103m c-avem fra\u021bi<\/p>\n<p>\u0218i surori, chiar \u0219i veri<\/p>\n<p>Pe-unde-au tot jefuit<\/p>\n<p>Cei ce azi sunt OK<\/p>\n<p>C\u0103 de r\u0103u n-au p\u0103reri<\/p>\n<p>C-au putut str\u00e2nge-averi.<\/p>\n<p>&nbsp;<\/p>\n<p>Prin Muzeele Mari<\/p>\n<p>Ale lumii comori<\/p>\n<p>Le-admir\u0103m \u00eenc\u00e2nta\u021bi<\/p>\n<p>Dar uit\u0103m de-unde vin<\/p>\n<p>Din milenii, sudori<\/p>\n<p>Ce trezesc \u0219i-azi fiori&#8230;<\/p>\n<p>&nbsp;<\/p>\n<p>&nbsp;<\/p>\n<p style=\"text-align: center;\"><strong>Boris David<\/strong><\/p>\n<p style=\"text-align: center;\">Bucure\u0219ti<\/p>\n<p style=\"text-align: center;\">2014<\/p>\n","protected":false},"excerpt":{"rendered":"<p>Margareta \u0219i Boris David\u00a0 (60 de ani de la c\u0103s\u0103torie) *** Antume-ntr-un final\u2026 ~ spicuiri ~ \u00a0 2014 \u00a0 \u00a0 [&#038;hellip<\/p>\n","protected":false},"author":1,"featured_media":0,"comment_status":"closed","ping_status":"closed","sticky":false,"template":"","format":"standard","meta":{"footnotes":""},"categories":[3],"tags":[],"class_list":["post-19553","post","type-post","status-publish","format-standard","hentry","category-articole"],"_links":{"self":[{"href":"https:\/\/www.marianagurza.ro\/blog\/wp-json\/wp\/v2\/posts\/19553","targetHints":{"allow":["GET"]}}],"collection":[{"href":"https:\/\/www.marianagurza.ro\/blog\/wp-json\/wp\/v2\/posts"}],"about":[{"href":"https:\/\/www.marianagurza.ro\/blog\/wp-json\/wp\/v2\/types\/post"}],"author":[{"embeddable":true,"href":"https:\/\/www.marianagurza.ro\/blog\/wp-json\/wp\/v2\/users\/1"}],"replies":[{"embeddable":true,"href":"https:\/\/www.marianagurza.ro\/blog\/wp-json\/wp\/v2\/comments?post=19553"}],"version-history":[{"count":6,"href":"https:\/\/www.marianagurza.ro\/blog\/wp-json\/wp\/v2\/posts\/19553\/revisions"}],"predecessor-version":[{"id":19556,"href":"https:\/\/www.marianagurza.ro\/blog\/wp-json\/wp\/v2\/posts\/19553\/revisions\/19556"}],"wp:attachment":[{"href":"https:\/\/www.marianagurza.ro\/blog\/wp-json\/wp\/v2\/media?parent=19553"}],"wp:term":[{"taxonomy":"category","embeddable":true,"href":"https:\/\/www.marianagurza.ro\/blog\/wp-json\/wp\/v2\/categories?post=19553"},{"taxonomy":"post_tag","embeddable":true,"href":"https:\/\/www.marianagurza.ro\/blog\/wp-json\/wp\/v2\/tags?post=19553"}],"curies":[{"name":"wp","href":"https:\/\/api.w.org\/{rel}","templated":true}]}}