{"id":19649,"date":"2014-11-02T08:35:59","date_gmt":"2014-11-02T08:35:59","guid":{"rendered":"http:\/\/www.marianagurza.ro\/blog\/?p=19649"},"modified":"2014-11-02T08:35:59","modified_gmt":"2014-11-02T08:35:59","slug":"george-anca-dupa-apud","status":"publish","type":"post","link":"https:\/\/www.marianagurza.ro\/blog\/2014\/11\/02\/george-anca-dupa-apud\/","title":{"rendered":"George Anca: Dup\u0103 Apud"},"content":{"rendered":"<p style=\"text-align: center;\"><a href=\"http:\/\/www.marianagurza.ro\/blog\/wp-content\/uploads\/2014\/11\/IMG_0007.jpg\"><img loading=\"lazy\" decoding=\"async\" class=\"size-medium wp-image-19650\" title=\"George Anca\" src=\"http:\/\/www.marianagurza.ro\/blog\/wp-content\/uploads\/2014\/11\/IMG_0007-300x199.jpg\" alt=\"\" width=\"300\" height=\"199\" srcset=\"https:\/\/www.marianagurza.ro\/blog\/wp-content\/uploads\/2014\/11\/IMG_0007-300x199.jpg 300w, https:\/\/www.marianagurza.ro\/blog\/wp-content\/uploads\/2014\/11\/IMG_0007-1024x682.jpg 1024w, https:\/\/www.marianagurza.ro\/blog\/wp-content\/uploads\/2014\/11\/IMG_0007.jpg 1600w\" sizes=\"auto, (max-width: 300px) 100vw, 300px\" \/><\/a><\/p>\n<p align=\"center\">George Anca<\/p>\n<p align=\"center\">\n<p align=\"center\">DUP\u0102 APUD<\/p>\n<p align=\"center\">\n<p align=\"center\">\n<p><strong><em>dromihetian\u0103<\/em><\/strong><\/p>\n<p>&nbsp;<\/p>\n<p>deomihetian\u0103 umbr\u0103<\/p>\n<p>pierzaniei domninde<\/p>\n<p>neprins\u0103 judec\u0103\u021bii<\/p>\n<p>&nbsp;<\/p>\n<p>Pindar a nu fi<\/p>\n<p>s\u0103 fie necercetarea<\/p>\n<p>puritanei<\/p>\n<p>&nbsp;<\/p>\n<p>sombrard\u0103 standard\u0103<\/p>\n<p>mai c\u00e2nd nesf\u00e2\u0219iere<\/p>\n<p>pe doasca planta\u021biei<\/p>\n<p>&nbsp;<\/p>\n<p>rechin racul \u00eend\u0103r\u0103t<\/p>\n<p>gata fata gata f\u0103t<\/p>\n<p>dumitri\u021belor de h\u0103t<\/p>\n<p>&nbsp;<\/p>\n<p>language as living<\/p>\n<p>and delighting proof<\/p>\n<p>of their gregariousness<\/p>\n<p>&nbsp;<\/p>\n<p>amfiteatrul de sus<\/p>\n<p>judec\u0103 f\u0103r\u0103 p\u0103rtinire<\/p>\n<p>s\u0103-l desf\u0103t\u0103m<\/p>\n<p>&nbsp;<\/p>\n<p>s-a \u00eembr\u0103cat lep\u0103d\u0103rii<\/p>\n<p>dezbr\u0103carea deodat\u0103<\/p>\n<p>cu deprinderea luptei<\/p>\n<p>&nbsp;<\/p>\n<p>s-a aruncat pe sine<\/p>\n<p>la picioarele tuturor<\/p>\n<p>s\u0103 fie c\u0103lcat<\/p>\n<p>&nbsp;<\/p>\n<p>ne mai rezem\u0103m \u00eenc\u0103<\/p>\n<p>pe dreptatea p\u0103rut\u0103<\/p>\n<p>a omului din afar\u0103<\/p>\n<p>&nbsp;<\/p>\n<p>nu c\u0103ut\u0103m singur\u0103tatea<\/p>\n<p>\u0219i pustia pentru c\u0103<\/p>\n<p>ne m\u00e2niem pe oameni<\/p>\n<p>&nbsp;<\/p>\n<p>&nbsp;<\/p>\n<p><strong><em>iconi\u021be<\/em><\/strong><\/p>\n<p>&nbsp;<\/p>\n<p>iconi\u021be m\u0103\u0219ti<\/p>\n<p>drapel tricolor<\/p>\n<p>sticlu\u021b\u0103 cu ap\u0103 sfin\u021bit\u0103<\/p>\n<p>&nbsp;<\/p>\n<p>a fost revolu\u021bie<\/p>\n<p>nu \u0219tie nimeni<\/p>\n<p>ce s-a \u00eent\u00e2mplat cu filmele<\/p>\n<p>&nbsp;<\/p>\n<p>l-am a\u0219teptat<\/p>\n<p>\u00een gara Dandenong din<\/p>\n<p>Victoria Australia<\/p>\n<p>&nbsp;<\/p>\n<p>film apostolic cu trei copii<\/p>\n<p>maya shanghaia<\/p>\n<p>d\u0103r\u00e2m\u0103 dharma<\/p>\n<p>&nbsp;<\/p>\n<p>\u00een cruce o oglind\u0103 \u0219i un brici<\/p>\n<p>cruci gr\u0103bite prin aer<\/p>\n<p>o adev\u0103rat\u0103 Cristin\u0103 Chrisostom<\/p>\n<p>&nbsp;<\/p>\n<p>te rogi pentru maic\u0103-ta<\/p>\n<p>pe patul de moarte<\/p>\n<p>c\u00e2nd te-a rugat ea<\/p>\n<p>&nbsp;<\/p>\n<p>ai omor\u00e2t pe maic\u0103-ta<\/p>\n<p>pe patul de moarte<\/p>\n<p>maica noastr\u0103 puternic\u0103<\/p>\n<p>&nbsp;<\/p>\n<p>ideea tat\u0103lui \u0219i fiului<\/p>\n<p>fiul str\u0103duindu-se<\/p>\n<p>s\u0103 se uneasc\u0103 tat\u0103lui<\/p>\n<p>&nbsp;<\/p>\n<p>\u00eengerul mor\u021bii<\/p>\n<p>\u00eel omoar\u0103 pe m\u0103celar<\/p>\n<p>\u0219i acela omoar\u0103 boii<\/p>\n<p>&nbsp;<\/p>\n<p>cele trei tinere fete<\/p>\n<p>a\u0219ezate pe st\u00e2nci<\/p>\n<p>Maria luceaf\u0103rul m\u0103rilor<\/p>\n<p>&nbsp;<\/p>\n<p>cine a fost \u00eent\u00e2i \u0219i dup\u0103 el<\/p>\n<p>sf\u00e2nta fecioar\u0103 Maria<\/p>\n<p>apoi sf\u00e2ntul Iosif<\/p>\n<p>&nbsp;<\/p>\n<p>prin aerul limpede<\/p>\n<p>zvon de glasuri \u0219i c\u00e2ntul<\/p>\n<p>tumultuos al orgii<\/p>\n<p>&nbsp;<\/p>\n<p>\u0219i glasurile c\u00e2ntau<\/p>\n<p>implor\u00e2nd-o pe Fecioara<\/p>\n<p>atoateiert\u0103toare<\/p>\n<p>&nbsp;<\/p>\n<p>roag\u0103-te pentru noi<\/p>\n<p>vas pururi adorat<\/p>\n<p>vas al credin\u021bei dintru \u00eenceput<\/p>\n<p>&nbsp;<\/p>\n<p>regin\u0103 \u00eengerilor<\/p>\n<p>patriarhilor profe\u021bilor<\/p>\n<p>tuturor sfin\u021bilor<\/p>\n<p>&nbsp;<\/p>\n<p>chiar dac\u0103 ar fi fost metodist<\/p>\n<p>ea l-ar fi convertit<\/p>\n<p>dac\u0103 el o iubea<\/p>\n<p>&nbsp;<\/p>\n<p>&nbsp;<\/p>\n<p><strong><em>aceast\u0103 piatr\u0103<\/em><\/strong><\/p>\n<p>&nbsp;<\/p>\n<p>aceast\u0103 piatr\u0103<\/p>\n<p>nu are pe ea<\/p>\n<p>nicio \u00eensemnare<\/p>\n<p>&nbsp;<\/p>\n<p>fric\u0103 de co\u0219ul fumeg\u00e2nd<\/p>\n<p>de lumina zilei<\/p>\n<p>de \u00eentunericul nop\u021bii<\/p>\n<p>&nbsp;<\/p>\n<p>dou\u0103 infinituri<\/p>\n<p>eul de jos sufletul<\/p>\n<p>eul de sus dumnezeu<\/p>\n<p>&nbsp;<\/p>\n<p>\u00ee\u0219i \u00eentinse chelia<\/p>\n<p>parfumat\u0103 \u0219i lucioas\u0103<\/p>\n<p>ca s\u0103-i fie s\u0103rutat\u0103<\/p>\n<p>&nbsp;<\/p>\n<p>se uitase doar<\/p>\n<p>de c\u00e2teva ori<\/p>\n<p>\u00een ochii prin\u021bului<\/p>\n<p>&nbsp;<\/p>\n<p>leg\u0103nat de arcurile<\/p>\n<p>tr\u0103surii nemaiauzind<\/p>\n<p>zgomotul mul\u021bimii<\/p>\n<p>&nbsp;<\/p>\n<p>m\u00e2hnit \u0219i jignit<\/p>\n<p>c\u0103 nu fusese invitat<\/p>\n<p>la consiliul de r\u0103zboi<\/p>\n<p>&nbsp;<\/p>\n<p>a trebuit s\u0103 renun\u021b\u0103m<\/p>\n<p>la nemi\u0219caea noastr\u0103<\/p>\n<p>\u00een spa\u021biu<\/p>\n<p>&nbsp;<\/p>\n<p>fiarele s\u0103lbatice<\/p>\n<p>cu tine \u00een pace<\/p>\n<p>fericitule<\/p>\n<p>&nbsp;<\/p>\n<p>dac\u0103 ai luat<\/p>\n<p>ce te lauzi<\/p>\n<p>ca \u0219i cum n-ai fi luat<\/p>\n<p>&nbsp;<\/p>\n<p>&nbsp;<\/p>\n<p><strong><em>trans\u0103<\/em><\/strong><\/p>\n<p>&nbsp;<\/p>\n<p>trans\u0103 transcens\u0103 \u00een ham<\/p>\n<p>arunc\u0103-m\u0103 \u00een metafizic\u0103<\/p>\n<p>\u0219i dup\u0103 sinucidere vorbim<\/p>\n<p>&nbsp;<\/p>\n<p>dragii mei prieteni<\/p>\n<p>nu exist\u0103 niciun<\/p>\n<p>prieten Aristotel<\/p>\n<p>&nbsp;<\/p>\n<p>lumin\u0103 alb\u0103<\/p>\n<p>tropot prelung<\/p>\n<p>scar\u0103 f\u0103r\u0103 sf\u00e2r\u0219it<\/p>\n<p>&nbsp;<\/p>\n<p>sinuciderea nu poate<\/p>\n<p>fi pedepsit\u0103 cu moartea<\/p>\n<p>de c\u0103tre putere<\/p>\n<p>&nbsp;<\/p>\n<p>din surse transcendentale<\/p>\n<p>fenomenologice<\/p>\n<p>forma unui a priori<\/p>\n<p>&nbsp;<\/p>\n<p>solipsism german<\/p>\n<p>\u0219coala lui \u0218ankara<\/p>\n<p>civiliza\u021bia \u00een pericol<\/p>\n<p>&nbsp;<\/p>\n<p>nume bun dup\u0103 moarte<\/p>\n<p>bona fama defuncti<\/p>\n<p>pasibil\u0103 de nicio deduc\u021bie<\/p>\n<p>&nbsp;<\/p>\n<p>falsificatorul vorbe\u0219te<\/p>\n<p>\u00een numele autorului<\/p>\n<p>prin edi\u021bia sa autoritar\u0103<\/p>\n<p>&nbsp;<\/p>\n<p>ascetic\u0103 etic\u0103 asuesce<\/p>\n<p>incomodis et desuesce<\/p>\n<p>commoditatibus vitae<\/p>\n<p>&nbsp;<\/p>\n<p>Jean p\u00e2ine pe via\u021b\u0103<\/p>\n<p>nicio \u00eempu\u0219c\u0103tur\u0103 ca lumea<\/p>\n<p>abia scuturarea \u00eenarip\u0103rii<\/p>\n<p>&nbsp;<\/p>\n<p><strong><em>scara<\/em><\/strong><\/p>\n<p>&nbsp;<\/p>\n<p>scara jum\u0103tate \u00een soare<\/p>\n<p>jum\u0103tate \u00een umbr\u0103<\/p>\n<p>urc\u0103 spre o u\u0219\u0103<\/p>\n<p>&nbsp;<\/p>\n<p>s-a convenit \u00een principiu<\/p>\n<p>c\u0103 papa \u0219i \u00eemp\u0103ratul<\/p>\n<p>ar fi dou\u0103 jum\u0103t\u0103\u021bi de Dumnezeu<\/p>\n<p>&nbsp;<\/p>\n<p>tun\u0103-ne joie tagme de magme<\/p>\n<p>nici nin\u0219i t\u0103cerii spre t\u0103iere<\/p>\n<p>f\u0103ina neasem\u0103n\u0103rii<\/p>\n<p>&nbsp;<\/p>\n<p>plec\u00e2nd \u00een \u00eensemn\u00e2nd<\/p>\n<p>n-am copiile trase<\/p>\n<p>sf\u00e2rlezei aviate<\/p>\n<p>&nbsp;<\/p>\n<p>mul\u021bumi\u021bi-v\u0103 cu<\/p>\n<p>ceea ce v\u0103 ofer\u0103<\/p>\n<p>so\u021biile voastre<\/p>\n<p>&nbsp;<\/p>\n<p>camera nup\u021bial\u0103 a cerului<\/p>\n<p>lep\u0103darea \u00eent\u00e2i<\/p>\n<p>a doua \u0219i a treia<\/p>\n<p>&nbsp;<\/p>\n<p>reptilele ne\u00eendem\u00e2natice<\/p>\n<p>nu fuseser\u0103 \u00een stare<\/p>\n<p>s\u0103 dispar\u0103 la timp<\/p>\n<p>&nbsp;<\/p>\n<p>\u00eencerc\u00e2nd s\u0103 tr\u0103iasc\u0103<\/p>\n<p>dup\u0103 legile unei<\/p>\n<p>lumi care a murit<\/p>\n<p>&nbsp;<\/p>\n<p>le prime\u0219ti dragostea<\/p>\n<p>\u0219i te folose\u0219ti de ea<\/p>\n<p>\u00eempotriva lor ca de un bici<\/p>\n<p>&nbsp;<\/p>\n<p>acest dans<\/p>\n<p>a fost imitat<\/p>\n<p>de mul\u021bi<\/p>\n<p>&nbsp;<\/p>\n<p>ai c\u00e2\u0219tigat \u00eentregul<\/p>\n<p>univers \u0219i \u021bi-ai<\/p>\n<p>pierdut sufletul<\/p>\n<p>&nbsp;<\/p>\n<p>la procesul hienei<\/p>\n<p>s-a rupt ciocanul<\/p>\n<p>judec\u0103torului<\/p>\n<p>&nbsp;<\/p>\n<p>litania pelerinilor<\/p>\n<p>pornind caden\u021ba<\/p>\n<p>sacr\u0103 profan\u0103<\/p>\n<p>&nbsp;<\/p>\n<p>precum \u0219i o f\u0103g\u0103duin\u021b\u0103<\/p>\n<p>de moarte \u00eentr-o<\/p>\n<p>t\u0103cut\u0103 voluptate<\/p>\n<p>&nbsp;<\/p>\n<p>ars \u00een efigie<\/p>\n<p>\u0219i \u00een \u021bar\u0103<\/p>\n<p>\u0219i afar\u0103<\/p>\n<p>&nbsp;<\/p>\n<p>de-ar fi putut s\u0103v\u00e2r\u0219i \u0219i<\/p>\n<p>cei din lume lucruri asem\u0103n\u0103toare<\/p>\n<p>ce nevoie ar mai fi de ascez\u0103<\/p>\n<p>&nbsp;<\/p>\n<p>cei ce \u0219i-au \u00eentors inimile<\/p>\n<p>n-au mai v\u0103zut<\/p>\n<p>p\u0103m\u00e2ntul apathiei<\/p>\n<p>&nbsp;<\/p>\n<p>&nbsp;<\/p>\n<p><strong><em>Leopardi<\/em><\/strong><\/p>\n<p>&nbsp;<\/p>\n<p>Leopardi se mir\u0103<\/p>\n<p>c\u0103 faima lui Vergiliu a<\/p>\n<p>\u00eentrecut-o pe cea a lui Lucanus<\/p>\n<p>&nbsp;<\/p>\n<p>pe c\u00e2nd poezia st\u0103p\u00e2nea<\/p>\n<p>zice soarele<\/p>\n<p>eu eram profet<\/p>\n<p>&nbsp;<\/p>\n<p>\u00eenv\u0103\u021b\u0103turi practicabile<\/p>\n<p>abia de \u00eengeri<\/p>\n<p>nu de muritori de foame<\/p>\n<p>&nbsp;<\/p>\n<p>\u00ee\u0219i mortificau ra\u021biunea<\/p>\n<p>\u0219i o sacrificau pentru<\/p>\n<p>ce e sublim \u00een doctrin\u0103<\/p>\n<p>&nbsp;<\/p>\n<p>ideal irealizabil<\/p>\n<p>f\u0103r\u0103 a fi vulgarizat<\/p>\n<p>realizat \u00ee\u0219i pierde \u0219armul<\/p>\n<p>&nbsp;<\/p>\n<p>mai facil divinizezi omul<\/p>\n<p>dec\u00e2t s\u0103 umanizezi divinul<\/p>\n<p>cetate real\u0103 \u00een cetatea lui Dumnezeu<\/p>\n<p>&nbsp;<\/p>\n<p>legea dragostei ne constr\u00e2nge<\/p>\n<p>s\u0103 facem \u0219i cele ce<\/p>\n<p>ne dep\u0103\u0219esc puterea<\/p>\n<p>&nbsp;<\/p>\n<p>v\u0103 gr\u0103bi\u021bi a scrie<\/p>\n<p>de bun\u0103 voie contractul<\/p>\n<p>lipsirii de orice<\/p>\n<p>&nbsp;<\/p>\n<p>str\u0103bate\u021bi \u00eenot<\/p>\n<p>aceast\u0103 mare<\/p>\n<p>cu m\u00e2inile altora<\/p>\n<p>&nbsp;<\/p>\n<p>idioritmie cap\u0103t<\/p>\n<p>ascult\u0103rii ne\u00eencrederii<\/p>\n<p>\u00een judecata proprie<\/p>\n<p>&nbsp;<\/p>\n<p>totul este bine p\u00e2n\u0103 c\u00e2nd<\/p>\n<p>\u00eenaintest\u0103t\u0103torul nu<\/p>\n<p>\u00eenceteaz\u0103 a te mustra<\/p>\n<p>&nbsp;<\/p>\n<p>fra\u021bi implor\u00e2nd gre\u0219itul<\/p>\n<p>s\u0103-i suporte ei pedeapsa<\/p>\n<p>pentru epitimii mai u\u0219oare<\/p>\n<p>&nbsp;<\/p>\n<p>cei certa\u021bi a se \u00eemp\u0103ca<\/p>\n<p>\u00eentre d\u00e2n\u0219i \u00eenainte de<\/p>\n<p>apusul soarelui<\/p>\n<p>&nbsp;<\/p>\n<p>\u00een pr\u0103pastia smereniei<\/p>\n<p>abysson tapeinofrosynis<\/p>\n<p>r\u0103zboiul dintr-\u00een\u0219ii<\/p>\n<p>&nbsp;<\/p>\n<p>&nbsp;<\/p>\n<p><strong><em>ner\u0103bd\u0103tor<\/em><\/strong><\/p>\n<p>&nbsp;<\/p>\n<p>ner\u0103bd\u0103tor s\u0103 fac cuno\u0219tin\u021b\u0103<\/p>\n<p>cu marele necunoscut<\/p>\n<p>purt\u0103tor al terorii<\/p>\n<p>&nbsp;<\/p>\n<p>p\u0103m\u00e2ntul sufletului<\/p>\n<p>neudat cu apa umilirii<\/p>\n<p>cre\u0219te m\u0103r\u0103cini de netemere<\/p>\n<p>&nbsp;<\/p>\n<p>o sfinte corifeu cereasc\u0103 adunare<\/p>\n<p>nu b\u0103nui\u021bi c\u0103 scriu neadev\u0103ruri<\/p>\n<p>roag\u0103-te pentru mine p\u0103rinte<\/p>\n<p>&nbsp;<\/p>\n<p>d\u0103ruit simplit\u0103\u021bii<\/p>\n<p>cununi de biruin\u021b\u0103<\/p>\n<p>prin mustrare continu\u0103<\/p>\n<p>&nbsp;<\/p>\n<p>neispitit de diavol<\/p>\n<p>ispitit de m\u00e2ntuire<\/p>\n<p>\u00eengropat cu sfin\u021bii<\/p>\n<p>&nbsp;<\/p>\n<p>anun\u021bat din ajun<\/p>\n<p>voi porni diminea\u021ba<\/p>\n<p>trezindu-te la plecare<\/p>\n<p>&nbsp;<\/p>\n<p>n\u0103ieri neieri eliseeni<\/p>\n<p>jpaca altui graf \u021bipar<\/p>\n<p>r\u00e2setele stejarilor<\/p>\n<p>&nbsp;<\/p>\n<p>pe\u0219tele \u00een cupa de cristal<\/p>\n<p>pas\u0103rea \u00een colivia de aur<\/p>\n<p>cosi\u021ba \u00een jurul frun\u021bii<\/p>\n<p>&nbsp;<\/p>\n<p>aer verde ro\u0219u negru<\/p>\n<p>pas\u0103re neagr\u0103 ro\u0219ie verde<\/p>\n<p>sufletul pe munte de cremene<\/p>\n<p>&nbsp;<\/p>\n<p>din moarte \u0219i desfr\u00e2u<\/p>\n<p>un vis de dragoste<\/p>\n<p>pe cerul \u00eenser\u0103rii<\/p>\n<p>&nbsp;<\/p>\n<p>acest ideal este mort<\/p>\n<p>sau cel pu\u021bin \u00een agonie<\/p>\n<p>ultima lovitur\u0103 \u00een fa\u021ba u\u0219ii<\/p>\n<p>&nbsp;<\/p>\n<p>literatul cuvintele<\/p>\n<p>un gest al m\u00e2inii<\/p>\n<p>mi\u0219care circular\u0103 a degetelor<\/p>\n<p>&nbsp;<\/p>\n<p>de praznicul ar\u0103t\u0103rii<\/p>\n<p>a c\u0103zut \u00een p\u0103catul neascult\u0103rii<\/p>\n<p>arhidiaconul \u00eendur\u0103rii<\/p>\n<p>&nbsp;<\/p>\n<p>st\u00e2nd culcat la<\/p>\n<p>p\u0103m\u00e2nt a rostit<\/p>\n<p>toat\u0103 psaltirea<\/p>\n<p>&nbsp;<\/p>\n<p>slava de\u0219art\u0103<\/p>\n<p>se gonea pe sine \u00eens\u0103\u0219i<\/p>\n<p>\u0219i se ascundea dinaintea oamenilor<\/p>\n<p>&nbsp;<\/p>\n<p><strong>George ANCA<\/strong><\/p>\n<p>&nbsp;<\/p>\n","protected":false},"excerpt":{"rendered":"<p>George Anca DUP\u0102 APUD dromihetian\u0103 &nbsp; deomihetian\u0103 umbr\u0103 pierzaniei domninde neprins\u0103 judec\u0103\u021bii &nbsp; Pindar a nu fi s\u0103 fie necercetarea [&#038;hellip<\/p>\n","protected":false},"author":1,"featured_media":0,"comment_status":"closed","ping_status":"closed","sticky":false,"template":"","format":"standard","meta":{"footnotes":""},"categories":[3],"tags":[],"class_list":["post-19649","post","type-post","status-publish","format-standard","hentry","category-articole"],"_links":{"self":[{"href":"https:\/\/www.marianagurza.ro\/blog\/wp-json\/wp\/v2\/posts\/19649","targetHints":{"allow":["GET"]}}],"collection":[{"href":"https:\/\/www.marianagurza.ro\/blog\/wp-json\/wp\/v2\/posts"}],"about":[{"href":"https:\/\/www.marianagurza.ro\/blog\/wp-json\/wp\/v2\/types\/post"}],"author":[{"embeddable":true,"href":"https:\/\/www.marianagurza.ro\/blog\/wp-json\/wp\/v2\/users\/1"}],"replies":[{"embeddable":true,"href":"https:\/\/www.marianagurza.ro\/blog\/wp-json\/wp\/v2\/comments?post=19649"}],"version-history":[{"count":2,"href":"https:\/\/www.marianagurza.ro\/blog\/wp-json\/wp\/v2\/posts\/19649\/revisions"}],"predecessor-version":[{"id":19652,"href":"https:\/\/www.marianagurza.ro\/blog\/wp-json\/wp\/v2\/posts\/19649\/revisions\/19652"}],"wp:attachment":[{"href":"https:\/\/www.marianagurza.ro\/blog\/wp-json\/wp\/v2\/media?parent=19649"}],"wp:term":[{"taxonomy":"category","embeddable":true,"href":"https:\/\/www.marianagurza.ro\/blog\/wp-json\/wp\/v2\/categories?post=19649"},{"taxonomy":"post_tag","embeddable":true,"href":"https:\/\/www.marianagurza.ro\/blog\/wp-json\/wp\/v2\/tags?post=19649"}],"curies":[{"name":"wp","href":"https:\/\/api.w.org\/{rel}","templated":true}]}}