{"id":19676,"date":"2014-11-04T09:35:45","date_gmt":"2014-11-04T09:35:45","guid":{"rendered":"http:\/\/www.marianagurza.ro\/blog\/?p=19676"},"modified":"2014-11-04T09:51:17","modified_gmt":"2014-11-04T09:51:17","slug":"adrian-paunescu-romania-ultimul-bal","status":"publish","type":"post","link":"https:\/\/www.marianagurza.ro\/blog\/2014\/11\/04\/adrian-paunescu-romania-ultimul-bal\/","title":{"rendered":"Adrian P\u0103unescu: Rom\u00e2nia, ultimul bal"},"content":{"rendered":"<p style=\"text-align: center;\"><a href=\"http:\/\/www.marianagurza.ro\/blog\/wp-content\/uploads\/2014\/11\/paunescu_afectat.jpg\"><img loading=\"lazy\" decoding=\"async\" class=\"size-full wp-image-19677\" title=\"paunescu_afectat\" src=\"http:\/\/www.marianagurza.ro\/blog\/wp-content\/uploads\/2014\/11\/paunescu_afectat.jpg\" alt=\"\" width=\"257\" height=\"256\" srcset=\"https:\/\/www.marianagurza.ro\/blog\/wp-content\/uploads\/2014\/11\/paunescu_afectat.jpg 257w, https:\/\/www.marianagurza.ro\/blog\/wp-content\/uploads\/2014\/11\/paunescu_afectat-150x150.jpg 150w\" sizes=\"auto, (max-width: 257px) 100vw, 257px\" \/><\/a><\/p>\n<p style=\"text-align: center;\"><strong>Adrian P\u0103unescu<\/strong><\/p>\n<p style=\"text-align: center;\">(n. 20 iulie 1943\u2014 d. 5 noiembrie 2010)<\/p>\n<p>&nbsp;<\/p>\n<p>ROM\u00c2NIA, ULTIMUL BAL<\/p>\n<p><em>\u00a0\u00a0\u00a0\u00a0\u00a0\u00a0\u00a0\u00a0\u00a0\u00a0\u00a0\u00a0\u00a0\u00a0\u00a0\u00a0\u00a0\u00a0\u00a0\u00a0\u00a0\u00a0\u00a0\u00a0\u00a0\u00a0 de Adrian P\u0103unescu<\/em><\/p>\n<p>&nbsp;<\/p>\n<p>&nbsp;<\/p>\n<p>\u00cen loc s\u0103 fim o \u021bar\u0103 numai fra\u021bi,<br \/>\nSim\u021bim, \u00een noua epoc\u0103 barbar\u0103,<br \/>\nC-am fost, \u00een via\u021ba noastr\u0103, blestema\u021bi<br \/>\nS-ajungem chiria\u0219i la noi \u00een \u021bar\u0103.<\/p>\n<p>&nbsp;<\/p>\n<p>&nbsp;<\/p>\n<p>Din tot ce facem, nu avem nimic,<br \/>\nNe macin\u0103 str\u0103ine interese,<br \/>\nF\u0103ina noastr\u0103 n-are spor nici pic,<br \/>\nNici p\u00e2inea \u00een cuptor nu ne mai iese.<\/p>\n<p>&nbsp;<\/p>\n<p>&nbsp;<\/p>\n<p>Tr\u0103im acela\u0219i tragic sim\u021b\u0103m\u00e2nt,<br \/>\nSub politicieni \u0219i sub contabili,<br \/>\nCa noi, ca neam, avem destinul fr\u00e2nt<br \/>\n\u0218i suntem de prisos \u0219i nerentabili.<\/p>\n<p>&nbsp;<\/p>\n<p>&nbsp;<\/p>\n<p>Umili, ne cerem scuze de la to\u021bi,<br \/>\nC\u0103 nu ne-au chinuit destul \u00een via\u021b\u0103,<br \/>\n\u0218i ne conduc ni\u0219te fanario\u021bi,<br \/>\nCe pe cei mici tr\u0103darea \u00eei \u00eenva\u021b\u0103.<\/p>\n<p>&nbsp;<\/p>\n<p>&nbsp;<\/p>\n<p>Poet nebun, ce vorbe mai \u00eendrugi,<br \/>\nDe zici c\u0103 e\u0219ti din neam ce nu se las\u0103,<br \/>\nC\u00e2nd am ajuns \u00een \u021bara noastr\u0103 slugi<br \/>\n\u0218i suntem cer\u0219etori la noi acas\u0103?<\/p>\n<p>&nbsp;<\/p>\n<p>&nbsp;<\/p>\n<p>\u0218i vii, \u0219i mor\u021bi, amesteca\u021bi, acum,<br \/>\nDispu\u0219i s\u0103 emigreze se arat\u0103,<br \/>\nMormintele se preg\u0103tesc de drum,<br \/>\n\u00cen Rom\u00e2nia deromanizat\u0103.<\/p>\n<p>&nbsp;<\/p>\n<p>&nbsp;<\/p>\n<p>Sus-pu\u0219ii nu mai au nimica sf\u00e2nt,<br \/>\nCa pe cravate, jur\u0103m\u00e2ntu-\u0219i schimb\u0103,<br \/>\nNu mai avem nici fabrici, nici p\u0103m\u00e2nt,<br \/>\nVorbim \u0219i limba noastr\u0103-n alt\u0103 limb\u0103.<\/p>\n<p>&nbsp;<\/p>\n<p>&nbsp;<\/p>\n<p>\u0218i-acum se-aude clopotul fatal,<br \/>\nVin vremuri de urgie \u0219i de grindeni<br \/>\n\u0218i este seara ultimului bal,<br \/>\nDin zori, vom fi rom\u00e2ni de pretutindeni.<\/p>\n<p>&nbsp;<\/p>\n<p>&nbsp;<\/p>\n<p>Probabil, m\u00e2ine-aici va fi pustiu<br \/>\n\u0218i to\u021bi in pribegie vom porni-o,<br \/>\nDrum bun, popor pierdut la un pariu,<br \/>\nAdio, mama patrie, adio!<\/p>\n<p>&nbsp;<\/p>\n","protected":false},"excerpt":{"rendered":"<p>Adrian P\u0103unescu (n. 20 iulie 1943\u2014 d. 5 noiembrie 2010) &nbsp; ROM\u00c2NIA, ULTIMUL BAL \u00a0\u00a0\u00a0\u00a0\u00a0\u00a0\u00a0\u00a0\u00a0\u00a0\u00a0\u00a0\u00a0\u00a0\u00a0\u00a0\u00a0\u00a0\u00a0\u00a0\u00a0\u00a0\u00a0\u00a0\u00a0\u00a0 de Adrian P\u0103unescu &nbsp; &nbsp; [&#038;hellip<\/p>\n","protected":false},"author":1,"featured_media":0,"comment_status":"closed","ping_status":"closed","sticky":false,"template":"","format":"standard","meta":{"footnotes":""},"categories":[3],"tags":[],"class_list":["post-19676","post","type-post","status-publish","format-standard","hentry","category-articole"],"_links":{"self":[{"href":"https:\/\/www.marianagurza.ro\/blog\/wp-json\/wp\/v2\/posts\/19676","targetHints":{"allow":["GET"]}}],"collection":[{"href":"https:\/\/www.marianagurza.ro\/blog\/wp-json\/wp\/v2\/posts"}],"about":[{"href":"https:\/\/www.marianagurza.ro\/blog\/wp-json\/wp\/v2\/types\/post"}],"author":[{"embeddable":true,"href":"https:\/\/www.marianagurza.ro\/blog\/wp-json\/wp\/v2\/users\/1"}],"replies":[{"embeddable":true,"href":"https:\/\/www.marianagurza.ro\/blog\/wp-json\/wp\/v2\/comments?post=19676"}],"version-history":[{"count":9,"href":"https:\/\/www.marianagurza.ro\/blog\/wp-json\/wp\/v2\/posts\/19676\/revisions"}],"predecessor-version":[{"id":19679,"href":"https:\/\/www.marianagurza.ro\/blog\/wp-json\/wp\/v2\/posts\/19676\/revisions\/19679"}],"wp:attachment":[{"href":"https:\/\/www.marianagurza.ro\/blog\/wp-json\/wp\/v2\/media?parent=19676"}],"wp:term":[{"taxonomy":"category","embeddable":true,"href":"https:\/\/www.marianagurza.ro\/blog\/wp-json\/wp\/v2\/categories?post=19676"},{"taxonomy":"post_tag","embeddable":true,"href":"https:\/\/www.marianagurza.ro\/blog\/wp-json\/wp\/v2\/tags?post=19676"}],"curies":[{"name":"wp","href":"https:\/\/api.w.org\/{rel}","templated":true}]}}