{"id":19728,"date":"2014-11-13T17:20:48","date_gmt":"2014-11-13T17:20:48","guid":{"rendered":"http:\/\/www.marianagurza.ro\/blog\/?p=19728"},"modified":"2014-11-14T19:13:36","modified_gmt":"2014-11-14T19:13:36","slug":"valeriu-dulgheru-lupta-electorala-continua","status":"publish","type":"post","link":"https:\/\/www.marianagurza.ro\/blog\/2014\/11\/13\/valeriu-dulgheru-lupta-electorala-continua\/","title":{"rendered":"Valeriu Dulgheru: Lupta electoral\u0103 continu\u0103"},"content":{"rendered":"<p style=\"text-align: left;\" align=\"right\"><a href=\"http:\/\/www.marianagurza.ro\/blog\/wp-content\/uploads\/2014\/11\/p236_memb1.jpg\"><img loading=\"lazy\" decoding=\"async\" class=\"alignright size-full wp-image-19736\" title=\"p236_memb\" src=\"http:\/\/www.marianagurza.ro\/blog\/wp-content\/uploads\/2014\/11\/p236_memb1.jpg\" alt=\"\" width=\"100\" height=\"150\" \/><\/a>\u201e<em>Nu dor nici luptele pierdute, \/nici r\u0103nile din piept nu dor.<\/em><\/p>\n<p style=\"text-align: left;\" align=\"right\"><em>Cum dor acele bra\u0163e slute \/care s\u0103 lupte nu mai vor\u201d.<\/em><\/p>\n<p style=\"text-align: left;\" align=\"right\"><strong>\u00a0\u00a0\u00a0\u00a0\u00a0\u00a0\u00a0\u00a0\u00a0\u00a0\u00a0\u00a0\u00a0\u00a0\u00a0\u00a0 (Radu Gyr)<\/strong><\/p>\n<p align=\"right\"><strong>\u00a0<\/strong><\/p>\n<p style=\"text-align: justify;\">Zilele trecute s-au \u00eemplinit 25 de ani de la c\u00e2teva evenimente, care au marcat viitorul Europei \u015fi al fostei u.r.s.s. \u00cen luna noiembrie 1989 \u00een dou\u0103 zone diferite ale Europei aveau loc dou\u0103 evenimente de importan\u0163\u0103 major\u0103. Pe data de 7 noiembrie 1989 la Chi\u015fin\u0103u aveau s\u0103 fie blocate tancurile sovietice scoase pe artera principal\u0103 a Capitalei pentru a participa la parada militar\u0103 legat\u0103 de cea de-a 72 aniversare a \u201e<em>marii revolu\u0163ii <\/em>(puci bol\u015fevic-n.n.)<em> socialiste din octombrie\u201d.<\/em> Se \u00eent\u00e2mpla acest lucru pentru prima oar\u0103 \u00eentr-o colonie a imperiului sovietic dup\u0103 45 de ani de ocupa\u0163ie sovietic\u0103, \u00een plin regim sovietic la doi ani p\u00e2n\u0103 la decretarea independen\u0163ei. Grupuri pa\u015fnice de manifestan\u0163i \u00een frunte cu regretata, pl\u0103p\u00e2nda Leonida Lari, o adev\u0103rat\u0103 Jane D\u2019Arc, cu alte personalit\u0103\u0163i de vaz\u0103 ale intelectualit\u0103\u0163ii na\u0163ionale, au oprit tancurile sovietice, culc\u00e2ndu-se \u00een fa\u0163a lor. Ofi\u0163erii sovietici \u015foca\u0163i n-au \u00eendr\u0103znit s\u0103 calce pe trupuri (exista acest pericol). Astfel a fost z\u0103d\u0103rnicit\u0103 acea parad\u0103 militar\u0103, fiind \u00eenvins\u0103 frica din noi, inoculat\u0103 de regimul stalinisto-comunist timp de 45 de ani, fiind dobor\u00e2t zidul dintre noi. \u00cen scurt timp, impulsionate de aceste evenimente, la Bucure\u015fti cade regimul comunist al lui Ceau\u015fescu.<\/p>\n<p style=\"text-align: justify;\">\u00cen aceea\u015fi lun\u0103 pe 9 noiembrie 1989 \u00een alt\u0103 margine a Europei, la Berlin, c\u0103dea simbolul r\u0103zboiului rece \u2013 zidul Berlinului, care a \u00eemp\u0103r\u0163it un ora\u015f european \u00een dou\u0103 p\u0103r\u0163i, o Europ\u0103 \u00een dou\u0103 lumi, a desp\u0103r\u0163it rude, t\u0103ind \u00een jum\u0103tate cartiere, str\u0103zi, case ale Berlinului timp de 28 de ani.<\/p>\n<p style=\"text-align: justify;\">Acele evenimente din noiembrie 1989 au marcat o nou\u0103 etap\u0103 \u00een istoria acestui col\u0163 de \u0163ar\u0103. Evenimentele din acel an au fost precedate de alte mi\u015fc\u0103ri \u00een mas\u0103, care au avut loc \u00een anii 1987-1988 \u015fi au culminat cu Marea Adunare Na\u0163ional\u0103 cu peste 700000 de participan\u0163i. A fost o genera\u0163ie care nu s-a temut de tancurile sovietice, de militarii sovietici \u00eenarma\u0163i, de miile de mili\u0163ieni sovietici (\u00eenarma\u0163i \u015fi ei) ai lui V. Voronin (pe atunci ministru de interne). De ce \u00eens\u0103 ast\u0103zi \u201e<em>acele bra\u0163e s\u0103 lupte nu mai vor\u201d?<\/em> De ce nu mai suntem \u00een stare s\u0103 anihil\u0103m ni\u015fte adun\u0103turi dodoniste, care m\u0103r\u0219\u0103luiesc \u015fi minciunesc poporul prin ora\u015fele Basarabiei flutur\u00e2nd steaguri ro\u015fii \u015fi pancarte cu simboluri sataniste: steaua ro\u015fie a lui Dodon sau secera \u015fi ciocanul lui Voronin? \u201e<em>Nu vom permite ca \u00een ora\u015ful nostru drag <\/em>(Ia\u015fi \u2013 n.n.)<em> s\u0103 fluture alt steag dec\u00e2t falnicul nostru tricolor\u201d <\/em>declara \u00een anii 30\u2019 cunoscutul na\u0163ionalist Zelea Codreanu (se referea la tentativele unor for\u0163e de st\u00e2nga str\u0103ine Neamului s\u0103 m\u0103r\u0219\u0103luiasc\u0103 cu steaguri ro\u015fii pe str\u0103zile Ia\u015fului). De ce noi \u00eens\u0103 permitem ca \u00een ora\u015ful nostru drag s\u0103 fluture steaguri \u015fi pancarte ro\u015fii cu \u00eensemne sataniste. Zilele trecute posturile de televiziune ruse\u015fti puse \u00een slujba lui Dodon \u015fi Usat\u00e2i, declarau despre zeci de mii de protestatari, care au m\u0103r\u015f\u0103luit \u00een Ungheni, B\u0103l\u0163i \u015fi Cahul. Ei bine, de unde s\u0103 ei la Ungheni 10000 de manifestan\u0163i \u015fi to\u0163i prododoni\u015fti \u015fi antieuropeni, \u00een ora\u015ful aflat chiar la hotarul cu Uniunea European\u0103 \u015fi care beneficiaz\u0103 pe deplin de avantajele acestei vecin\u0103t\u0103\u0163i? Sau la Cahul? Minciuni gogonate. Problema e c\u0103 ei \u015ftiu cum s\u0103 exploateze la maxim \u00een folosul lor starea de lucruri, \u00een care se afl\u0103 aceast\u0103 fr\u00e2ntur\u0103 de popor.<\/p>\n<p style=\"text-align: justify;\"><strong>Pericolul e mare.<\/strong> Desigur sup\u0103ra\u0163i pe actuala guvernare, mai bine zis pe unii din exponen\u0163ii ei, sunt mul\u0163i. Au f\u0103cut multe g\u0103in\u0103rii. \u015ei eu am unele rezerve fa\u0163\u0103 de ei \u00eens\u0103 un lucru mi-e foarte clar: \u00een orice situa\u0163ie trebuie s\u0103 ne mi\u015fc\u0103m \u00eenainte pe c\u0103rarea european\u0103 trasat\u0103. Sta\u0163ionarea sau \u00eentoarcerea \u00eenapoi sunt mortale pentru noi acum c\u00e2nd ursul tocmai asta a\u015fteapt\u0103 s\u0103 ne re\u00eenghit\u0103. De ce noi, afl\u00e2ndu-ne pe muchie de cu\u0163it \u00eempin\u015fi de partidele &#8211; f\u0103c\u0103turi ruse\u015fti, continu\u0103m s\u0103 ne autobiciuim, folosind un anapoda tip de masochism. Televiziunile democrate (parc\u0103 ale noastre?) nu mai au acum alte subiecte pentru emisiunile lor dec\u00e2t despre oligarhii Plahotniuc \u015fi Filat \u015fi lupta cu aceast\u0103 mafie. Exist\u0103 \u015fi sus\u0163in\u0103tori ai acestor mari lupt\u0103tori cu mafia. Din p\u0103cate, unii dintre cei care odinioar\u0103 au fost activi, ne\u00een\u0163eleg\u00e2nd p\u00e2n\u0103 la cap\u0103t riscul la care este supus\u0103 aceast\u0103 fr\u00e2ntur\u0103 de popor acum, nu mai vor s\u0103 lupte, declar\u00e2nd c\u0103 \u201e\u2026<em>nu vor vota partidele de la guvernare care sunt pline de mafio\u0163i\u201d<\/em>. Nu cred c\u0103 e cea mai bun\u0103 solu\u0163ie. At\u00e2ta lupt\u0103 dus\u0103 p\u00e2n\u0103 acum \u015fi c\u00e2nd am ajuns foarte aproape de scop s\u0103 l\u0103s\u0103m m\u00e2inile \u00een jos, deschiz\u00e2ndu-le astfel drumul spre putere unor for\u0163e oculte. De asemenea, nu-i \u00een\u0163eleg pe bunii no\u015ftri p\u0103rin\u0163i \u015fi fra\u0163i de la \u0163ar\u0103. Eu le \u00een\u0163eleg perfect durerile, singur fiind venit de la \u0163ar\u0103 \u015fi \u015ftiu ce \u00eenseamn\u0103 munca la p\u0103m\u00e2nt: at\u00e2ta munc\u0103 depus\u0103 \u00een acest an \u015fi ce s-a ales din truda lor \u201e<em>de un an \u015fi o var\u0103\u201d<\/em>? Dar s\u0103 cazi at\u00e2t de u\u015for \u00een mrejele slugilor celora, din vina c\u0103rora ai nimerit \u00een aceast\u0103 situa\u0163ie, este chiar ridicol. Priveam cu c\u00e2t\u0103 satisfac\u0163ie aruncau \u00een pia\u0163\u0103 merele unii pseudo agricultori, instiga\u0163i de \u0163\u00e2ncani de-ai lui Dodon. S\u0103 nu \u00een\u0163eleag\u0103 ei c\u0103 \u00eentr-un astfel de partener cum este Rusia nu po\u0163i fi sigur \u00een ziua de m\u00e2ine. Nu po\u0163i fi sigur c\u0103 ceva nu l-ar sup\u0103ra poim\u00e2ine \u015fi nu va trebui iar\u0103\u015fi s\u0103 arunci merele \u00een drum.<\/p>\n<p style=\"text-align: justify;\">Mai exist\u0103 un aspect al politicii moldovene\u015fti actuale: \u00eencercarea guvernan\u0163ilor actuali de a face politic\u0103 curat\u0103. Premierul Iu. Leanc\u0103, primarul D. Chirtoac\u0103 caut\u0103 s\u0103 lucreze \u00een m\u0103nu\u015fi albe. A\u015fa ar fi corect \u00eentr-o societate civilizat\u0103. \u00cens\u0103 atunci c\u00e2nd \u00eei ai al\u0103turi drept concuren\u0163i pe alde Dodon, Usat\u00e2ii, Voronin, Mu\u015fuc, Petrenko \u015f.a. cum se poate lucra \u00een m\u0103nu\u015fi albe, oricum te murd\u0103re\u015fti. Din p\u0103cate \u00een acest col\u0163 de \u0163ar\u0103 politica se face prin metode murdare. Dodon declar\u0103 c\u0103 va m\u0103ri pensiile, aloca\u0163iile pentru na\u015fterea copilului, salariile, acordarea creditelor preferen\u0163iale tinerelor familii, \u00eenlesniri fermierilor prin redeschiderea pie\u0163elor ruse\u015fti. \u201e<em>Dodon a spus \u015fi noi \u00eel credem&#8230;\u201d<\/em> repet\u0103 sear\u0103 de sear\u0103 ni\u015fte zomba\u0163i \u00een clipurile electorale ale lui Dodon. \u015ei eu a\u015f dori s\u0103-l cred pe Dodon (e frumos ce spune) \u00eens\u0103 nu am cum s\u0103-l cred. \u00cemi pun \u00eentrebarea: de ce nu a f\u0103cut acest lucru atunci c\u00e2nd \u00eempreun\u0103 cu doamna Grecean\u00eei erau la guvernare, c\u00e2nd nimic nu le \u00eencurca. Embargourile la vinurile moldovene\u015fti pentru prima oar\u0103 au fost declarate \u00een a. 2006 c\u00e2nd ei se aflau la putere. Oare nu e clar c\u0103 Dodon este un mincinos, iar unii naivi \u00eel cred sau se fac a-l crede. Ceea ce nu minte e c\u0103 pe vremea guvern\u0103rii lui a adus bun\u0103stare, \u00eens\u0103 doar familiei sale, socialistul de ast\u0103zi Dodon devenind atunc un capitalist prosper.<\/p>\n<p style=\"text-align: justify;\">Parlamentul adopt\u0103 majorarea salariilor profesorilor din sistemul de educa\u0163ie cu 20% iar guvernul (\u00een\u0163eleg, din insuficien\u0163\u0103 de mijloace) reduce aceast\u0103 majorare la 10%. Nu se face a\u015fa \u00een plin\u0103 campanie electoral\u0103. De asemenea, dl D. Chirtoac\u0103 a demarat optimizarea transportului de pasageri \u00een Capital\u0103 (lucru strict necesar) \u015fi a declarat c\u0103 va merge p\u00e2n\u0103 la cap\u0103t chiar dac\u0103 l-ar costa voturile aleg\u0103torilor (dar noi nu dorim ca din aceast\u0103 cauz\u0103 \u00een locul lui s\u0103 vin\u0103 un mincinos care a f\u0103g\u0103duit multe). Nu cred c\u0103 aceast\u0103 reform\u0103 nu ar mai fi a\u015fteptat vreo dou\u0103 luni. Nu se fac astfel de ac\u0163iuni \u00een plin\u0103 campanie electoral\u0103 atunci c\u00e2nd \u015fi a\u015fa suntem pe muchia de cu\u0163it. <strong>Repet, pericolul e mare.<\/strong>Ce ar trebui s\u0103 facem noi cu to\u0163ii \u00een aceste ceva mai mult de dou\u0103 s\u0103pt\u0103m\u00e2ni c\u00e2t au mai r\u0103mas p\u00e2n\u0103 la alegeri pentru a evita acest pericol, pentru a contracara venirea la putere a lui Dodon, Usat\u00eei, Voronin, care ar \u00eensemna renun\u0163area la cursul proeuropean \u015fi re\u00eentoarcerea \u00een lag\u0103rul siberian. Spuneam ceva mai \u00eenainte c\u0103 n-ar fi r\u0103u s\u0103 fim pu\u0163in ca cecenii. Acum a\u015f spune altfel: n-ar fi r\u0103u s\u0103 fim pu\u0163in ca ucrainenii. Cum le-au \u015fters nasul ru\u015filor \u00een recentele alegeri! O \u0163ar\u0103 cu o minoritate \u00eensemnat\u0103 ruseasc\u0103 \u015fi cu profunde atitudini proruse\u015fti (ca \u00eentre fra\u0163i!) p\u00e2n\u0103 mai ieri ucrainenii au f\u0103cut o alegere at\u00e2t de bun\u0103, partidele pro ruse\u015fti lu\u00e2nd un num\u0103r infim de locuri \u00een parlament. Iar noi continu\u0103m s\u0103 vot\u0103m \u00een mas\u0103 satana. S\u0103 fie aceast\u0103 orbire caracteristic\u0103 tuturor rom\u00e2nilor? Priveam deun\u0103zi o hart\u0103 ap\u0103rut\u0103 dup\u0103 alegerile preziden\u0163iale din Rom\u00e2nia. O hart\u0103 la 2\/3 ro\u015fie cu secera \u015fi ciocanul, care reprezint\u0103 jude\u0163ele, \u00een care a c\u00e2\u015ftigat reprezentantul PSD Victor Ponta. Din p\u0103cate la aceasta au contribuit \u015fi basarabenii cu cet\u0103\u0163enie rom\u00e2n\u0103. Cum s-a \u00eent\u00e2mplat acest lucru? Rom\u00e2nismul \u00een Basarabia prin defini\u0163ie este opus st\u00e2ngii, care \u00een mare parte este alogen\u0103. \u00a0\u00a0Dac\u0103 ar fi f\u0103cut\u0103 o hart\u0103 a s\u0103r\u0103ciei \u00een Rom\u00e2nia ar fi aproximativ aceea\u015fi. S-a observat c\u0103 socialismul prinde acolo unde e s\u0103r\u0103cie.<\/p>\n<p style=\"text-align: justify;\">M\u0103 \u00eengrozesc la g\u00e2ndul c\u0103 dup\u0103 30 noiembrie noi am avea \u00een Republica Moldova aceea\u015fi situa\u0163ie \u015fi aceast\u0103 ro\u015fa\u0163\u0103 ar cuprinde \u015fi spa\u0163iul dintre Prut \u015fi Nistru. \u00cen cazul nostru situa\u0163ia e mult mai grea, fenomenul fiind alimentat \u015fi de sus\u0163inerea masiv\u0103 a Moscovei. Mereu suntem pu\u015fi \u00een situa\u0163ia eroului hamletian \u201e<em>A fi sau a nu fi\u201d.<\/em> Alegerea, pe care trebuie s\u0103 o fac\u0103 peste trei s\u0103pt\u0103m\u00e2ni aceast\u0103 a\u015fchie de popor rom\u00e2n: \u201e<em>A fi\u201d<\/em> \u00eenseamn\u0103 s\u0103 alegi Uniunea European\u0103. \u201e<em>A nu fi\u201d<\/em> \u00eenseamn\u0103 s\u0103 te \u00eentorci \u00eenapoi \u00een \u0163arcul rusesc, din care abia am ie\u015fit. De ce \u201e<em>Uniunea Vamal\u0103\u201d<\/em> \u00eenseamn\u0103 \u201e<em>A nu fi\u201d<\/em> pentru noi. Fiindc\u0103 are o Siberie unde ne va deporta ca \u015fi pe bunicii \u015fi p\u0103rin\u0163ii no\u015ftri \u00een momentul c\u00e2nd vom ie\u015fi din cuv\u00e2ntul \u0163arului. Fiindc\u0103 Rusia (ca \u015fi Rusia \u0163arist\u0103 din a. 1917) este pe cale de dezintegrare (spun acest lucru to\u0163i anali\u015ftii ru\u015fi treji la minte), care nu va fi una lini\u015ftit\u0103 ci va fi condus\u0103 de mai cataclisme sociale (ca \u015fi \u00een a. 1917. Atunci pe noi ne-a salvat de gr\u0103z\u0103viile r\u0103zboiului civil \u015fi foametei provocate de bol\u015fevici unirea cu \u0162ara). Fiindc\u0103 Rusia de ast\u0103zi este copia cele \u0163ariste (\u00een perioada sovietic\u0103 era mult mai camuflat\u0103) cu velicorusismul ei la nivel de politic\u0103 de stat.<\/p>\n<p style=\"text-align: right;\" align=\"right\"><strong><em>Valeriu Dulgheru<\/em><\/strong><\/p>\n","protected":false},"excerpt":{"rendered":"<p>\u201eNu dor nici luptele pierdute, \/nici r\u0103nile din piept nu dor. Cum dor acele bra\u0163e slute \/care s\u0103 lupte nu [&#038;hellip<\/p>\n","protected":false},"author":1,"featured_media":0,"comment_status":"closed","ping_status":"closed","sticky":false,"template":"","format":"standard","meta":{"footnotes":""},"categories":[3],"tags":[],"class_list":["post-19728","post","type-post","status-publish","format-standard","hentry","category-articole"],"_links":{"self":[{"href":"https:\/\/www.marianagurza.ro\/blog\/wp-json\/wp\/v2\/posts\/19728","targetHints":{"allow":["GET"]}}],"collection":[{"href":"https:\/\/www.marianagurza.ro\/blog\/wp-json\/wp\/v2\/posts"}],"about":[{"href":"https:\/\/www.marianagurza.ro\/blog\/wp-json\/wp\/v2\/types\/post"}],"author":[{"embeddable":true,"href":"https:\/\/www.marianagurza.ro\/blog\/wp-json\/wp\/v2\/users\/1"}],"replies":[{"embeddable":true,"href":"https:\/\/www.marianagurza.ro\/blog\/wp-json\/wp\/v2\/comments?post=19728"}],"version-history":[{"count":10,"href":"https:\/\/www.marianagurza.ro\/blog\/wp-json\/wp\/v2\/posts\/19728\/revisions"}],"predecessor-version":[{"id":19730,"href":"https:\/\/www.marianagurza.ro\/blog\/wp-json\/wp\/v2\/posts\/19728\/revisions\/19730"}],"wp:attachment":[{"href":"https:\/\/www.marianagurza.ro\/blog\/wp-json\/wp\/v2\/media?parent=19728"}],"wp:term":[{"taxonomy":"category","embeddable":true,"href":"https:\/\/www.marianagurza.ro\/blog\/wp-json\/wp\/v2\/categories?post=19728"},{"taxonomy":"post_tag","embeddable":true,"href":"https:\/\/www.marianagurza.ro\/blog\/wp-json\/wp\/v2\/tags?post=19728"}],"curies":[{"name":"wp","href":"https:\/\/api.w.org\/{rel}","templated":true}]}}