{"id":19761,"date":"2014-11-15T13:31:14","date_gmt":"2014-11-15T13:31:14","guid":{"rendered":"http:\/\/www.marianagurza.ro\/blog\/?p=19761"},"modified":"2014-11-15T13:31:14","modified_gmt":"2014-11-15T13:31:14","slug":"indemn-de-sfantul-ioan-iacob-hozevitul","status":"publish","type":"post","link":"https:\/\/www.marianagurza.ro\/blog\/2014\/11\/15\/indemn-de-sfantul-ioan-iacob-hozevitul\/","title":{"rendered":"\u00ceNDEMN de Sf\u00e2ntul Ioan Iacob Hozevitul"},"content":{"rendered":"<p style=\"text-align: center;\"><a href=\"http:\/\/www.marianagurza.ro\/blog\/wp-content\/uploads\/2014\/11\/iacob-hozevitul-2.jpg\"><img loading=\"lazy\" decoding=\"async\" class=\"size-medium wp-image-19762\" title=\"iacob hozevitul 2\" src=\"http:\/\/www.marianagurza.ro\/blog\/wp-content\/uploads\/2014\/11\/iacob-hozevitul-2-216x300.jpg\" alt=\"\" width=\"216\" height=\"300\" srcset=\"https:\/\/www.marianagurza.ro\/blog\/wp-content\/uploads\/2014\/11\/iacob-hozevitul-2-216x300.jpg 216w, https:\/\/www.marianagurza.ro\/blog\/wp-content\/uploads\/2014\/11\/iacob-hozevitul-2.jpg 445w\" sizes=\"auto, (max-width: 216px) 100vw, 216px\" \/><\/a><\/p>\n<p style=\"text-align: center;\">\n<p>\u00ceNDEMN<\/p>\n<p>&nbsp;<\/p>\n<p>Fii pribegi ai \u021b\u0103rii mele,<br \/>\nNecaji\u021bi \u00eentre str\u0103ini,<br \/>\nNu uita\u021bi menirea voastr\u0103<br \/>\nDe Rom\u00e2ni \u0219i de Cre\u0219tini.<\/p>\n<p>&nbsp;<\/p>\n<p>Legea noastr\u0103 str\u0103mo\u0219easc\u0103<br \/>\n\u0218i p\u0103m\u00e2ntul rom\u00e2nesc,<br \/>\nS-au p\u0103strat cu multe jertfe,<br \/>\nCare nu se pomenesc.<\/p>\n<p>&nbsp;<\/p>\n<p>\u00cen prigoanele p\u0103g\u00e2ne<br \/>\n\u0218i-n v\u00e2rtejul cel barbar<br \/>\nS\u00e2ngele curgea \u0219iroaie<br \/>\nPe al Patriei Altar.<\/p>\n<p>&nbsp;<\/p>\n<p>C\u00e2\u021bi nu mor pentru credin\u021b\u0103,<br \/>\nAp\u0103r\u00e2nd acest p\u0103m\u00e2nt,<br \/>\nOri prin aspra nevoin\u021b\u0103<br \/>\n\u0218tie numai Domnul sf\u00e2nt.<\/p>\n<p>&nbsp;<\/p>\n<p>Ca furtuna cea de veacuri<br \/>\nA cumpitului necaz,<br \/>\nNu-i lasa pe vii s\u0103 \u0219tearg\u0103<br \/>\nLacrima de pe obraz.<\/p>\n<p>&nbsp;<\/p>\n<p>Carturari n-au fost pe-atuncea<br \/>\nCa sa scrie viata lor.<br \/>\nAu in schimb in \u201d Cartea Vietii \u201c<br \/>\nNumele nemuritor !<\/p>\n<p>&nbsp;<\/p>\n<p style=\"text-align: center;\">Sf\u00e2ntul Ioan Iacob Hozevitul<\/p>\n","protected":false},"excerpt":{"rendered":"<p>\u00ceNDEMN &nbsp; Fii pribegi ai \u021b\u0103rii mele, Necaji\u021bi \u00eentre str\u0103ini, Nu uita\u021bi menirea voastr\u0103 De Rom\u00e2ni \u0219i de Cre\u0219tini. &nbsp; [&#038;hellip<\/p>\n","protected":false},"author":1,"featured_media":0,"comment_status":"closed","ping_status":"closed","sticky":false,"template":"","format":"standard","meta":{"footnotes":""},"categories":[3],"tags":[],"class_list":["post-19761","post","type-post","status-publish","format-standard","hentry","category-articole"],"_links":{"self":[{"href":"https:\/\/www.marianagurza.ro\/blog\/wp-json\/wp\/v2\/posts\/19761","targetHints":{"allow":["GET"]}}],"collection":[{"href":"https:\/\/www.marianagurza.ro\/blog\/wp-json\/wp\/v2\/posts"}],"about":[{"href":"https:\/\/www.marianagurza.ro\/blog\/wp-json\/wp\/v2\/types\/post"}],"author":[{"embeddable":true,"href":"https:\/\/www.marianagurza.ro\/blog\/wp-json\/wp\/v2\/users\/1"}],"replies":[{"embeddable":true,"href":"https:\/\/www.marianagurza.ro\/blog\/wp-json\/wp\/v2\/comments?post=19761"}],"version-history":[{"count":2,"href":"https:\/\/www.marianagurza.ro\/blog\/wp-json\/wp\/v2\/posts\/19761\/revisions"}],"predecessor-version":[{"id":19764,"href":"https:\/\/www.marianagurza.ro\/blog\/wp-json\/wp\/v2\/posts\/19761\/revisions\/19764"}],"wp:attachment":[{"href":"https:\/\/www.marianagurza.ro\/blog\/wp-json\/wp\/v2\/media?parent=19761"}],"wp:term":[{"taxonomy":"category","embeddable":true,"href":"https:\/\/www.marianagurza.ro\/blog\/wp-json\/wp\/v2\/categories?post=19761"},{"taxonomy":"post_tag","embeddable":true,"href":"https:\/\/www.marianagurza.ro\/blog\/wp-json\/wp\/v2\/tags?post=19761"}],"curies":[{"name":"wp","href":"https:\/\/api.w.org\/{rel}","templated":true}]}}