{"id":19770,"date":"2014-11-15T18:13:02","date_gmt":"2014-11-15T18:13:02","guid":{"rendered":"http:\/\/www.marianagurza.ro\/blog\/?p=19770"},"modified":"2014-11-15T18:17:11","modified_gmt":"2014-11-15T18:17:11","slug":"16-noiembrie-102-ani-de-la-nasterea-ieromonahului-adrian-fageteanu-cum-dobandim-pacea%e2%80%9d","status":"publish","type":"post","link":"https:\/\/www.marianagurza.ro\/blog\/2014\/11\/15\/16-noiembrie-102-ani-de-la-nasterea-ieromonahului-adrian-fageteanu-cum-dobandim-pacea%e2%80%9d\/","title":{"rendered":"16 noiembrie,  102 ani de la na\u0219terea Ieromonahului Adrian F\u0103ge\u021beanu. ,,Cum dob\u00e2ndim pacea?\u201d"},"content":{"rendered":"<p style=\"text-align: center;\"><img loading=\"lazy\" decoding=\"async\" id=\"irc_mi\" src=\"http:\/\/2.bp.blogspot.com\/-jbA7xfBZ91I\/ToyA70_sE9I\/AAAAAAAABuQ\/2M1z7IK3m4E\/s320\/pradrian-1.jpg\" alt=\"\" width=\"206\" height=\"320\" \/><\/p>\n<p style=\"text-align: justify;\"><strong>,,\u00cen primul r\u00e2nd, s\u0103 nu-i judec\u0103m pe al\u0163ii, s\u0103 nu ne compar\u0103m cu al\u0163ii, pentru c\u0103 rug\u0103ciunea fariseului: \u201e<em>Mul\u0163umescu-\u0162i \u0162ie, Doamne, c\u0103 nu-s ca acest vame\u015f<\/em>\u201d e rug\u0103ciune de m\u00e2ndrie, de dispre\u0163, \u015fi Dumnezeu n-a acceptat-o \u015fi a ajuns \u00een fundul iadului cel care dispre\u0163uia pe altul.<\/strong><\/p>\n<p style=\"text-align: justify;\">&#8211; <em>P\u0103rinte, cum dob\u00e2ndim pacea? R\u0103zboiul nev\u0103zut cum \u00eel \u00eenfrunt\u0103m mai bine?<\/em><\/p>\n<p style=\"text-align: justify;\">&#8211; \u00cen primul r\u00e2nd, s\u0103 nu-i judec\u0103m pe al\u0163ii, s\u0103 nu ne compar\u0103m cu al\u0163ii, pentru c\u0103 rug\u0103ciunea fariseului: \u201e<em>Mul\u0163umescu-\u0162i \u0162ie, Doamne, c\u0103 nu-s ca acest vame\u015f<\/em>\u201d e rug\u0103ciune de m\u00e2ndrie, de dispre\u0163, \u015fi Dumnezeu n-a acceptat-o \u015fi a ajuns \u00een fundul iadului cel care dispre\u0163uia pe altul. Trebuie s\u0103 ne rug\u0103m pentru to\u0163i. N-avem voie s\u0103 ne rug\u0103m pentru vr\u0103jma\u015fii lui Hristos, ci numai pentru vr\u0103jma\u015fii no\u015ftri. M\u00e2ntuitorul S-a rugat \u015fi pentru vr\u0103jma\u015fii Lui: \u201e<em>Iart\u0103-i, Doamne, c\u0103 nu \u015ftiu ce fac!<\/em>\u201d. Dar Iuda \u015fi to\u0163i cei din sinagoga satanei \u015ftiau ce fac. M\u00e2ntuitorul S-a rugat pentru cei ce nu \u015ftiu ce fac, nu-\u015fi dau seama.\u201d<\/p>\n<p style=\"text-align: justify;\">(<strong>P\u0103rintele Adrian F\u0103ge\u0163eanu<\/strong>, <em>Via\u0163a mea. M\u0103rturia mea<\/em>, Interviuri de Andrei D\u00e2rl\u0103u, volum coordonat de Ciprian Voicil\u0103, Editura Areopag, Bucure\u0219ti, 2011, p. 77)<\/p>\n","protected":false},"excerpt":{"rendered":"<p>,,\u00cen primul r\u00e2nd, s\u0103 nu-i judec\u0103m pe al\u0163ii, s\u0103 nu ne compar\u0103m cu al\u0163ii, pentru c\u0103 rug\u0103ciunea fariseului: \u201eMul\u0163umescu-\u0162i \u0162ie, [&#038;hellip<\/p>\n","protected":false},"author":1,"featured_media":0,"comment_status":"closed","ping_status":"closed","sticky":false,"template":"","format":"standard","meta":{"footnotes":""},"categories":[3],"tags":[],"class_list":["post-19770","post","type-post","status-publish","format-standard","hentry","category-articole"],"_links":{"self":[{"href":"https:\/\/www.marianagurza.ro\/blog\/wp-json\/wp\/v2\/posts\/19770","targetHints":{"allow":["GET"]}}],"collection":[{"href":"https:\/\/www.marianagurza.ro\/blog\/wp-json\/wp\/v2\/posts"}],"about":[{"href":"https:\/\/www.marianagurza.ro\/blog\/wp-json\/wp\/v2\/types\/post"}],"author":[{"embeddable":true,"href":"https:\/\/www.marianagurza.ro\/blog\/wp-json\/wp\/v2\/users\/1"}],"replies":[{"embeddable":true,"href":"https:\/\/www.marianagurza.ro\/blog\/wp-json\/wp\/v2\/comments?post=19770"}],"version-history":[{"count":3,"href":"https:\/\/www.marianagurza.ro\/blog\/wp-json\/wp\/v2\/posts\/19770\/revisions"}],"predecessor-version":[{"id":19773,"href":"https:\/\/www.marianagurza.ro\/blog\/wp-json\/wp\/v2\/posts\/19770\/revisions\/19773"}],"wp:attachment":[{"href":"https:\/\/www.marianagurza.ro\/blog\/wp-json\/wp\/v2\/media?parent=19770"}],"wp:term":[{"taxonomy":"category","embeddable":true,"href":"https:\/\/www.marianagurza.ro\/blog\/wp-json\/wp\/v2\/categories?post=19770"},{"taxonomy":"post_tag","embeddable":true,"href":"https:\/\/www.marianagurza.ro\/blog\/wp-json\/wp\/v2\/tags?post=19770"}],"curies":[{"name":"wp","href":"https:\/\/api.w.org\/{rel}","templated":true}]}}