{"id":19908,"date":"2014-11-28T15:44:10","date_gmt":"2014-11-28T15:44:10","guid":{"rendered":"http:\/\/www.marianagurza.ro\/blog\/?p=19908"},"modified":"2014-11-28T15:44:57","modified_gmt":"2014-11-28T15:44:57","slug":"ben-todica-artur-silvestri-vesnica-aducere-aminte","status":"publish","type":"post","link":"https:\/\/www.marianagurza.ro\/blog\/2014\/11\/28\/ben-todica-artur-silvestri-vesnica-aducere-aminte\/","title":{"rendered":"Ben Todic\u0103: Artur Silvestri, ve\u0219nic\u0103 aducere aminte"},"content":{"rendered":"<p style=\"text-align: center;\"><a href=\"http:\/\/www.marianagurza.ro\/blog\/wp-content\/uploads\/2014\/11\/a-silvestri21.jpg\"><img loading=\"lazy\" decoding=\"async\" class=\"size-full wp-image-19909\" title=\"a-silvestri2\" src=\"http:\/\/www.marianagurza.ro\/blog\/wp-content\/uploads\/2014\/11\/a-silvestri21.jpg\" alt=\"\" width=\"176\" height=\"211\" \/><\/a><\/p>\n<p style=\"text-align: center;\"><strong>Artur Silvestri<\/strong><\/p>\n<p style=\"text-align: center;\">19 Martie 1953 \u2013 30 Noiembrie 2008<\/p>\n<p style=\"text-align: justify;\">Artur Silvestri a venit ca un fulger \u0219i a st\u00e2rnit teama \u00een du\u0219manii Rom\u00e2niei, iar \u00een rom\u00e2ni m\u00e2ndrie \u0219i drag pentru cultura rom\u00e2n\u0103, pentru patrimoniul na\u021bional, comori care ne legitimeaz\u0103 ca na\u021biune \u0219i ca proprietari ai acestor locuri. Direc\u021bia lui a pus pe g\u00e2nduri vestul care deja \u00eensp\u0103im\u00e2ntat de ideia parteneriatului cu Rom\u00e2nia, o \u021bar\u0103 care s-a dovedit at\u00e2t de u\u0219or adaptabil\u0103, trec\u00e2nd cu u\u0219urin\u021b\u0103 de la o \u021bar\u0103 cu profil \u021b\u0103r\u0103nesc-agricol la una de industrie avansat\u0103, aliniat\u0103 cu primele \u021b\u0103ri din lume \u0219i la un pas de arma nuclear\u0103, care i-ar fi asigurat loc la masa puterilor lumii, toate la un loc dovedind for\u021ba \u0219i capacitatea acestui neam. To\u021bi ar fi vrut-o subjugat\u0103, demontat\u0103 \u0219i \u00eemp\u0103r\u021bit\u0103, jefuit\u0103 \u0219i \u00eenrobit\u0103. Artur Silvestri a \u00een\u021beles pericolul care se pr\u0103v\u0103lea asupra \u021b\u0103rii \u0219i viguros a investit \u00een promovarea literaturii rom\u00e2ne \u0219i a talentului neglijat de golul creat de dup\u0103 revolu\u021bie. Artur Silvestri precum Moise a avut revela\u021bia scoaterii neamului de sub v\u0103lul negru a lui Ramses care amenin\u021ba identitatea rom\u00e2nului. A hot\u0103r\u00e2t s\u0103 ridice \u0219i s\u0103 promoveze talentul \u0219i valorile literare din toate col\u021burile lumii, s\u0103 \u00eempleteasc\u0103 \u0219i s\u0103 \u00eempl\u00e2nte ad\u00e2nc r\u0103d\u0103cinile, s\u0103 apere \u0219i s\u0103 conserve istoria \u0219i monumentele neamului, lucru care i-a deranjat pe cei \u00eempotriv\u0103. \u00cens\u0103, Artur s-a \u00eemboln\u0103vit brusc \u0219i tot at\u00e2t de fulger\u0103tor precum a venit \u00een via\u021ba noastr\u0103 ne-a p\u0103r\u0103sit \u00eentr-unul din spitalele Vienei. Se \u00eemplinesc anul acesta \u0219ase ani de c\u00e2nd a plecat \u00een eternitate.<\/p>\n<p style=\"text-align: justify;\">\u00cei datorez momente de neuitat acestui brav rom\u00e2n.<\/p>\n<p>Odihneasc\u0103-se \u00een pace!<\/p>\n<p>&nbsp;<\/p>\n<p style=\"text-align: right;\">Ben Todic\u0103<\/p>\n<p style=\"text-align: right;\">Melbourne, Australia<\/p>\n","protected":false},"excerpt":{"rendered":"<p>Artur Silvestri 19 Martie 1953 \u2013 30 Noiembrie 2008 Artur Silvestri a venit ca un fulger \u0219i a st\u00e2rnit teama [&#038;hellip<\/p>\n","protected":false},"author":1,"featured_media":0,"comment_status":"closed","ping_status":"closed","sticky":false,"template":"","format":"standard","meta":{"footnotes":""},"categories":[3],"tags":[],"class_list":["post-19908","post","type-post","status-publish","format-standard","hentry","category-articole"],"_links":{"self":[{"href":"https:\/\/www.marianagurza.ro\/blog\/wp-json\/wp\/v2\/posts\/19908","targetHints":{"allow":["GET"]}}],"collection":[{"href":"https:\/\/www.marianagurza.ro\/blog\/wp-json\/wp\/v2\/posts"}],"about":[{"href":"https:\/\/www.marianagurza.ro\/blog\/wp-json\/wp\/v2\/types\/post"}],"author":[{"embeddable":true,"href":"https:\/\/www.marianagurza.ro\/blog\/wp-json\/wp\/v2\/users\/1"}],"replies":[{"embeddable":true,"href":"https:\/\/www.marianagurza.ro\/blog\/wp-json\/wp\/v2\/comments?post=19908"}],"version-history":[{"count":3,"href":"https:\/\/www.marianagurza.ro\/blog\/wp-json\/wp\/v2\/posts\/19908\/revisions"}],"predecessor-version":[{"id":19911,"href":"https:\/\/www.marianagurza.ro\/blog\/wp-json\/wp\/v2\/posts\/19908\/revisions\/19911"}],"wp:attachment":[{"href":"https:\/\/www.marianagurza.ro\/blog\/wp-json\/wp\/v2\/media?parent=19908"}],"wp:term":[{"taxonomy":"category","embeddable":true,"href":"https:\/\/www.marianagurza.ro\/blog\/wp-json\/wp\/v2\/categories?post=19908"},{"taxonomy":"post_tag","embeddable":true,"href":"https:\/\/www.marianagurza.ro\/blog\/wp-json\/wp\/v2\/tags?post=19908"}],"curies":[{"name":"wp","href":"https:\/\/api.w.org\/{rel}","templated":true}]}}