{"id":19972,"date":"2014-12-01T12:03:58","date_gmt":"2014-12-01T12:03:58","guid":{"rendered":"http:\/\/www.marianagurza.ro\/blog\/?p=19972"},"modified":"2014-12-01T19:11:15","modified_gmt":"2014-12-01T19:11:15","slug":"marea-unire-de-la-1-decembrie-1918","status":"publish","type":"post","link":"https:\/\/www.marianagurza.ro\/blog\/2014\/12\/01\/marea-unire-de-la-1-decembrie-1918\/","title":{"rendered":"Nicolae Iorga: Marea Unire de la 1 decembrie 1918"},"content":{"rendered":"<p style=\"text-align: center;\"><a href=\"http:\/\/www.marianagurza.ro\/blog\/wp-content\/uploads\/2014\/12\/Marea-Unire.jpg\"><img loading=\"lazy\" decoding=\"async\" class=\"size-medium wp-image-19973\" title=\"Marea-Unire\" src=\"http:\/\/www.marianagurza.ro\/blog\/wp-content\/uploads\/2014\/12\/Marea-Unire-300x211.jpg\" alt=\"\" width=\"300\" height=\"211\" srcset=\"https:\/\/www.marianagurza.ro\/blog\/wp-content\/uploads\/2014\/12\/Marea-Unire-300x211.jpg 300w, https:\/\/www.marianagurza.ro\/blog\/wp-content\/uploads\/2014\/12\/Marea-Unire.jpg 670w\" sizes=\"auto, (max-width: 300px) 100vw, 300px\" \/><\/a><\/p>\n<p style=\"text-align: justify;\">\u201dUnirea na\u0163ional-politic\u0103, de la anul 1918, nu se cuvine s\u0103 fie \u00eenf\u0103\u0163i\u015fat\u0103, nici m\u0103car \u00een parte, ca un dar, cobor\u00e2t asupra neamului rom\u00e2nesc din \u00eencrederea \u015fi simpatia lumii civilizate, nici ca o alc\u0103tuire \u00eent\u00e2mpl\u0103toare, r\u0103s\u0103rit\u0103 din gre\u015felile du\u015fmanilor de veacuri. Chiar dac\u0103 asemenea gre\u015feli nu s-ar fi s\u0103v\u00e2r\u015fit niciodat\u0103 \u00eempotriva rom\u00e2nilor subjuga\u0163i de-a lungul veacurilor de st\u0103p\u00e2nire ungureasc\u0103, austriac\u0103 sau ruseasc\u0103, st\u0103p\u00e2nirile acestea nedrepte ar fi trebuit s\u0103 se dezumfle \u015fi mic\u015foreze \u00eendat\u0103 ce dreptul tuturor popoarelor de a-\u015fi croi soarta dup\u0103 buna lor pricepere a izbutit a se \u00een\u0103l\u0163a la treapta de putere hot\u0103r\u00e2toare \u00een noua \u00eentocmire a a\u015fez\u0103m\u00e2ntului de pace european\u0103. De aceea, Unirea rom\u00e2nilor trebuie \u00eenf\u0103\u0163i\u015fat\u0103 totdeauna &#8211; potrivit adev\u0103rului &#8211; ca urmarea fireasc\u0103 a unei preg\u0103tiri istorice de sute de ani, \u00een cursul c\u0103rora acest popor de eroi \u015fi de mucenici a izbutit s\u0103-\u015fi apere cu uimitoare st\u0103ruin\u0163\u0103 &#8221; s\u0103r\u0103cia \u015fi nevoile \u015fi neamul&#8221;, r\u0103m\u00e2n\u00e2nd \u00eempotriva, tuturor n\u0103v\u0103lirilor barbare \u015fi vremelnicelor st\u0103p\u00e2niri str\u0103ine, \u00een cea mai str\u00e2ns\u0103 leg\u0103tur\u0103 cu p\u0103m\u00e2ntul str\u0103mo\u015fesc \u00een care, ca \u00eentr-un liman de m\u00e2ntuire, \u015fi-a putut ad\u0103posti traiul de-a lungul vremilor de urgie.\u201d<\/p>\n<p style=\"text-align: right;\"><strong>Nicolae Iorga<\/strong><\/p>\n","protected":false},"excerpt":{"rendered":"<p>\u201dUnirea na\u0163ional-politic\u0103, de la anul 1918, nu se cuvine s\u0103 fie \u00eenf\u0103\u0163i\u015fat\u0103, nici m\u0103car \u00een parte, ca un dar, cobor\u00e2t [&#038;hellip<\/p>\n","protected":false},"author":1,"featured_media":0,"comment_status":"closed","ping_status":"closed","sticky":false,"template":"","format":"standard","meta":{"footnotes":""},"categories":[3],"tags":[],"class_list":["post-19972","post","type-post","status-publish","format-standard","hentry","category-articole"],"_links":{"self":[{"href":"https:\/\/www.marianagurza.ro\/blog\/wp-json\/wp\/v2\/posts\/19972","targetHints":{"allow":["GET"]}}],"collection":[{"href":"https:\/\/www.marianagurza.ro\/blog\/wp-json\/wp\/v2\/posts"}],"about":[{"href":"https:\/\/www.marianagurza.ro\/blog\/wp-json\/wp\/v2\/types\/post"}],"author":[{"embeddable":true,"href":"https:\/\/www.marianagurza.ro\/blog\/wp-json\/wp\/v2\/users\/1"}],"replies":[{"embeddable":true,"href":"https:\/\/www.marianagurza.ro\/blog\/wp-json\/wp\/v2\/comments?post=19972"}],"version-history":[{"count":5,"href":"https:\/\/www.marianagurza.ro\/blog\/wp-json\/wp\/v2\/posts\/19972\/revisions"}],"predecessor-version":[{"id":19975,"href":"https:\/\/www.marianagurza.ro\/blog\/wp-json\/wp\/v2\/posts\/19972\/revisions\/19975"}],"wp:attachment":[{"href":"https:\/\/www.marianagurza.ro\/blog\/wp-json\/wp\/v2\/media?parent=19972"}],"wp:term":[{"taxonomy":"category","embeddable":true,"href":"https:\/\/www.marianagurza.ro\/blog\/wp-json\/wp\/v2\/categories?post=19972"},{"taxonomy":"post_tag","embeddable":true,"href":"https:\/\/www.marianagurza.ro\/blog\/wp-json\/wp\/v2\/tags?post=19972"}],"curies":[{"name":"wp","href":"https:\/\/api.w.org\/{rel}","templated":true}]}}